{"id":10259,"date":"2026-08-31T08:49:28","date_gmt":"2026-08-31T08:49:28","guid":{"rendered":"https:\/\/ww2.sanatlarandevu.com\/?p=10259"},"modified":"2026-08-31T08:49:28","modified_gmt":"2026-08-31T08:49:28","slug":"sanat-bir-meta-oldugunda-altin-cagin-sanat-pazari","status":"publish","type":"post","link":"https:\/\/www.sanatlarandevu.com\/?p=10259","title":{"rendered":"Sanat Bir Meta Oldu\u011funda: Alt\u0131n \u00c7a\u011f\u2019\u0131n Sanat Pazar\u0131"},"content":{"rendered":"<p class=\"p3\">Avrupa\u2019n\u0131n geri kalan\u0131nda ressamlar b\u00fcy\u00fck \u00f6l\u00e7\u00fcde kilise ya da saray sipari\u015fleriyle \u00e7al\u0131\u015f\u0131rken Hollanda Cumhuriyeti\u2019nde bamba\u015fka bir sistem i\u015fliyordu: A\u00e7\u0131k pazar. Amsterdam\u2019daki Sint-Lucasgilde (Aziz Lukas Loncas\u0131), ressamlar\u0131, \u00e7er\u00e7evecileri ve sanat tacirlerini ayn\u0131 \u00e7at\u0131 alt\u0131nda toplayan, kaliteyi ve fiyatlar\u0131 belli \u00f6l\u00e7\u00fcde denetleyen bir meslek birli\u011fiydi. Ressamlar art\u0131k yaln\u0131zca sanat\u00e7\u0131 de\u011fil, ayn\u0131 zamanda birer \u00fcretici ve esnaft\u0131; tablolar\u0131n\u0131 panay\u0131rlarda, d\u00fckk\u00e2nlarda, hatta piyango benzeri a\u00e7\u0131k art\u0131rmalarda satabiliyorlard\u0131.<\/p>\n<p class=\"p3\">Bu serbest pazar\u0131n en \u00e7arp\u0131c\u0131 \u00f6rneklerinden biri, ironik bi\u00e7imde, Rembrandt\u2019\u0131n kendi hayat\u0131nda ya\u015fand\u0131. Sanat\u00e7\u0131 yaln\u0131zca resim yapmakla kalm\u0131yor, ayn\u0131 zamanda tutkulu bir koleksiyonerdi: antik heykeller, deniz kabuklar\u0131, silahlar, Uzak Do\u011fu\u2019dan gelen nadide e\u015fyalar ve meslekta\u015flar\u0131n\u0131n eserleriyle dolu bir ev biriktirmi\u015fti. Bu doymak bilmeyen koleksiyonculuk tutkusu, 1656 y\u0131l\u0131nda iflas\u0131n\u0131 ilan etmek zorunda kalmas\u0131n\u0131n ba\u015fl\u0131ca nedenlerinden biri oldu. Rembrandt\u2019\u0131n hik\u00e2yesi, Alt\u0131n \u00c7a\u011f\u2019da sanat\u0131n yaln\u0131zca yarat\u0131lan de\u011fil, ayn\u0131 zamanda biriktirilen, al\u0131n\u0131p sat\u0131lan bir de\u011fer oldu\u011funu g\u00f6steren en \u00e7arp\u0131c\u0131 \u00f6rneklerden biri.<\/p>\n<p class=\"p1\"><b>G\u00fcndelik Hayat\u0131n Ressamlar\u0131: Frans Hals ve Jan Steen<\/b><b><\/b><\/p>\n<p class=\"p3\">Rijksmuseum\u2019un Onur Galerisi\u2019nde Rembrandt ve Vermeer\u2019in eserlerinin yan\u0131nda duran, ama genellikle onlar\u0131n g\u00f6lgesinde kalan iki isim var: Frans Hals ve Jan Steen. Haarlem\u2019de ya\u015fayan Frans Hals, h\u0131zl\u0131 ve neredeyse rastgele g\u00f6r\u00fcnen f\u0131r\u00e7a darbeleriyle tan\u0131n\u0131rd\u0131; fig\u00fcrlerinin y\u00fcz\u00fcnde yakalad\u0131\u011f\u0131 o anl\u0131k g\u00fcl\u00fcmseme ya da ka\u00e7amak bak\u0131\u015f, d\u00f6nemin di\u011fer portre ressamlar\u0131n\u0131n kat\u0131, resm\u00ee \u00fcslubundan tamamen kopuyordu. Rijksmuseum\u2019da sergilenen \u201cNe\u015feli \u0130\u00e7ici\u201d (De Vrolijke Drinker) adl\u0131 tablosu, bu canl\u0131 ve do\u011fa\u00e7lama hissi en iyi yans\u0131tan eserlerinden biri.<\/p>\n<p class=\"p3\">Jan Steen ise tam anlam\u0131yla g\u00fcndelik ya\u015fam\u0131n, hatta kaosun ressam\u0131yd\u0131. Kalabal\u0131k aile toplant\u0131lar\u0131, ta\u015fk\u0131n meyhane sahneleri, yaramaz \u00e7ocuklar ve devrilmi\u015f kadehlerle dolu tablolar\u0131 o kadar tan\u0131nd\u0131 ki, Hollandaca\u2019da bug\u00fcn h\u00e2l\u00e2 kullan\u0131lan \u201ceen huishouden van Jan Steen\u201d (bir Jan Steen hanesi) deyimi, da\u011f\u0131n\u0131k ve karga\u015fal\u0131 bir evi tarif etmek i\u00e7in kullan\u0131l\u0131yor. Steen\u2019in resimleri kaotik g\u00f6r\u00fcnse de genellikle alt\u0131nda bir ahlaki uyar\u0131 ta\u015f\u0131rd\u0131: a\u015f\u0131r\u0131l\u0131\u011f\u0131n, sorumsuzlu\u011fun sonu\u00e7lar\u0131na dair Kalvinist bir \u00f6\u011f\u00fct. B\u00f6ylece mizah ile ahlak dersi, ayn\u0131 tuval \u00fczerinde ustaca bir araya geliyordu.<\/p>\n<p class=\"p1\"><b>Susturulmu\u015f Nesnelerin Hik\u00e2yesi: Nat\u00fcrmort ve K\u00fcresel Ticaret<\/b><b><\/b><\/p>\n<p class=\"p3\">Bir Hollanda nat\u00fcrmortuna yak\u0131ndan bakmak, asl\u0131nda 17. y\u00fczy\u0131l\u0131n k\u00fcresel ticaret haritas\u0131na bakmakt\u0131r. \u00c7in porseleni, Osmanl\u0131 hal\u0131lar\u0131, Karayipler\u2019den gelen limon, Balt\u0131k\u2019tan gelen g\u00fcm\u00fc\u015f tepsi, Hint Okyanusu\u2019ndan gelen sedef kabuklar\u2026 Bu nesneler, VOC\u2019un (Hollanda Do\u011fu Hindistan \u015eirketi) gemileriyle d\u00fcnyan\u0131n d\u00f6rt bir yan\u0131ndan Amsterdam liman\u0131na ta\u015f\u0131nan zenginli\u011fin sofraya yans\u0131mas\u0131yd\u0131. Bir nat\u00fcrmort tablosu sat\u0131n almak, ayn\u0131 zamanda al\u0131c\u0131n\u0131n d\u00fcnyaya a\u00e7\u0131kl\u0131\u011f\u0131n\u0131 ve servetini g\u00f6steren sessiz bir stat\u00fc beyan\u0131yd\u0131.<\/p>\n<p class=\"p3\">Ama bu bolluk sahnelerinin \u00e7o\u011funun alt\u0131nda bir \u201cvanitas\u201d mesaj\u0131 gizliydi: yar\u0131 soyulmu\u015f bir limon, saatler i\u00e7inde kararan bir istiridye, s\u00f6nmeye y\u00fcz tutmu\u015f bir mum ya da bir kafatas\u0131, t\u00fcm bu d\u00fcnyevi zenginli\u011fin ge\u00e7icili\u011fini hat\u0131rlat\u0131rd\u0131. Kalvinist bir toplumda bu ikili anlam, hem l\u00fcks\u00fc sergilemeyi hem de ona kar\u015f\u0131 ahlaki bir mesafe koymay\u0131 m\u00fcmk\u00fcn k\u0131l\u0131yordu. Program\u0131m\u0131z\u0131n ilk g\u00fcn\u00fcnde ziyaret etti\u011fimiz Bloemenmarkt\u2019taki lale so\u011fanlar\u0131 da bu hik\u00e2yenin bir par\u00e7as\u0131: 1630\u2019lar\u0131n \u00fcnl\u00fc \u201clale \u00e7\u0131lg\u0131nl\u0131\u011f\u0131\u201d, nat\u00fcrmort ressamlar\u0131n\u0131n en sevdi\u011fi motiflerden birini, ayn\u0131 zamanda d\u00f6nemin spek\u00fclatif ekonomisinin de sembol\u00fcne d\u00f6n\u00fc\u015ft\u00fcrm\u00fc\u015ft\u00fc.<\/p>\n<p class=\"p1\"><b>Ta\u015f\u0131n ve Suyun Mimarisi: Kanal Evleri ve Kentsel Tasar\u0131m<\/b><b><\/b><\/p>\n<p class=\"p3\">17. y\u00fczy\u0131lda Amsterdam, h\u0131zla b\u00fcy\u00fcyen n\u00fcfusunu bar\u0131nd\u0131rmak i\u00e7in kentini \u00fc\u00e7 yar\u0131m daire bi\u00e7iminde kanalla \u00e7evirdi: Herengracht, Keizersgracht ve Prinsengracht. Bug\u00fcn \u201cGrachtengordel\u201d (Kanal Ku\u015fa\u011f\u0131) olarak bilinen ve 2010\u2019dan bu yana UNESCO D\u00fcnya Miras\u0131 Listesi\u2019nde yer alan bu alan, d\u00f6nemin kentsel tasar\u0131m anlay\u0131\u015f\u0131n\u0131n en etkileyici \u00f6rneklerinden biri. Arsa vergisinin cephe geni\u015fli\u011fine g\u00f6re hesaplanmas\u0131, mimarlar\u0131 dar ama derin evler tasarlamaya itti; bu y\u00fczden kanal evleri genellikle birka\u00e7 metre geni\u015fli\u011finde, arkaya do\u011fru uzayan yap\u0131lar olarak y\u00fckseldi.<\/p>\n<p class=\"p3\">Bu dar cepheler aras\u0131nda e\u015fya ta\u015f\u0131mak neredeyse imk\u00e2ns\u0131z oldu\u011fundan, her evin \u00e7at\u0131s\u0131na bir kald\u0131rma kancas\u0131 (hijsbalk) yerle\u015ftirildi; bug\u00fcn h\u00e2l\u00e2 pek \u00e7ok kanal evinin en \u00fcst kat\u0131nda g\u00f6r\u00fclebilen bu kancalar, mobilyalar\u0131n pencereden halatla yukar\u0131 \u00e7ekilmesini sa\u011fl\u0131yordu. S\u00fcsl\u00fc al\u0131nl\u0131klar (gable), t\u00fcccar ailelerin servetini ve zevkini sergiledi\u011fi birer imza haline geldi. Program\u0131m\u0131z\u0131n ilk g\u00fcn\u00fc Dam Meydan\u0131\u2019ndan ba\u015flay\u0131p kanallar boyunca y\u00fcr\u00fcrken, asl\u0131nda bu vergi sisteminin, ticaret k\u00fclt\u00fcr\u00fcn\u00fcn ve estetik rekabetin \u015fekillendirdi\u011fi bir mimari miras\u0131n i\u00e7inden ge\u00e7iyoruz. Begijnhof ise bu resmin tam tersini g\u00f6steriyor: 14. y\u00fczy\u0131ldan kalma, kanal ku\u015fa\u011f\u0131n\u0131n g\u00f6steri\u015fli \u00f6l\u00e7e\u011finden tamamen ba\u011f\u0131ms\u0131z, sessiz ve mahrem bir manast\u0131r avlusu.<\/p>\n<p class=\"p1\"><b>G\u00f6r\u00fcnenin \u00d6tesi: Rembrandt\u2019\u0131n \u00d6\u011frencisinden Bir Sanat Teorisi<\/b><b><\/b><\/p>\n<p class=\"p3\">Alt\u0131n \u00c7a\u011f\u2019\u0131n sanat\u0131 yaln\u0131zca f\u0131r\u00e7a darbeleriyle de\u011fil, kalemle de \u015fekillendi. Rembrandt\u2019\u0131n \u00f6\u011frencilerinden Samuel van Hoogstraten (1627-1678), d\u00f6nemin en \u00f6nemli sanat teorisyenlerinden biriydi. 1678\u2019de yay\u0131mlad\u0131\u011f\u0131 \u201cInleyding tot de Hooge Schoole der Schilderkonst\u201d (Resim Sanat\u0131n\u0131n Y\u00fcksek Okuluna Giri\u015f) adl\u0131 kitab\u0131nda, resmin zanaat de\u011fil bir d\u00fc\u015f\u00fcnce ve bilgi bi\u00e7imi oldu\u011funu savunarak ressaml\u0131\u011f\u0131 entelekt\u00fcel bir u\u011fra\u015f olarak me\u015frula\u015ft\u0131rmaya \u00e7al\u0131\u015ft\u0131.<\/p>\n<p class=\"p3\">Van Hoogstraten ayn\u0131 zamanda \u201cperspektif kutular\u0131\u201d (peepshow box) ad\u0131 verilen, izleyicinin k\u00fc\u00e7\u00fck bir delikten bakt\u0131\u011f\u0131nda kar\u015f\u0131s\u0131nda ger\u00e7ek bir oda varm\u0131\u015f hissine kap\u0131ld\u0131\u011f\u0131 ola\u011fan\u00fcst\u00fc ill\u00fczyonist yap\u0131tlar\u0131yla tan\u0131n\u0131r. Bu kutular, d\u00f6nemin ressamlar\u0131n\u0131n perspektif, optik ve alg\u0131 \u00fczerine ne denli derin bir merak ta\u015f\u0131d\u0131\u011f\u0131n\u0131 g\u00f6steriyor; Vermeer\u2019in \u0131\u015f\u0131\u011f\u0131 neredeyse fotografik bir hassasiyetle yakalamas\u0131n\u0131n ard\u0131nda da benzer bir optik merakl\u0131l\u0131\u011f\u0131n izleri var. Bir bak\u0131ma bu isimler, tuval \u00fczerindeki her \u201cger\u00e7ek\u00e7i\u201d an\u0131n asl\u0131nda ne kadar kurgulanm\u0131\u015f, ne kadar teorik bir d\u00fc\u015f\u00fcnme s\u00fcrecinin \u00fcr\u00fcn\u00fc oldu\u011funu hat\u0131rlat\u0131yor.<\/p>\n<p class=\"p1\"><b>Sessiz Bir Nota: Ev \u0130\u00e7i Ya\u015famda M\u00fczik<\/b><b><\/b><\/p>\n<p class=\"p3\">Alt\u0131n \u00c7a\u011f\u2019\u0131n burjuva evlerinde resim kadar m\u00fczik de \u00f6nemli bir yer tutuyordu. Lut, d\u00f6nemin en pop\u00fcler ev enstr\u00fcmanlar\u0131ndan biriydi; hem kibar bir e\u011flence arac\u0131 hem de gen\u00e7 kad\u0131n-erkek ili\u015fkilerinin, kur yapman\u0131n sembolik bir dili olarak genre resimlerinde s\u0131k\u00e7a kar\u015f\u0131m\u0131za \u00e7\u0131kar. Bir kad\u0131n\u0131n lut \u00e7alarken resmedilmesi \u00e7o\u011fu zaman uyumu ve zarafeti simgelerken, kopuk bir tel ya da yanl\u0131\u015f akort edilmi\u015f bir enstr\u00fcman, ahlaki bir uyumsuzlu\u011fa i\u015faret edebilirdi.<\/p>\n<p class=\"p3\">Vermeer\u2019in bir\u00e7ok tablosunda g\u00f6rd\u00fc\u011f\u00fcm\u00fcz virjinal (bir t\u00fcr klavikord) ve lut gibi enstr\u00fcmanlar, yaln\u0131zca birer dekor de\u011fil, d\u00f6nemin ev i\u00e7i ya\u015fam k\u00fclt\u00fcr\u00fcn\u00fcn ve toplumsal ili\u015fkilerinin de birer aynas\u0131yd\u0131. Bu k\u00fc\u00e7\u00fck ayr\u0131nt\u0131, Delft\u2019in sessiz sokaklar\u0131nda ya da bir kanal evinin salonunda ge\u00e7en bir \u00f6\u011fleden sonran\u0131n, asl\u0131nda ne kadar katmanl\u0131 bir k\u00fclt\u00fcrel kod ta\u015f\u0131d\u0131\u011f\u0131n\u0131 g\u00f6steriyor.<\/p>\n<p class=\"p1\"><b>Bir \u015eehri Katman Katman Okumak<\/b><b><\/b><\/p>\n<p class=\"p3\">Rembrandt\u2019\u0131n tuvallerindeki \u0131\u015f\u0131\u011f\u0131, Vermeer\u2019in sessizli\u011fini ya da Van Gogh\u2019un tutkusunu tan\u0131mak, Amsterdam hik\u00e2yesinin yaln\u0131zca bir b\u00f6l\u00fcm\u00fc. Bu \u015fehri ger\u00e7ekten anlamak; sanat pazar\u0131n\u0131n nas\u0131l i\u015fledi\u011fini, Frans Hals ile Jan Steen\u2019in g\u00fcndelik hayata nas\u0131l bakt\u0131\u011f\u0131n\u0131, bir nat\u00fcrmortun asl\u0131nda bir ticaret haritas\u0131 oldu\u011funu, kanal evlerinin neden bu kadar dar ve uzun in\u015fa edildi\u011fini ve bir lut tablosunun asl\u0131nda ne anlatt\u0131\u011f\u0131n\u0131 da bilmekten ge\u00e7iyor.<\/p>\n<p class=\"p3\">\u201cSanat, Tarih ve Kanallar: Amsterdam\u201d program\u0131m\u0131zda, Prof. Dr. Marcus Graf\u2019\u0131n rehberli\u011finde tam da bu katmanl\u0131 okumay\u0131 yap\u0131yoruz: m\u00fczelerin duvarlar\u0131ndaki ba\u015fyap\u0131tlar\u0131, \u015fehrin sokaklar\u0131ndaki mimariyi ve \u00fc\u00e7 y\u00fczy\u0131l \u00f6ncesinin g\u00fcndelik ya\u015fam k\u00fclt\u00fcr\u00fcn\u00fc bir arada, tek bir hik\u00e2ye olarak deneyimliyoruz.<\/p>\n<p class=\"p3\"><b>Sanat, Tarih ve Kanallar: Amsterdam \u00a0\u00b7 \u00a026\u201329 Eyl\u00fcl 2026 <\/b><b><\/b>Detayl\u0131 bilgi ve rezervasyon i\u00e7in: \u00a0+90 543 433 60 80<\/p>\n","protected":false},"excerpt":{"rendered":"<p>Avrupa\u2019n\u0131n geri kalan\u0131nda ressamlar b\u00fcy\u00fck \u00f6l\u00e7\u00fcde kilise ya da saray sipari\u015fleriyle \u00e7al\u0131\u015f\u0131rken Hollanda Cumhuriyeti\u2019nde bamba\u015fka bir sistem i\u015fliyordu: A\u00e7\u0131k pazar. Amsterdam\u2019daki Sint-Lucasgilde (Aziz Lukas Loncas\u0131), ressamlar\u0131, \u00e7er\u00e7evecileri ve sanat tacirlerini ayn\u0131 \u00e7at\u0131 alt\u0131nda toplayan, kaliteyi ve fiyatlar\u0131 belli \u00f6l\u00e7\u00fcde denetleyen bir meslek birli\u011fiydi. Ressamlar art\u0131k yaln\u0131zca sanat\u00e7\u0131 de\u011fil, ayn\u0131 zamanda birer \u00fcretici ve esnaft\u0131; tablolar\u0131n\u0131 [&hellip;]<\/p>\n","protected":false},"author":4,"featured_media":10260,"comment_status":"open","ping_status":"open","sticky":false,"template":"","format":"standard","meta":{"footnotes":""},"categories":[101,1],"tags":[],"class_list":["post-10259","post","type-post","status-publish","format-standard","has-post-thumbnail","hentry","category-sanata-dair","category-yazilar"],"_links":{"self":[{"href":"https:\/\/www.sanatlarandevu.com\/index.php?rest_route=\/wp\/v2\/posts\/10259","targetHints":{"allow":["GET"]}}],"collection":[{"href":"https:\/\/www.sanatlarandevu.com\/index.php?rest_route=\/wp\/v2\/posts"}],"about":[{"href":"https:\/\/www.sanatlarandevu.com\/index.php?rest_route=\/wp\/v2\/types\/post"}],"author":[{"embeddable":true,"href":"https:\/\/www.sanatlarandevu.com\/index.php?rest_route=\/wp\/v2\/users\/4"}],"replies":[{"embeddable":true,"href":"https:\/\/www.sanatlarandevu.com\/index.php?rest_route=%2Fwp%2Fv2%2Fcomments&post=10259"}],"version-history":[{"count":2,"href":"https:\/\/www.sanatlarandevu.com\/index.php?rest_route=\/wp\/v2\/posts\/10259\/revisions"}],"predecessor-version":[{"id":10262,"href":"https:\/\/www.sanatlarandevu.com\/index.php?rest_route=\/wp\/v2\/posts\/10259\/revisions\/10262"}],"wp:featuredmedia":[{"embeddable":true,"href":"https:\/\/www.sanatlarandevu.com\/index.php?rest_route=\/wp\/v2\/media\/10260"}],"wp:attachment":[{"href":"https:\/\/www.sanatlarandevu.com\/index.php?rest_route=%2Fwp%2Fv2%2Fmedia&parent=10259"}],"wp:term":[{"taxonomy":"category","embeddable":true,"href":"https:\/\/www.sanatlarandevu.com\/index.php?rest_route=%2Fwp%2Fv2%2Fcategories&post=10259"},{"taxonomy":"post_tag","embeddable":true,"href":"https:\/\/www.sanatlarandevu.com\/index.php?rest_route=%2Fwp%2Fv2%2Ftags&post=10259"}],"curies":[{"name":"wp","href":"https:\/\/api.w.org\/{rel}","templated":true}]}}