{"id":10263,"date":"2026-08-31T08:59:38","date_gmt":"2026-08-31T08:59:38","guid":{"rendered":"https:\/\/ww2.sanatlarandevu.com\/?p=10263"},"modified":"2026-08-31T08:59:38","modified_gmt":"2026-08-31T08:59:38","slug":"hollanda-altin-cagi-rembrandt-vermeer-ve-amsterdamin-sanatla-degisen-dunyasi","status":"publish","type":"post","link":"https:\/\/www.sanatlarandevu.com\/?p=10263","title":{"rendered":"Hollanda Alt\u0131n \u00c7a\u011f\u0131: Rembrandt, Vermeer ve Amsterdam&#8217;\u0131n Sanatla De\u011fi\u015fen D\u00fcnyas\u0131"},"content":{"rendered":"<p>1.y\u00fczy\u0131lda Hollanda, Avrupa&#8217;n\u0131n en hareketli ticaret ve k\u00fclt\u00fcr merkezlerinden birine d\u00f6n\u00fc\u015ft\u00fc. Amsterdam b\u00fcy\u00fcyor, t\u00fcccarlar zenginle\u015fiyor ve sanat\u0131n yeni m\u00fc\u015fterileri ortaya \u00e7\u0131k\u0131yordu. Bu de\u011fi\u015fim resim sanat\u0131n\u0131 da ba\u015ftan a\u015fa\u011f\u0131 d\u00f6n\u00fc\u015ft\u00fcrd\u00fc. Art\u0131k yaln\u0131zca krallar, soylular ve kiliseler de\u011fil; t\u00fcccarlar, zanaatkarlar ve \u015fehirli aileler de sanat sat\u0131n al\u0131yordu.<\/p>\n<p class=\"p5\"><b>Sanat saraydan \u00e7\u0131k\u0131p evlere girdi<\/b><\/p>\n<p class=\"p4\">Hollanda&#8217;da g\u00fc\u00e7l\u00fc bir saray patronaj\u0131n\u0131n olmamas\u0131 ve Kalvinist kilisenin dini resimlere mesafeli yakla\u015fmas\u0131, ressamlar\u0131 yeni m\u00fc\u015fterilere y\u00f6neltti. Sonu\u00e7 olarak tablolar, saraylardan \u00e7ok Amsterdam&#8217;\u0131n kanal evlerinde g\u00f6r\u00fcnmeye ba\u015flad\u0131.<\/p>\n<p class=\"p4\">Sanat giderek g\u00fcnl\u00fck hayat\u0131n ve \u015fehir k\u00fclt\u00fcr\u00fcn\u00fcn bir par\u00e7as\u0131 haline geldi.<\/p>\n<p class=\"p5\"><b>Amsterdam zenginle\u015fti, sanat pazar\u0131 b\u00fcy\u00fcd\u00fc<\/b><\/p>\n<p>1.y\u00fczy\u0131l Amsterdam&#8217;\u0131 uluslararas\u0131 ticaretin merkezlerinden biriydi.<\/p>\n<p class=\"p4\">Baharatlar, kuma\u015flar, porselenler ve de\u011ferli e\u015fyalar d\u00fcnyan\u0131n farkl\u0131 b\u00f6lgelerinden \u015fehre ula\u015f\u0131yordu.<\/p>\n<p class=\"p4\">Zenginle\u015fen t\u00fcccar s\u0131n\u0131f\u0131 i\u00e7in sanat da \u00f6nemli bir stat\u00fc g\u00f6stergesiydi.<\/p>\n<p class=\"p4\">G\u00fczel bir ev kadar, duvarda iyi bir tabloya sahip olmak da \u00f6nemliydi.<\/p>\n<p class=\"p5\"><b>Ressamlar neden uzmanla\u015fmaya ba\u015flad\u0131?<\/b><\/p>\n<p class=\"p4\">Sanat\u00e7\u0131lar art\u0131k yaln\u0131zca sipari\u015f \u00fczerine \u00e7al\u0131\u015fm\u0131yordu. Pek \u00e7ok ressam tablolar\u0131n\u0131 \u00f6nceden \u00fcretip pazarda sat\u0131\u015fa sunuyordu.<\/p>\n<p class=\"p4\">Rekabet artt\u0131k\u00e7a uzmanla\u015fma da ba\u015flad\u0131:<\/p>\n<ul class=\"ul1\">\n<li class=\"li4\">Deniz manzaralar\u0131<\/li>\n<li class=\"li4\">\u00c7i\u00e7ek nat\u00fcrmortlar\u0131<\/li>\n<li class=\"li4\">Ev i\u00e7i sahneler<\/li>\n<li class=\"li4\">Portreler<\/li>\n<li class=\"li4\">\u015eehir manzaralar\u0131<\/li>\n<\/ul>\n<p class=\"p4\">Bu nedenle Hollanda resmi, t\u00fcr \u00e7e\u015fitlili\u011fi a\u00e7\u0131s\u0131ndan Avrupa sanat tarihinin en zengin d\u00f6nemlerinden biri haline geldi.<\/p>\n<p class=\"p5\"><b>Rembrandt ve \u0131\u015f\u0131\u011f\u0131n g\u00fcc\u00fc<\/b><\/p>\n<p class=\"p4\">Rembrandt denildi\u011finde ilk akla gelenlerden biri \u0131\u015f\u0131k ve g\u00f6lgedir.<\/p>\n<p class=\"p4\">Ancak onun \u0131\u015f\u0131\u011f\u0131 yaln\u0131zca dramatik bir etki yaratmaz; karakterlerin ruh halini de g\u00f6r\u00fcn\u00fcr hale getirir.<\/p>\n<p class=\"p5\"><b>Gece Devriyesi neden farkl\u0131yd\u0131?<\/b><\/p>\n<p class=\"p4\">D\u00f6nemin grup portreleri genellikle olduk\u00e7a dura\u011fand\u0131. \u0130nsanlar yan yana dizilir ve herkes m\u00fcmk\u00fcn oldu\u011funca e\u015fit bi\u00e7imde g\u00f6sterilirdi.<\/p>\n<p class=\"p4\">Rembrandt ise <b>Gece Devriyesi<\/b>&#8216;nde bu d\u00fczeni bozdu.<\/p>\n<p class=\"p4\">Fig\u00fcrler hareket eder, \u0131\u015f\u0131k sahnenin belirli noktalar\u0131na d\u00fc\u015fer ve tablo neredeyse bir tiyatro sahnesine d\u00f6n\u00fc\u015f\u00fcr.<\/p>\n<p class=\"p4\">Bug\u00fcn eser Rijksmuseum&#8217;un en \u00f6nemli yap\u0131tlar\u0131ndan biridir.<\/p>\n<p class=\"p5\"><b>Rembrandt&#8217;\u0131n koleksiyon tutkusu<\/b><\/p>\n<p class=\"p4\">Rembrandt yaln\u0131zca ressam de\u011fil, ayn\u0131 zamanda tutkulu bir koleksiyonerdi.<\/p>\n<p class=\"p4\">Antikalar, sanat eserleri, silahlar ve egzotik objeler topluyordu.<\/p>\n<p class=\"p4\">Ancak bu tutku mali sorunlar\u0131n\u0131 b\u00fcy\u00fctt\u00fc ve sanat\u00e7\u0131 1656&#8217;da iflas etmek zorunda kald\u0131.<\/p>\n<p class=\"p4\">Bu hikaye bize 17. y\u00fczy\u0131lda sanat\u0131n yaln\u0131zca estetik de\u011fil, ayn\u0131 zamanda ekonomik bir de\u011fer ta\u015f\u0131d\u0131\u011f\u0131n\u0131 da g\u00f6steriyor.<\/p>\n<p class=\"p5\"><b>Vermeer&#8217;in sessiz d\u00fcnyas\u0131<\/b><\/p>\n<p class=\"p4\">Rembrandt&#8217;\u0131n d\u00fcnyas\u0131 dramatikse, Vermeer&#8217;in d\u00fcnyas\u0131 sessizdir.<\/p>\n<p class=\"p4\">Bir kad\u0131n s\u00fct d\u00f6ker.<br \/>\nBir ba\u015fkas\u0131 mektup okur.<br \/>\nBir pencereden \u0131\u015f\u0131k s\u00fcz\u00fcl\u00fcr.<\/p>\n<p class=\"p4\">Vermeer&#8217;in resimlerinde b\u00fcy\u00fck olaylar yoktur.<\/p>\n<p class=\"p4\">Ama \u0131\u015f\u0131\u011f\u0131n kuma\u015fa, duvara ve nesnelere d\u00fc\u015f\u00fc\u015f\u00fc \u00f6ylesine dikkatli resmedilir ki en s\u0131radan an bile b\u00fcy\u00fcleyici hale gelir.<\/p>\n<p class=\"p5\"><b>S\u00fct D\u00f6ken Kad\u0131n neden bu kadar etkileyici?<\/b><\/p>\n<p class=\"p4\">Bug\u00fcn Rijksmuseum&#8217;da bulunan <b>S\u00fct D\u00f6ken Kad\u0131n<\/b>, Vermeer&#8217;in g\u00fcndelik hayat\u0131 nas\u0131l \u015fiirsel hale getirdi\u011finin en g\u00fczel \u00f6rneklerinden biridir.<\/p>\n<p class=\"p4\">Sanat\u00e7\u0131n\u0131n optik ara\u00e7lardan, \u00f6zellikle <i>camera obscura<\/i>dan yararlanm\u0131\u015f olabilece\u011fi de uzun zamand\u0131r sanat tarih\u00e7ilerinin tart\u0131\u015ft\u0131\u011f\u0131 konulardan biridir.<\/p>\n<p class=\"p5\"><b>Frans Hals: Bir an\u0131 yakalamak<\/b><\/p>\n<p class=\"p4\">Frans Hals&#8217;\u0131n portrelerinde insanlar \u00e7o\u011fu zaman olduk\u00e7a canl\u0131 g\u00f6r\u00fcn\u00fcr.<\/p>\n<p class=\"p4\">G\u00fcl\u00fcmsemeler, h\u0131zl\u0131 bak\u0131\u015flar ve rahat pozlar, d\u00f6nemin daha resmi portrelerinden hemen ayr\u0131l\u0131r.<\/p>\n<p class=\"p4\">Hals&#8217;\u0131n \u00f6zg\u00fcr f\u0131r\u00e7a darbeleri, modellerinin neredeyse birazdan hareket edecekmi\u015f gibi g\u00f6r\u00fcnmesini sa\u011flar.<\/p>\n<p class=\"p5\"><b>Jan Steen&#8217;in da\u011f\u0131n\u0131k d\u00fcnyas\u0131<\/b><\/p>\n<p class=\"p4\">Jan Steen ise g\u00fcndelik hayat\u0131n daha e\u011flenceli taraf\u0131n\u0131 resmeder.<\/p>\n<p class=\"p4\">Kalabal\u0131k sofralar, \u00e7ocuklar, kadehler, kahkahalar ve k\u00fc\u00e7\u00fck felaketler&#8230;<\/p>\n<p class=\"p4\">Hatta bug\u00fcn Hollandaca&#8217;da da\u011f\u0131n\u0131k bir evi anlatmak i\u00e7in kullan\u0131lan <b>&#8220;bir Jan Steen hanesi&#8221;<\/b> deyimi sanat\u00e7\u0131n\u0131n tablolar\u0131ndan gelir.<\/p>\n<p class=\"p4\">Ama bu e\u011flenceli sahnelerin alt\u0131nda genellikle k\u00fc\u00e7\u00fck bir ahlaki uyar\u0131 da vard\u0131r.<\/p>\n<p class=\"p5\"><b>Nat\u00fcrmortlarda saklanan mesajlar<\/b><\/p>\n<p class=\"p4\">Bir Hollanda nat\u00fcrmortunda g\u00f6rd\u00fc\u011f\u00fcm\u00fcz nesneler \u00e7o\u011fu zaman yaln\u0131zca dekor de\u011fildir.<\/p>\n<p class=\"p4\">\u00c7in porseleni, de\u011ferli kuma\u015flar, egzotik meyveler ve deniz kabuklar\u0131, Amsterdam&#8217;\u0131n k\u00fcresel ticaret a\u011flar\u0131n\u0131 hat\u0131rlat\u0131r.<\/p>\n<p class=\"p4\">Fakat ayn\u0131 tabloda s\u00f6nm\u00fc\u015f bir mum, \u00e7\u00fcr\u00fcmeye ba\u015flayan bir meyve ya da bo\u015f bir kadeh varsa mesaj de\u011fi\u015fir.<\/p>\n<p class=\"p4\">Bu semboller bize hayat\u0131n ve zenginli\u011fin ge\u00e7ici oldu\u011funu hat\u0131rlat\u0131r.<\/p>\n<p class=\"p4\">Bu anlay\u0131\u015fa <b>vanitas<\/b> denir.<\/p>\n<p class=\"p5\"><b>Amsterdam&#8217;\u0131n kanal evleri neden dar?<\/b><\/p>\n<p class=\"p4\">Amsterdam&#8217;\u0131n sanat tarihini yaln\u0131zca m\u00fczelerde de\u011fil, sokaklarda da okumak m\u00fcmk\u00fcn.<\/p>\n<p>1.y\u00fczy\u0131lda \u015fehir b\u00fcy\u00fcrken Herengracht, Keizersgracht ve Prinsengracht \u00e7evresindeki \u00fcnl\u00fc Kanal Ku\u015fa\u011f\u0131 geli\u015fti.<\/p>\n<p class=\"p4\">Evlerin dar ve y\u00fcksek g\u00f6r\u00fcnmesinin ekonomik nedenlerinden biri, vergilendirmede cephe geni\u015fli\u011finin \u00f6nemli olmas\u0131yd\u0131.<\/p>\n<p class=\"p4\">B\u00f6ylece bug\u00fcn Amsterdam&#8217;\u0131n simgesi haline gelen dar ve y\u00fcksek kanal evleri ortaya \u00e7\u0131kt\u0131.<\/p>\n<p class=\"p5\"><b>17. y\u00fczy\u0131l Hollandas\u0131nda sanat ve optik<\/b><\/p>\n<p class=\"p4\">D\u00f6nemin ressamlar\u0131 yaln\u0131zca resim yapmakla ilgilenmiyordu.<\/p>\n<p class=\"p4\">I\u015f\u0131k, perspektif, optik ve insan g\u00f6z\u00fcn\u00fcn d\u00fcnyay\u0131 nas\u0131l g\u00f6rd\u00fc\u011f\u00fc de b\u00fcy\u00fck merak konusuydu.<\/p>\n<p class=\"p4\">Rembrandt&#8217;\u0131n \u00f6\u011frencilerinden Samuel van Hoogstraten&#8217;in yapt\u0131\u011f\u0131 perspektif kutular\u0131, k\u00fc\u00e7\u00fck bir delikten bak\u0131ld\u0131\u011f\u0131nda ger\u00e7ek bir oda varm\u0131\u015f hissi yarat\u0131yordu.<\/p>\n<p class=\"p4\">Bug\u00fcn\u00fcn \u00fc\u00e7 boyutlu g\u00f6rsel ill\u00fczyonlar\u0131n\u0131n erken \u00f6rnekleri gibi d\u00fc\u015f\u00fcn\u00fclebilir.<\/p>\n<p class=\"p5\"><b>Hollanda Alt\u0131n \u00c7a\u011f\u0131&#8217;n\u0131 bug\u00fcn nerede g\u00f6rebiliriz?<\/b><\/p>\n<p class=\"p4\">Amsterdam&#8217;daki <b>Rijksmuseum<\/b>, d\u00f6nemi ke\u015ffetmek i\u00e7in en \u00f6nemli duraklardan biridir.<\/p>\n<p class=\"p4\">Burada Rembrandt&#8217;\u0131n <b>Gece Devriyesi<\/b> ve Vermeer&#8217;in <b>S\u00fct D\u00f6ken Kad\u0131n<\/b>\u0131 g\u00f6r\u00fclebilir.<\/p>\n<p class=\"p4\">Lahey&#8217;deki <b>Mauritshuis<\/b> ise Vermeer&#8217;in <b>\u0130nci K\u00fcpeli K\u0131z<\/b>\u0131 ve Fabritius&#8217;un <b>Saka Ku\u015fu<\/b> gibi ba\u015fyap\u0131tlar\u0131yla \u00f6ne \u00e7\u0131kar.<\/p>\n<p class=\"p4\">Bir sonraki y\u00fczy\u0131la ge\u00e7ti\u011fimizde ise hikayeye <b>Van Gogh Museum<\/b> eklenir.<\/p>\n<p class=\"p5\"><b>K\u0131sacas\u0131: Hollanda Alt\u0131n \u00c7a\u011f\u0131 neden hala b\u00fcy\u00fcleyici?<\/b><\/p>\n<p>1.y\u00fczy\u0131l Hollanda resmi yaln\u0131zca birka\u00e7 b\u00fcy\u00fck ressam\u0131n hikayesi de\u011fildir.<\/p>\n<p class=\"p4\">Ayn\u0131 zamanda:<\/p>\n<ul class=\"ul1\">\n<li class=\"li4\">Ticaretin sanat\u0131 d\u00f6n\u00fc\u015ft\u00fcrd\u00fc\u011f\u00fc,<\/li>\n<li class=\"li4\">Yeni bir koleksiyoner s\u0131n\u0131f\u0131n\u0131n ortaya \u00e7\u0131kt\u0131\u011f\u0131,<\/li>\n<li class=\"li4\">Ressamlar\u0131n a\u00e7\u0131k pazarda rekabet etti\u011fi,<\/li>\n<li class=\"li4\">G\u00fcndelik hayat\u0131n sanat\u0131n ana konular\u0131ndan biri haline geldi\u011fi,<\/li>\n<li class=\"li4\">I\u015f\u0131k, mekan ve g\u00f6rme \u00fczerine yeni fikirlerin geli\u015fti\u011fi bir d\u00f6nemdir.<\/li>\n<\/ul>\n<p class=\"p4\">Rembrandt&#8217;\u0131n \u0131\u015f\u0131\u011f\u0131na, Vermeer&#8217;in sessiz odalar\u0131na veya bir nat\u00fcrmorttaki yar\u0131m soyulmu\u015f limona bakt\u0131\u011f\u0131m\u0131zda asl\u0131nda yaln\u0131zca bir tabloya de\u011fil, de\u011fi\u015fen bir d\u00fcnyan\u0131n izlerine bak\u0131yoruz.<\/p>\n","protected":false},"excerpt":{"rendered":"<p>1.y\u00fczy\u0131lda Hollanda, Avrupa&#8217;n\u0131n en hareketli ticaret ve k\u00fclt\u00fcr merkezlerinden birine d\u00f6n\u00fc\u015ft\u00fc. Amsterdam b\u00fcy\u00fcyor, t\u00fcccarlar zenginle\u015fiyor ve sanat\u0131n yeni m\u00fc\u015fterileri ortaya \u00e7\u0131k\u0131yordu. Bu de\u011fi\u015fim resim sanat\u0131n\u0131 da ba\u015ftan a\u015fa\u011f\u0131 d\u00f6n\u00fc\u015ft\u00fcrd\u00fc. Art\u0131k yaln\u0131zca krallar, soylular ve kiliseler de\u011fil; t\u00fcccarlar, zanaatkarlar ve \u015fehirli aileler de sanat sat\u0131n al\u0131yordu. Sanat saraydan \u00e7\u0131k\u0131p evlere girdi Hollanda&#8217;da g\u00fc\u00e7l\u00fc bir saray patronaj\u0131n\u0131n [&hellip;]<\/p>\n","protected":false},"author":4,"featured_media":10264,"comment_status":"open","ping_status":"open","sticky":false,"template":"","format":"standard","meta":{"footnotes":""},"categories":[101,1],"tags":[],"class_list":["post-10263","post","type-post","status-publish","format-standard","has-post-thumbnail","hentry","category-sanata-dair","category-yazilar"],"_links":{"self":[{"href":"https:\/\/www.sanatlarandevu.com\/index.php?rest_route=\/wp\/v2\/posts\/10263","targetHints":{"allow":["GET"]}}],"collection":[{"href":"https:\/\/www.sanatlarandevu.com\/index.php?rest_route=\/wp\/v2\/posts"}],"about":[{"href":"https:\/\/www.sanatlarandevu.com\/index.php?rest_route=\/wp\/v2\/types\/post"}],"author":[{"embeddable":true,"href":"https:\/\/www.sanatlarandevu.com\/index.php?rest_route=\/wp\/v2\/users\/4"}],"replies":[{"embeddable":true,"href":"https:\/\/www.sanatlarandevu.com\/index.php?rest_route=%2Fwp%2Fv2%2Fcomments&post=10263"}],"version-history":[{"count":2,"href":"https:\/\/www.sanatlarandevu.com\/index.php?rest_route=\/wp\/v2\/posts\/10263\/revisions"}],"predecessor-version":[{"id":10266,"href":"https:\/\/www.sanatlarandevu.com\/index.php?rest_route=\/wp\/v2\/posts\/10263\/revisions\/10266"}],"wp:featuredmedia":[{"embeddable":true,"href":"https:\/\/www.sanatlarandevu.com\/index.php?rest_route=\/wp\/v2\/media\/10264"}],"wp:attachment":[{"href":"https:\/\/www.sanatlarandevu.com\/index.php?rest_route=%2Fwp%2Fv2%2Fmedia&parent=10263"}],"wp:term":[{"taxonomy":"category","embeddable":true,"href":"https:\/\/www.sanatlarandevu.com\/index.php?rest_route=%2Fwp%2Fv2%2Fcategories&post=10263"},{"taxonomy":"post_tag","embeddable":true,"href":"https:\/\/www.sanatlarandevu.com\/index.php?rest_route=%2Fwp%2Fv2%2Ftags&post=10263"}],"curies":[{"name":"wp","href":"https:\/\/api.w.org\/{rel}","templated":true}]}}