{"id":6838,"date":"2024-03-08T13:58:06","date_gmt":"2024-03-08T13:58:06","guid":{"rendered":"https:\/\/ww2.sanatlarandevu.com\/berlinde-filarmoni-orkestrasi-ile-merhaba-2018\/"},"modified":"2024-03-12T11:19:28","modified_gmt":"2024-03-12T11:19:28","slug":"berlinde-filarmoni-orkestrasi-ile-merhaba-2018","status":"publish","type":"post","link":"https:\/\/www.sanatlarandevu.com\/?p=6838","title":{"rendered":"BERL\u0130N&#8217;DE F\u0130LARMON\u0130 ORKESTRASI \u0130LE MERHABA 2018"},"content":{"rendered":"<p><strong>Gezi Program\u0131:<\/strong><\/p>\n<p><strong>1.G\u00fcn \u0130stanbul \u2013 Berlin 30 Aral\u0131k 2017 Cumartesi<\/strong><\/p>\n<p>Siz de\u011ferli misafirlerimiz ile Atat\u00fcrk Havaalan\u0131\u2019nda saat 07:00\u2019de bulu\u015fuyoruz. Bagaj ve pasaport i\u015flemlerini ger\u00e7ekle\u015ftirdikten sonra TK1721 sefer say\u0131l\u0131 u\u00e7u\u015f ile saat 09:10\u2019da Berlin\u2019e hareket ediyoruz. planlanan ini\u015f saatimiz 10:10\u2019dur.<\/p>\n<p>\u0130ni\u015fimiz sonras\u0131nda bize bekleyen \u00f6zel arac\u0131m\u0131z ile bulu\u015fuyor ve Berlin\u2019i ke\u015ffe ba\u015fl\u0131yoruz.<\/p>\n<p>\u0130lk olarak \u015fehri tan\u0131mak i\u00e7in panoromik bir tur ger\u00e7ekle\u015ftirece\u011fiz. Gezimiz esnas\u0131nda\u00a0<strong>Ku\u2019damm<\/strong>,\u00a0<strong>Parlamento Binas\u0131<\/strong>\u2019n\u0131 g\u00f6r\u00fcyoruz. Daha sonra\u00a0<strong>Brandenburger Kap\u0131s\u0131<\/strong>\u2019nda k\u0131sa bir foto\u011fraf molas\u0131 veriyoruz. Bu kap\u0131 \u00e7ok \u00f6nemli tarihi olaylara tan\u0131kl\u0131k etmi\u015f ve Almanya\u2019n\u0131n en \u00f6nemli yap\u0131lar\u0131ndan biridir. So\u011fuk Sava\u015f y\u0131llar\u0131n\u0131n sona ermesi ile a\u00e7\u0131lan kap\u0131 Alman birlik ve beraberli\u011finin simgesi haline gelmi\u015ftir. An\u0131 \u00f6l\u00fcms\u00fczle\u015ftirdikten sonra\u00a0\u00a0<strong>Sony ve Mercedes<\/strong>\u00a0binalar\u0131n\u0131n da bulundu\u011fu\u00a0<strong>Postdamer Meydan<\/strong>\u0131\u2019n\u0131 geziyoruz.\u00a0<strong>Yahudi An\u0131t\u0131 ve M\u00fczesi<\/strong>\u2019ni gezdikten sonra \u00f6\u011fle yeme\u011fimizi almak i\u00e7in restaurant\u0131m\u0131za ula\u015f\u0131yoruz.<\/p>\n<p>\u00d6\u011fle yeme\u011fimiz sonras\u0131nda\u00a0<strong>Jandarma Pazar\u0131<\/strong>\u2019n\u0131 geziyoruz. Daha sonra ise K\u00fc\u00e7\u00fck T\u00fcrkiye olarak adland\u0131rlan\u00a0<strong>Kreuzberg<\/strong>\u2019e ula\u015f\u0131yoruz. Burada ya\u015fayan T\u00fcrk n\u00fcfusu 200.000 civar\u0131ndad\u0131r. Bu sebepten dolay\u0131 bu isimle an\u0131lmaktad\u0131r.\u00a0<strong>Friedrich Soka\u011f\u0131<\/strong>\u00a0ve\u00a0<strong>Alexanderplatz<\/strong>\u2019\u0131 gezdikten sonra M\u00fczik Enstr\u00fcmanlar\u0131 M\u00fczesi\u2019ni ziyaret ediyoruz ve enstr\u00fcmanlar ile ilgili bilgi al\u0131yoruz.<\/p>\n<p>Gezilerimiz sonras\u0131nda otelimize ula\u015f\u0131yoruz. K\u0131sa dinlenme molas\u0131 sonras\u0131nda ak\u015fam yeme\u011fimizi al\u0131yoruz.<\/p>\n<p>Konaklamam\u0131z\u00a0<strong>Swiss Hotel<\/strong>\u2019dedir.<\/p>\n<p>&nbsp;<\/p>\n<p><strong>2.G\u00fcn Berlin M\u00fczeler Adas\u0131 \u2013 Berlin Filarmoni Orkestras\u0131 31.12.2017 Pazar\u00a0<\/strong><\/p>\n<p>Otelde alaca\u011f\u0131m\u0131z kahvalt\u0131m\u0131z sonras\u0131nda Berlin\u2019in geri kalan\u0131n\u0131 ke\u015ffe devam ediyoruz. Berlin\u2019de 5 m\u00fczeyi b\u00fcnyesinde bar\u0131nd\u0131ran\u00a0<strong>M\u00fczeler Adas\u0131<\/strong>\u2019na gidiyoruz.<\/p>\n<p>Bu adada Bergama M\u00fczesi\u2019ni ziyaret ediyoruz. M\u00fcze 1910-30 y\u0131lar\u0131 aras\u0131nda Ludwig Hoffmann taraf\u0131ndan Alfred Messel&#8217;in tasar\u0131mlar\u0131na uygun \u015fekilde in\u015fa edilmi\u015ftir. 1900\u2019l\u00fc y\u0131llarda bu b\u00f6lgede k\u00fc\u00e7\u00fck bir yap\u0131 bulunmakta idi. Bu k\u00fc\u00e7\u00fck binada Bergama suna\u011f\u0131n\u0131n fresk plakalar\u0131 gibi eserler korunmaktayd\u0131. Ancak temellerinin sa\u011flam olmay\u0131\u015f\u0131ndan dolay\u0131 hasarlar olu\u015ftu ve 1. D\u00fcnya Sava\u015f\u0131 \u00f6ncesinde planl\u0131 bir \u015fekilde y\u0131k\u0131ld\u0131. Daha sonra g\u00fcn\u00fcm\u00fczde kullan\u0131lan 3 katl\u0131 bina in\u015fa edildi. Bu bina ise i\u00e7erisinde 3 ayr\u0131 m\u00fczeyi bar\u0131nd\u0131rmaktad\u0131r. Yunan ve Roma mimari eserleri bar\u0131nd\u0131ran\u00a0<strong>Antik Eserler Koleksiyonu<\/strong>\u00a0(Antikensammlung),\u00a0<strong>\u00d6n Asya M\u00fczesi\u00a0<\/strong>(Vorderasiatisches Museum) ve\u00a0<strong>\u0130slam Sanatlar\u0131 M\u00fczesi<\/strong>\u00a0(Museum f\u00fcr Islamische Kunst). Arkeolojik yap\u0131 gruplar\u0131n\u0131n heybetli rekonstr\u00fcksiyonu sayesinde \u2013 Bergama suna\u011f\u0131 (Pergamonaltar), Milet Pazar Kap\u0131s\u0131 ve Babil&#8217;in alay yolu ile birlikte \u0130\u015ftar Kap\u0131s\u0131 ve Ma\u015fatta saray\u0131n\u0131n d\u0131\u015f cephesi \u2013 m\u00fcze d\u00fcnya \u00e7ap\u0131nda bir \u00fcne kavu\u015fmu\u015ftur.<\/p>\n<p>M\u00fczeler Adas\u0131 gezimiz sonras\u0131nda otelimize d\u00f6n\u00fcyoruz ve konser vaktine kadar mola veriyoruz.<\/p>\n<p><strong>(Bergama Suna\u011f\u0131 2019 y\u0131l\u0131na kadar restorasyonda oldu\u011fundan dolay\u0131 g\u00f6r\u00fclemeyecektir.)<\/strong><\/p>\n<p>Belirlenen saate lobide bulu\u015fma sonras\u0131nda\u00a0<strong>Berlin Filarmoni Orkestras\u0131<\/strong>\u2019n\u0131 dinlemek i\u00e7in otelden ayr\u0131l\u0131yoruz.<\/p>\n<p>Berlin Filarmoni orkestras\u0131 1882 y\u0131l\u0131nda kurulmu\u015ftur. As\u0131l konser salonu K\u00fclt\u00fcrforum\u2019da bulunan orkestran\u0131n \u015fefli\u011fini\u00a0<strong>Sir Simon Rattle<\/strong>\u00a0yapmaktad\u0131r.<\/p>\n<p>2017\u2019ye harika bir m\u00fczik ziyafeti ile veda ettikten sonra otelimize d\u00f6n\u00fcyoruz.<\/p>\n<p>Konaklamam\u0131z\u00a0<strong>Swiss Hotel<\/strong>\u2019dedir.<\/p>\n<p>&nbsp;<\/p>\n<p><strong>3.G\u00fcn Berlin \u0130stanbul 01.01.2018 Pazartesi<\/strong><\/p>\n<p>Otelimizde alaca\u011f\u0131m\u0131z ge\u00e7 kahvalt\u0131 sonras\u0131nda \u00e7\u0131k\u0131\u015f i\u015flemlerimizi ger\u00e7ekle\u015ftiriyoruz. \u0130stanbul\u2019a d\u00f6nek \u00fczere havaalan\u0131 transferimizi ger\u00e7ekle\u015ftiriyoruz. valiz ve pasaport i\u015flemleri sonras\u0131 TK1726 sefer say\u0131l\u0131 u\u00e7u\u015f ile saat 14:30\u2019da \u0130stanbul\u2019a u\u00e7uyoruz. Planlanan ini\u015f saatimiz 19:25\u2019tir.<\/p>\n<p>&nbsp;<\/p>\n<p><strong>U\u00e7u\u015f Bilgileri:<\/strong><\/p>\n<p>&nbsp;<\/p>\n<table border=\"1\" width=\"100%\" cellspacing=\"0\" cellpadding=\"0\">\n<tbody>\n<tr>\n<td width=\"123\">\n<p align=\"center\"><strong>Nereden\u00a0<\/strong><br \/>\n<strong>(\u015eehir\/Havaliman\u0131)<\/strong><\/p>\n<\/td>\n<td width=\"123\">\n<p align=\"center\"><strong>Nereye\u00a0<\/strong><br \/>\n<strong>(\u015eehir\/Havaliman\u0131)<\/strong><\/p>\n<\/td>\n<td width=\"104\">\n<p align=\"center\"><strong>Kalk\u0131\u015f<\/strong><\/p>\n<\/td>\n<td width=\"104\">\n<p align=\"center\"><strong>Var\u0131\u015f<\/strong><\/p>\n<\/td>\n<td width=\"89\">\n<p align=\"center\"><strong>Havayolu<\/strong><\/p>\n<\/td>\n<td width=\"53\">\n<p align=\"center\"><strong>TK<\/strong><\/p>\n<\/td>\n<td width=\"92\">\n<p align=\"center\"><strong>Bagaj Hakk\u0131<\/strong><\/p>\n<\/td>\n<\/tr>\n<tr>\n<td width=\"123\">\n<p align=\"center\">\u0130STANBUL \/ Atat\u00fcrk<\/p>\n<\/td>\n<td width=\"123\">\n<p align=\"center\">BERL\u0130N \/ Tegel<\/p>\n<\/td>\n<td width=\"104\">\n<p align=\"center\">09:10<br \/>\n30.12.2017 Cumartesi<\/p>\n<\/td>\n<td width=\"104\">\n<p align=\"center\">10:10<br \/>\n30.12.2017 Cumartesi<\/p>\n<\/td>\n<td width=\"89\">\n<p align=\"center\">THY<\/p>\n<\/td>\n<td width=\"53\">\n<p align=\"center\">1721<\/p>\n<\/td>\n<td width=\"92\">\n<p align=\"center\">30 kg Max<\/p>\n<\/td>\n<\/tr>\n<tr>\n<td width=\"123\">\n<p align=\"center\">BERL\u0130N \/ Tegel<\/p>\n<\/td>\n<td width=\"123\">\n<p align=\"center\">\u0130STANBUL \/ Atat\u00fcrk<\/p>\n<\/td>\n<td width=\"104\">\n<p align=\"center\">14:30<br \/>\n01.01.2018 Pazartesi<\/p>\n<\/td>\n<td width=\"104\">\n<p align=\"center\">19:25<br \/>\n01.01.2018 Pazartesi<\/p>\n<\/td>\n<td width=\"89\">\n<p align=\"center\">THY<\/p>\n<\/td>\n<td width=\"53\">\n<p align=\"center\">1726<\/p>\n<\/td>\n<td width=\"92\">\n<p align=\"center\">30 kg Max<\/p>\n<\/td>\n<\/tr>\n<\/tbody>\n<\/table>\n<p>&nbsp;<\/p>\n<p><strong>Programa Dahil Hizmetler<\/strong><br \/>\n\u2022\u00a0\u00a0Belirtilen otelde 2 gece B&amp;B konaklama<br \/>\n\u2022\u00a0\u00a01 \u00f6\u011fle yeme\u011fi ve 1 ak\u015fam yeme\u011fi<br \/>\n\u2022\u00a0\u00a0T\u00fcm m\u00fcze ve \u00f6ren yerleri giri\u015f \u00fccretleri<br \/>\n\u2022\u00a0\u00a0Programda belirtilen t\u00fcm geziler<br \/>\n\u2022\u00a0\u00a0Profesyonel rehberlik hizmeti<br \/>\n\u2022\u00a0\u00a0Berlin Filarmoni Orkestras\u0131 konseri\u00a0<em>(F s\u0131ras\u0131)<\/em><br \/>\n\u2022\u00a0\u00a0Zorunlu seyahat sa\u011fl\u0131k sigortas\u0131<\/p>\n<p><strong>Programa Dahil Olmayan Hizmetler<\/strong><\/p>\n<p>\u2022\u00a0\u00a0\u0130st. Berlin \u0130st. THY u\u00e7u\u015f biletleri<br \/>\n\u2022\u00a0\u00a0Ki\u015fisel harcamalar<\/p>\n<p>Fiyat: 1200 Euro<\/p>\n<p><strong>TUR DANI\u015eMANI<\/strong><\/p>\n<p><strong>BENG\u0130 I\u015eIL G\u00d6KT\u00dcRK<\/strong><\/p>\n<p>1978 y\u0131l\u0131nda Ankara\u2019da do\u011fdu. Kad\u0131k\u00f6y Anadolu Lisesi\u2019ni bitirdikten sonra \u0130stanbul \u00dcniversitesi \u0130ktisat Fak\u00fcltesi \u0130ngilizce \u0130ktisat B\u00f6l\u00fcm\u00fc\u2019nden mezun oldu.<\/p>\n<p>Rehberlik ser\u00fcveni 1998\u2019de, \u00fcniversite ya\u015fam\u0131n\u0131n ilk y\u0131l\u0131nda \u0130stanbul\u2019da Tarihi Yar\u0131mada\u2019da turistleri gezdirerek ba\u015flad\u0131. Bunun \u00fczerine \u0130spanyolca ve \u0130talyanca \u00f6\u011frendi. 2001 y\u0131l\u0131ndan beri mesle\u011fini \u0130spanyolca ve \u0130ngilizce dillerinde profesyonel olarak yapmaktad\u0131r.<\/p>\n","protected":false},"excerpt":{"rendered":"<p>Gezi Program\u0131: 1.G\u00fcn \u0130stanbul \u2013 Berlin 30 Aral\u0131k 2017 Cumartesi Siz de\u011ferli misafirlerimiz ile Atat\u00fcrk Havaalan\u0131\u2019nda saat 07:00\u2019de bulu\u015fuyoruz. Bagaj ve pasaport i\u015flemlerini ger\u00e7ekle\u015ftirdikten sonra TK1721 sefer say\u0131l\u0131 u\u00e7u\u015f ile saat 09:10\u2019da Berlin\u2019e hareket ediyoruz. planlanan ini\u015f saatimiz 10:10\u2019dur. \u0130ni\u015fimiz sonras\u0131nda bize bekleyen \u00f6zel arac\u0131m\u0131z ile bulu\u015fuyor ve Berlin\u2019i ke\u015ffe ba\u015fl\u0131yoruz. \u0130lk olarak \u015fehri tan\u0131mak [&hellip;]<\/p>\n","protected":false},"author":1,"featured_media":7813,"comment_status":"open","ping_status":"open","sticky":false,"template":"","format":"standard","meta":{"footnotes":""},"categories":[100,121],"tags":[],"class_list":["post-6838","post","type-post","status-publish","format-standard","has-post-thumbnail","hentry","category-dunyadan","category-gezi"],"_links":{"self":[{"href":"https:\/\/www.sanatlarandevu.com\/index.php?rest_route=\/wp\/v2\/posts\/6838","targetHints":{"allow":["GET"]}}],"collection":[{"href":"https:\/\/www.sanatlarandevu.com\/index.php?rest_route=\/wp\/v2\/posts"}],"about":[{"href":"https:\/\/www.sanatlarandevu.com\/index.php?rest_route=\/wp\/v2\/types\/post"}],"author":[{"embeddable":true,"href":"https:\/\/www.sanatlarandevu.com\/index.php?rest_route=\/wp\/v2\/users\/1"}],"replies":[{"embeddable":true,"href":"https:\/\/www.sanatlarandevu.com\/index.php?rest_route=%2Fwp%2Fv2%2Fcomments&post=6838"}],"version-history":[{"count":1,"href":"https:\/\/www.sanatlarandevu.com\/index.php?rest_route=\/wp\/v2\/posts\/6838\/revisions"}],"predecessor-version":[{"id":7814,"href":"https:\/\/www.sanatlarandevu.com\/index.php?rest_route=\/wp\/v2\/posts\/6838\/revisions\/7814"}],"wp:featuredmedia":[{"embeddable":true,"href":"https:\/\/www.sanatlarandevu.com\/index.php?rest_route=\/wp\/v2\/media\/7813"}],"wp:attachment":[{"href":"https:\/\/www.sanatlarandevu.com\/index.php?rest_route=%2Fwp%2Fv2%2Fmedia&parent=6838"}],"wp:term":[{"taxonomy":"category","embeddable":true,"href":"https:\/\/www.sanatlarandevu.com\/index.php?rest_route=%2Fwp%2Fv2%2Fcategories&post=6838"},{"taxonomy":"post_tag","embeddable":true,"href":"https:\/\/www.sanatlarandevu.com\/index.php?rest_route=%2Fwp%2Fv2%2Ftags&post=6838"}],"curies":[{"name":"wp","href":"https:\/\/api.w.org\/{rel}","templated":true}]}}