{"id":6842,"date":"2024-03-08T13:58:06","date_gmt":"2024-03-08T13:58:06","guid":{"rendered":"https:\/\/ww2.sanatlarandevu.com\/mezopotamyanin-kadim-sehri-mardin-bianeli\/"},"modified":"2024-03-12T11:15:11","modified_gmt":"2024-03-12T11:15:11","slug":"mezopotamyanin-kadim-sehri-mardin-bianeli","status":"publish","type":"post","link":"https:\/\/www.sanatlarandevu.com\/?p=6842","title":{"rendered":"MEZOPOTAMYA&#8217;NIN KAD\u0130M \u015eEHR\u0130 MARD\u0130N B\u0130ANEL\u0130"},"content":{"rendered":"<p><strong>Gezi Program\u0131:<\/strong><\/p>\n<p>Siz de\u011ferli misafirlerimiz ile Atat\u00fcrk Havaliman\u0131\u2019nda sabah\u00a0<strong>saat 07:30\u2019da\u00a0<\/strong>bulu\u015fuyoruz.\u00a0<strong>TK2612\u00a0<\/strong>sefer say\u0131l\u0131 u\u00e7u\u015f ile 09:20\u2019de Diyarbak\u0131r\u2019a hareket ediyoruz. Planlanan ini\u015f saatimiz 09:50. Diyarbak\u0131r\u2019a vard\u0131ktan sonra bizi bekleyen ara\u00e7la birlikte \u015fehrin en g\u00fczel y\u00f6resel kahvalt\u0131s\u0131n\u0131 yapmak \u00fczere\u00a0<strong>Hasan Pa\u015fa Han\u2019a\u00a0<\/strong>gidiyoruz. Kahvalt\u0131dan sonra Mezapotamya\u2019n\u0131n kadim \u015fehri Mardin\u2019e do\u011fru yola \u00e7\u0131k\u0131yoruz.<\/p>\n<p><img decoding=\"async\" class=\"size-medium wp-image-852 aligncenter\" src=\"https:\/\/www.sanatlarandevu.com\/wp-content\/uploads\/2018\/01\/Image.ashx_-214x300.jpeg\" alt=\"\" \/><\/p>\n<p><em>Kadim topraklardaki 2 saatlik yolculu\u011fumuz sonras\u0131nda<strong>\u00a0Dara K\u00f6y\u00fc\u2019<\/strong>ne ula\u015f\u0131yoruz ve bu k\u00f6y s\u0131n\u0131rlar\u0131nda bulunan, Kuzey Mezopotamya\u2019n\u0131n Efes\u2019i say\u0131labilecek\u00a0<strong>Dara Antik Kenti\u2019ni\u00a0<\/strong>geziyoruz. K\u00f6y ahalisiyle sohbet edip, ak\u015fam yeme\u011fi ve konaklama i\u00e7in\u00a0Mezopotamya manzaras\u0131 ile Mardin\u2019in en iyi otellerinden olan\u00a0<strong>\u0130zala Otel<\/strong>&#8216;e\u00a0ula\u015f\u0131yoruz.<\/em><\/p>\n<ol start=\"2\">\n<li><strong> G\u00fcn Mardin (Bienal) 12 May\u0131s 2018 Cumartesi<\/strong><\/li>\n<\/ol>\n<p>Otelde kahvalt\u0131 sonras\u0131nda kendimizi Mardin sokaklar\u0131na b\u0131rak\u0131yoruz.\u00a0Bu y\u0131l d\u00f6rd\u00fcnc\u00fcs\u00fc d\u00fczenlenecek olan Mardin Bienali kapsam\u0131nda, as\u0131rl\u0131k duvarlarda sanat\u0131n ruhuna teslim oluyoruz.<\/p>\n<p>\u0130lk olarak 2010 y\u0131l\u0131nda ger\u00e7ekle\u015fen ve o g\u00fcnden sonra kendi b\u00f6lgesindeki ve hatta d\u00fcnya genelindeki sanat severler taraf\u0131nda b\u00fcy\u00fck ilgi g\u00f6rm\u00fc\u015f, \u00f6nemli etkinlikler aras\u0131na girmi\u015f olan\u00a0Mardin Bienali\u2019nin d\u00f6rd\u00fcnc\u00fc\u00a0edisyonunun k\u00fcrat\u00f6rl\u00fc\u011f\u00fcn\u00fc\u00a0F\u0131rat Arapo\u011flu, Nazl\u0131 G\u00fcrlek\u00a0ve\u00a0Derya Y\u00fccel\u2019den olu\u015fan ekip \u00fcstleniyor. &#8220;S\u00f6zden \u00d6te&#8221; ba\u015fl\u0131\u011f\u0131 ile bienalin mekanlar\u0131 aras\u0131nda Alman Karargah\u0131, Hamam, Mardin M\u00fczesi Galerisi, Revakl\u0131 \u00c7ar\u015f\u0131 D\u00fckkanlar\u0131 ve Marangozlar Kahvesi yer al\u0131yor. Sanat dan\u0131\u015fman\u0131m\u0131z e\u015fli\u011finde gezece\u011fimiz bienalde \u00f6\u011fle yeme\u011fimizi gezi s\u0131ras\u0131nda alaca\u011f\u0131z.<\/p>\n<p>Gezi sonras\u0131nda \u0130zala Otele d\u00f6n\u00fcyor, ak\u015fam yeme\u011fi i\u00e7inse y\u00f6renin en iyi mutfa\u011f\u0131na sahip\u00a0<strong>Cercis Murat Kona\u011f\u0131<\/strong>\u2019na gidiyoruz.<\/p>\n<ol start=\"3\">\n<li><strong> G\u00fcn Mardin Midyat \u2013 Hasankeyf Diyarbak\u0131r 13 May\u0131s 2018 Pazar<\/strong><\/li>\n<\/ol>\n<p>Otelde kahvalt\u0131 sonras\u0131nda \u00e7\u0131k\u0131\u015f i\u015flemlerimizi ger\u00e7ekle\u015ftiriyor ve\u00a0<strong>Midyat<\/strong>\u2019a do\u011fru yola \u00e7\u0131k\u0131yoruz.<\/p>\n<p>Midyat Yukar\u0131 Mezopotamya\u2019n\u0131n bir par\u00e7as\u0131 olan Turabdin B\u00f6lgesi\u2019nde kurulmu\u015f olup dokuzuncu y\u00fczy\u0131lda Asur tabletlerinde ma\u011fara kenti olarak ge\u00e7mekte. Tabletlerde ad\u0131 \u201c<strong>Matiate&#8221;<\/strong>\u00a0olarak ge\u00e7en \u015fehrin \u015fimdiki ad\u0131n\u0131n da buradan geldi\u011fi san\u0131l\u0131yor. Ta\u015f evleri, kemerleri ve sokaklar\u0131 ile Mardin\u2019in neredeyse ayn\u0131s\u0131 olan bu il\u00e7e, n\u00fcfusun art\u0131\u015f\u0131 ile 2 kilometre geni\u015flemi\u015f.<\/p>\n<p>Var\u0131\u015f\u0131m\u0131z sonras\u0131\u00a0<strong>Mor Gabriel Manast\u0131r\u0131\u2019n\u0131<\/strong>\u00a0ziyaret ediyoruz. Manast\u0131r\u0131n temelleri Savurlu Mor Smuel ile Kartminli Mor \u015eemun taraf\u0131ndan 397 y\u0131l\u0131nda at\u0131lm\u0131\u015f olup 615 ve 1049&#8217;da Metropolitlik Merkezi olmu\u015f. Manast\u0131rda, Kral Arcadius (395-408) zaman\u0131nda Mor \u015eemun taraf\u0131ndan bar\u0131nma ve dua yerleri yap\u0131lm\u0131\u015f.\u00a0Kral Theodosius (408-450) \u00e7a\u011f\u0131nda lahitlerin konaca\u011f\u0131 abide evi, Meryemana Kilisesi, Resuller Kilisesi, K\u0131rk\u015fehit Kilisesi, Mor Smuel Mabedi, kral k\u0131z\u0131 Theodora&#8217;n\u0131n Mor Smuel taraf\u0131ndan iyile\u015ftirilmesi nedeniyle Theodora Kubbesi, Mor \u015elemun Mabedi yap\u0131lm\u0131\u015f. Gezinin ard\u0131ndan Midyat\u2019a geri d\u00f6n\u00fcyoruz ve kentin sokaklar\u0131nda gezerek \u00f6\u011fle yeme\u011fimizi alaca\u011f\u0131m\u0131z Smayaa Otel\u2019e ula\u015f\u0131yoruz.<\/p>\n<p>Yemek sonras\u0131nda d\u00fcnya \u00fczerindeki en \u00f6nemli yerle\u015fim yerlerinden biri olan Hasankeyf\u2019e ula\u015fmak i\u00e7in yola \u00e7\u0131k\u0131yoruz.<\/p>\n<p>\u0130lk hangi halk\u0131n yerle\u015fti\u011fi bilinmese de insanl\u0131\u011f\u0131n en eski yerle\u015fim yerlerinden biri olan Hasakeyf; S\u00fcmerler, Akadlar, Asurlar, Babiller, Medler, Persler, Bizansl\u0131lar, Emeviler, Abbasiler, Hamdaniler, Artuklular, Mervaniler, Sel\u00e7uklular, Eyyubiler, Mo\u011follar, Osmanl\u0131lar ve T\u00fcrkler olmak \u00fczere bir\u00e7ok halka ev sahipli\u011fi yapm\u0131\u015f bir kent. B\u00f6lgenin toprak yap\u0131s\u0131ndan dolay\u0131 tek par\u00e7a kaya oyma yap\u0131lar hemen g\u00f6ze \u00e7arp\u0131yor. Y\u00fczlerce y\u0131ll\u0131k tarihi bar\u0131nd\u0131ran Hasankeyf\u2019i rehberimiz e\u015fli\u011finde geziyor ard\u0131ndan Diyarbak\u0131r\u2019a transferimizi ger\u00e7ekle\u015ftiriyoruz. THY, TK2611 sefer say\u0131l\u0131 Diyarbak\u0131r-\u0130stanbul u\u00e7u\u015fu ile saat 22:15\u2019te\u00a0\u0130stanbul\u2019a do\u011fru yola \u00e7\u0131k\u0131yoruz.<\/p>\n<p>&nbsp;<\/p>\n<table width=\"100%\">\n<tbody>\n<tr>\n<td>\u00a0TK2612<\/p>\n<p>T\u00fcrk Hava Yollar\u0131<\/p>\n<p>Airbus A321-231\u00a0Dar g\u00f6vde<\/td>\n<td>09:20<\/p>\n<p>\u0130stanbul, T\u00fcrkiye (IST)<\/p>\n<p>Atat\u00fcrk Havaliman\u0131<\/td>\n<td>11:15<\/p>\n<p>Diyarbak\u0131r, T\u00fcrkiye (DIY)<\/p>\n<p>Diyarbak\u0131r Havaliman\u0131<\/td>\n<td>1s 55d<\/td>\n<\/tr>\n<tr>\n<td>\u00a0TK2607<\/p>\n<p>T\u00fcrk Hava Yollar\u0131<\/p>\n<p>Airbus A320-232\u00a0Dar g\u00f6vde<\/td>\n<td>19:15<\/p>\n<p>Diyarbak\u0131r, T\u00fcrkiye (DIY)<\/p>\n<p>Diyarbak\u0131r Havaliman\u0131<\/td>\n<td>21:25<\/p>\n<p>\u0130stanbul, T\u00fcrkiye (IST)<\/p>\n<p>Atat\u00fcrk Havaliman\u0131<\/td>\n<td>2s 10d<\/td>\n<\/tr>\n<\/tbody>\n<\/table>\n<p>&nbsp;<\/p>\n<p><strong>GEZ\u0130 F\u0130YATINA DAH\u0130L OLAN H\u0130ZMETLER<\/strong><br \/>\n\u2022\u00a0\u00a0 \u00a0Belirtilen ve benzeri otellerde konaklama<br \/>\n\u2022\u00a0\u00a0 \u00a0Diyarbak\u0131r havaalan\u0131 ba\u015flang\u0131\u00e7 ve biti\u015fe kadar t\u00fcm transferler<br \/>\n\u2022\u00a0\u00a0 \u00a0Programda belirtilen t\u00fcm yemekler( y\u00f6resel lezzetler)<br \/>\n\u2022\u00a0\u00a0 \u00a0Sanat Dan\u0131\u015fman\u0131 e\u015fli\u011finde Bienal gezisi<br \/>\n\u2022\u00a0\u00a0 \u00a0Profesyonel rehberlik hizmeti<br \/>\n\u2022\u00a0\u00a0 \u00a0Hasankeyf gezisi<br \/>\n\u2022\u00a0\u00a0 \u00a0Midyat \u2013 Mor Gabrial gezisi<br \/>\n\u2022\u00a0\u00a0 \u00a0Dara Antik Kenti gezisi<br \/>\n\u2022\u00a0\u00a0 \u00a0Mardin gezisi<br \/>\n\u2022\u00a0\u00a0 \u00a0T\u00fcm \u00f6ren yerleri ve m\u00fczelerin giri\u015f \u00fccretleri<br \/>\n\u2022\u00a0\u00a0 \u00a0Seyahat sa\u011fl\u0131k sigortas\u0131<\/p>\n<p>F\u0130YAT: 1500,00 TL<\/p>\n<p><strong>GEZ\u0130 F\u0130YATINA DAH\u0130L OLMAYAN VE EKSTRA ALINACAK H\u0130ZMETLER<\/strong><br \/>\n\u2022\u00a0\u00a0 \u00a0Yemeklerde al\u0131nacak me\u015frubat ve alkoll\u00fc i\u00e7ecekler<br \/>\n\u2022\u00a0\u00a0 \u00a0Ahl \u2013 Diy-Ahl u\u00e7ak biletleri<\/p>\n<ul>\n<li>Bu program\u0131m\u0131z\u0131n t\u00fcm operasyonel i\u015f ak\u0131\u015f\u0131 TURSAB A Tipi yetki belgesine sahip Sacred7 Travel taraf\u0131ndan ger\u00e7ekle\u015ftirilmektedir.<\/li>\n<\/ul>\n<p><strong>4. Uluslararas\u0131 Mardin Bienali<\/strong><\/p>\n<div id=\"GeneralContainer\">\n<div id=\"ContentWrapper\">\n<div id=\"ContentContainer\">\n<div id=\"GundemDetailWrapper\">\n<div class=\"GundemContainer\">\n<div class=\"GundemDetailText\">\n<div class=\"ContentText\" data-type=\"ContentText\">\n<p>4. Uluslararas\u0131 Mardin Bienali\u00a0\u201cS\u00f6zden \u00d6te\u201d temas\u0131yla 4 May\u0131s 2018\u2019de a\u00e7\u0131l\u0131yor. \u0130lk kez ger\u00e7ekle\u015ftirildi\u011fi 2010 y\u0131l\u0131ndan bu yana hem ger\u00e7ekle\u015fti\u011fi co\u011frafyada hem de k\u00fcresel \u00f6l\u00e7ekte \u00f6nemli etkinlikler aras\u0131na giren Uluslararas\u0131 Mardin Bienali\u2019nin 4. edisyonunun k\u00fcrat\u00f6rl\u00fc\u011f\u00fcn\u00fc\u00a0F\u0131rat Arapo\u011flu, Nazl\u0131 G\u00fcrlek\u00a0ve\u00a0Derya Y\u00fccel\u2019den olu\u015fan ekip \u00fcstleniyor.<\/p>\n<\/div>\n<p>D\u00f6ne Otyam\u2018\u0131n direkt\u00f6rl\u00fc\u011f\u00fc ve Mardin Sinema Derne\u011fi\u2019nin ev sahipli\u011finde ger\u00e7ekle\u015ftirilecek 4. Uluslararas\u0131 Mardin Bienali\u2019nde, \u201cS\u00f6zden \u00d6te\u201d temas\u0131 alt\u0131nda bak\u0131\u015f, beden ve s\u0131n\u0131rlar kavramlar\u0131n\u0131 ele alan \u00e7al\u0131\u015fmalar yer alacak. Birbirleriyle etkile\u015fimli \u00fc\u00e7 tematik b\u00f6l\u00fcmden olu\u015fan etkinlikte, \u201cS\u00d6ZDEN \u00d6TE\u201d \u00fcstba\u015fl\u0131\u011f\u0131n\u0131n alt\u0131nda F\u0131rat Arapo\u011flu\u2019nun\u00a0\u201cSonsuz Bak\u0131\u015f\u201d, Nazl\u0131 G\u00fcrlek\u2019in\u00a0\u201cBeden Dili\u201d\u00a0ve Derya Y\u00fccel\u2019in\u00a0\u201cS\u0131n\u0131rlar ve E\u015fikler\u201d\u00a0ba\u015fl\u0131klar\u0131n\u0131 ta\u015f\u0131yan b\u00f6l\u00fcmlerinin her biri, s\u00f6z\u00fcn \u00f6tesindeki anlam \u00fcretme ve ifade bi\u00e7imlerine odaklan\u0131yor.<\/p>\n<\/div>\n<\/div>\n<\/div>\n<\/div>\n<\/div>\n<\/div>\n<div class=\"ContentBottomSection\">\n<div class=\"LoveItBtn\" data-category=\"news\" data-id=\"14032\"><\/div>\n<\/div>\n","protected":false},"excerpt":{"rendered":"<p>Gezi Program\u0131: Siz de\u011ferli misafirlerimiz ile Atat\u00fcrk Havaliman\u0131\u2019nda sabah\u00a0saat 07:30\u2019da\u00a0bulu\u015fuyoruz.\u00a0TK2612\u00a0sefer say\u0131l\u0131 u\u00e7u\u015f ile 09:20\u2019de Diyarbak\u0131r\u2019a hareket ediyoruz. Planlanan ini\u015f saatimiz 09:50. Diyarbak\u0131r\u2019a vard\u0131ktan sonra bizi bekleyen ara\u00e7la birlikte \u015fehrin en g\u00fczel y\u00f6resel kahvalt\u0131s\u0131n\u0131 yapmak \u00fczere\u00a0Hasan Pa\u015fa Han\u2019a\u00a0gidiyoruz. Kahvalt\u0131dan sonra Mezapotamya\u2019n\u0131n kadim \u015fehri Mardin\u2019e do\u011fru yola \u00e7\u0131k\u0131yoruz. Kadim topraklardaki 2 saatlik yolculu\u011fumuz sonras\u0131nda\u00a0Dara K\u00f6y\u00fc\u2019ne ula\u015f\u0131yoruz ve [&hellip;]<\/p>\n","protected":false},"author":1,"featured_media":7779,"comment_status":"open","ping_status":"open","sticky":false,"template":"","format":"standard","meta":{"footnotes":""},"categories":[121],"tags":[],"class_list":["post-6842","post","type-post","status-publish","format-standard","has-post-thumbnail","hentry","category-gezi"],"_links":{"self":[{"href":"https:\/\/www.sanatlarandevu.com\/index.php?rest_route=\/wp\/v2\/posts\/6842","targetHints":{"allow":["GET"]}}],"collection":[{"href":"https:\/\/www.sanatlarandevu.com\/index.php?rest_route=\/wp\/v2\/posts"}],"about":[{"href":"https:\/\/www.sanatlarandevu.com\/index.php?rest_route=\/wp\/v2\/types\/post"}],"author":[{"embeddable":true,"href":"https:\/\/www.sanatlarandevu.com\/index.php?rest_route=\/wp\/v2\/users\/1"}],"replies":[{"embeddable":true,"href":"https:\/\/www.sanatlarandevu.com\/index.php?rest_route=%2Fwp%2Fv2%2Fcomments&post=6842"}],"version-history":[{"count":5,"href":"https:\/\/www.sanatlarandevu.com\/index.php?rest_route=\/wp\/v2\/posts\/6842\/revisions"}],"predecessor-version":[{"id":7782,"href":"https:\/\/www.sanatlarandevu.com\/index.php?rest_route=\/wp\/v2\/posts\/6842\/revisions\/7782"}],"wp:featuredmedia":[{"embeddable":true,"href":"https:\/\/www.sanatlarandevu.com\/index.php?rest_route=\/wp\/v2\/media\/7779"}],"wp:attachment":[{"href":"https:\/\/www.sanatlarandevu.com\/index.php?rest_route=%2Fwp%2Fv2%2Fmedia&parent=6842"}],"wp:term":[{"taxonomy":"category","embeddable":true,"href":"https:\/\/www.sanatlarandevu.com\/index.php?rest_route=%2Fwp%2Fv2%2Fcategories&post=6842"},{"taxonomy":"post_tag","embeddable":true,"href":"https:\/\/www.sanatlarandevu.com\/index.php?rest_route=%2Fwp%2Fv2%2Ftags&post=6842"}],"curies":[{"name":"wp","href":"https:\/\/api.w.org\/{rel}","templated":true}]}}