{"id":6848,"date":"2024-03-08T13:58:06","date_gmt":"2024-03-08T13:58:06","guid":{"rendered":"https:\/\/ww2.sanatlarandevu.com\/bir-sanat-eseri-nasil-okunur-uc-donem-uc-sanat-akimi-bursa\/"},"modified":"2024-03-12T11:30:50","modified_gmt":"2024-03-12T11:30:50","slug":"bir-sanat-eseri-nasil-okunur-uc-donem-uc-sanat-akimi-bursa","status":"publish","type":"post","link":"https:\/\/www.sanatlarandevu.com\/?p=6848","title":{"rendered":"Bir Sanat Eseri Nas\u0131l Okunur? \u00dc\u00e7 D\u00f6nem, \u00dc\u00e7 Sanat Ak\u0131m\u0131 &#8211; Bursa"},"content":{"rendered":"<div dir=\"auto\">Sanatla randevumuz bu kez Bursa\u2019da;<\/div>\n<div dir=\"auto\"><\/div>\n<div dir=\"auto\">Kurulu\u015fu 1890 y\u0131llar\u0131na dayanan tarihi,huzur ve \u015fifal\u0131 termal sular\u0131yla \u00fcnl\u00fc<\/div>\n<div dir=\"auto\"><a href=\"http:\/\/www.gonluferah.com\" target=\"_blank\" rel=\"noopener\">G\u00f6nl\u00fcferah Otel Termal&amp;Spa\u2018da<\/a>\u00a010 Nisan tarihinde, sanat dan\u0131\u015fman\u0131m\u0131z Feride \u00c7elik e\u015fli\u011finde \u00a0\u00fc\u00e7 sanat ak\u0131m\u0131n\u0131 ve \u00fc\u00e7 d\u00f6nemi inceleyip, \u00fc\u00e7 adet tablo okumas\u0131 ger\u00e7ekle\u015ftirece\u011fiz.<\/div>\n<div dir=\"auto\"><\/div>\n<div dir=\"auto\">Barok resim \u00f6zelliklerine sahip olan Valezquez\u2019in \u201cLas Meninas\u201d\u0131na, Cezanne\u2019n\u0131n \u201cYikananlar\u201d tablosunda izlenimcilik ak\u0131m\u0131na ve en son olarak Pablo Picasso\u2019nun \u2019Avignon\u2019lu Kizlar\u2019 tablosunda Kubizm ak\u0131m\u0131n\u0131 de\u011ferlendirece\u011fiz.<\/div>\n<div dir=\"auto\"><\/div>\n<div dir=\"auto\"><img decoding=\"async\" class=\"alignnone size-medium wp-image-892 aligncenter\" src=\"https:\/\/www.sanatlarandevu.com\/wp-content\/uploads\/2018\/03\/Screen-Shot-2018-03-12-at-11.01.22-PM-300x182.png\" alt=\"\" \/><\/div>\n<div dir=\"auto\"><\/div>\n<div dir=\"auto\"><\/div>\n<div dir=\"auto\"><img decoding=\"async\" class=\"size-medium wp-image-893 aligncenter\" src=\"https:\/\/www.sanatlarandevu.com\/wp-content\/uploads\/2018\/03\/Screen-Shot-2018-03-12-at-11.00.17-PM-300x253.png\" alt=\"\" \/><\/div>\n<div dir=\"auto\"><\/div>\n<div dir=\"auto\"><img decoding=\"async\" class=\"size-medium wp-image-894 aligncenter\" src=\"https:\/\/www.sanatlarandevu.com\/wp-content\/uploads\/2018\/03\/Screen-Shot-2018-03-12-at-10.59.03-PM-260x300.png\" alt=\"\" \/><\/div>\n<div dir=\"auto\"><\/div>\n<div dir=\"auto\"><strong>Tarih:<\/strong> 10 Nisan 2018<\/div>\n<div dir=\"auto\"><strong>Saat:<\/strong> 11:30- 15:30<\/div>\n<div dir=\"auto\"><strong>Yer:<\/strong> <a href=\"http:\/\/www.gonluferah.com\" target=\"_blank\" rel=\"noopener\">G\u00f6nl\u00fcferah Otel Termal &amp; Spa<\/a><\/div>\n<div dir=\"auto\"><strong>\u00dccret:<\/strong> 190 TL\u00a0\u00a0(\u00f6\u011fle yeme\u011fi dahil)<\/div>\n<div dir=\"auto\">Turumuzla ilgili bilgi ve sat\u0131n almak i\u00e7in\u00a0<a href=\"https:\/\/www.sanatlarandevu.com\/contact\/\">bizimle kontak kurun.<\/a><\/div>\n<div dir=\"auto\"><\/div>\n<div dir=\"auto\">\n<div><strong>Tur Dan\u0131\u015fman\u0131m\u0131z:<\/strong><\/div>\n<div>\n<p><strong>FER\u0130DE \u00c7EL\u0130K<\/strong><\/p>\n<p>Marmara \u00dcniversitesi, \u0130ktisadi ve \u0130dari Bilimler Entstit\u00fcs\u00fc ile ba\u015flayan e\u011fitim d\u00f6nemi Boston University, Boston, Massachusetts, Old Dominion University, Yeditepe \u00dcniversitesi, I\u015f\u0131k \u00dcniversitesi Sanat Bilimi Doktora Program\u0131 ile devam etmi\u015ftir. E\u011fitimini yan\u0131nda resim, tak\u0131 tasar\u0131m ve yoga e\u011fitmenli\u011fi sertifikas\u0131 bulunmaktad\u0131r.\u00a01 Ocak 1970 y\u0131l\u0131nda Isparta\u2019da do\u011fan Feride Han\u0131m evli ve iki \u00e7ocuk annesidir.<\/p>\n<\/div>\n<\/div>\n<div dir=\"auto\"><\/div>\n<div dir=\"auto\"><\/div>\n","protected":false},"excerpt":{"rendered":"<p>Sanatla randevumuz bu kez Bursa\u2019da; Kurulu\u015fu 1890 y\u0131llar\u0131na dayanan tarihi,huzur ve \u015fifal\u0131 termal sular\u0131yla \u00fcnl\u00fc G\u00f6nl\u00fcferah Otel Termal&amp;Spa\u2018da\u00a010 Nisan tarihinde, sanat dan\u0131\u015fman\u0131m\u0131z Feride \u00c7elik e\u015fli\u011finde \u00a0\u00fc\u00e7 sanat ak\u0131m\u0131n\u0131 ve \u00fc\u00e7 d\u00f6nemi inceleyip, \u00fc\u00e7 adet tablo okumas\u0131 ger\u00e7ekle\u015ftirece\u011fiz. Barok resim \u00f6zelliklerine sahip olan Valezquez\u2019in \u201cLas Meninas\u201d\u0131na, Cezanne\u2019n\u0131n \u201cYikananlar\u201d tablosunda izlenimcilik ak\u0131m\u0131na ve en son olarak Pablo [&hellip;]<\/p>\n","protected":false},"author":1,"featured_media":7851,"comment_status":"open","ping_status":"open","sticky":false,"template":"","format":"standard","meta":{"footnotes":""},"categories":[121],"tags":[],"class_list":["post-6848","post","type-post","status-publish","format-standard","has-post-thumbnail","hentry","category-gezi"],"_links":{"self":[{"href":"https:\/\/www.sanatlarandevu.com\/index.php?rest_route=\/wp\/v2\/posts\/6848","targetHints":{"allow":["GET"]}}],"collection":[{"href":"https:\/\/www.sanatlarandevu.com\/index.php?rest_route=\/wp\/v2\/posts"}],"about":[{"href":"https:\/\/www.sanatlarandevu.com\/index.php?rest_route=\/wp\/v2\/types\/post"}],"author":[{"embeddable":true,"href":"https:\/\/www.sanatlarandevu.com\/index.php?rest_route=\/wp\/v2\/users\/1"}],"replies":[{"embeddable":true,"href":"https:\/\/www.sanatlarandevu.com\/index.php?rest_route=%2Fwp%2Fv2%2Fcomments&post=6848"}],"version-history":[{"count":2,"href":"https:\/\/www.sanatlarandevu.com\/index.php?rest_route=\/wp\/v2\/posts\/6848\/revisions"}],"predecessor-version":[{"id":7852,"href":"https:\/\/www.sanatlarandevu.com\/index.php?rest_route=\/wp\/v2\/posts\/6848\/revisions\/7852"}],"wp:featuredmedia":[{"embeddable":true,"href":"https:\/\/www.sanatlarandevu.com\/index.php?rest_route=\/wp\/v2\/media\/7851"}],"wp:attachment":[{"href":"https:\/\/www.sanatlarandevu.com\/index.php?rest_route=%2Fwp%2Fv2%2Fmedia&parent=6848"}],"wp:term":[{"taxonomy":"category","embeddable":true,"href":"https:\/\/www.sanatlarandevu.com\/index.php?rest_route=%2Fwp%2Fv2%2Fcategories&post=6848"},{"taxonomy":"post_tag","embeddable":true,"href":"https:\/\/www.sanatlarandevu.com\/index.php?rest_route=%2Fwp%2Fv2%2Ftags&post=6848"}],"curies":[{"name":"wp","href":"https:\/\/api.w.org\/{rel}","templated":true}]}}