{"id":6850,"date":"2024-03-08T13:58:06","date_gmt":"2024-03-08T13:58:06","guid":{"rendered":"https:\/\/ww2.sanatlarandevu.com\/nisantasi-art-walk\/"},"modified":"2024-03-12T11:30:07","modified_gmt":"2024-03-12T11:30:07","slug":"nisantasi-art-walk","status":"publish","type":"post","link":"https:\/\/www.sanatlarandevu.com\/?p=6850","title":{"rendered":"N\u0130\u015eANTA\u015eI ART WALK"},"content":{"rendered":"<p><strong>19 Nisan 2018, Per\u015fembe\u00a0<\/strong>g\u00fcn\u00fc\u00a0sanat dan\u0131\u015fman\u0131m\u0131z Feride \u00c7elik\u00a0e\u015fli\u011finde ger\u00e7ekle\u015ftirece\u011fimiz\u00a0<strong>N\u0130\u015eANTA\u015eI ART WALK<\/strong>\u00a0gezimizin detaylar\u0131:<\/p>\n<p>Sanat turumuza ba\u015flamak i\u00e7in\u00a0<strong>Per\u015fembe<\/strong>\u00a0sabah\u0131\u00a0<strong>10:30<\/strong>\u2019da\u00a0<strong>Vali Kona\u011f\u0131 Cad<\/strong>. \u00fczerindeki\u00a0<strong>Yekta Meyhane\u00a0<\/strong>\u00f6n\u00fcnde bulu\u015fuyoruz. (Askeri M\u00fcze\u2019nin yan\u0131nda yer alan Ma\u00e7ka Sanat Park\u0131 kar\u015f\u0131s\u0131nda).<\/p>\n<p>Program\u0131m\u0131za;\u00a0<strong>\u00c7a\u011fla Cabalo\u011flu<\/strong>\u2019nun sanat mekan\u0131ndaki \u00f6zel ki\u015fisel koleksiyonunu g\u00f6rerek ve kendisiyle sanat dolu bir sohbet yaparak ba\u015fl\u0131yoruz. Sonras\u0131nda Raffi Portakal\u2019\u0131n sahibi oldu\u011fu\u00a0<strong>Portakal Sanat ve K\u00fclt\u00fcr Evi<\/strong>\u2019ndeki \u00f6zel koleksiyonu geziyoruz. Ni\u015fanta\u015f\u0131\u2019n\u0131n en keyifli sokaklar\u0131ndan olan Atiye Sokak\u2019ta \u00f6\u011flen yeme\u011fi molam\u0131z\u0131n ard\u0131ndan gezimize\u00a0<strong>GaleriMiz<\/strong>\u2019de\u00a0<strong>Ye\u015fim \u00d6zkan \u00d6zyurt\u00e7u<\/strong>\u2019nun ki\u015fisel sergisi ile devam ediyoruz.\u00a0<strong>T\u00fcrker Art<\/strong>\u2019ta, bizlerle sohbet i\u00e7in Ankara\u2019dan gelecek olan, \u201cTemas\/Contact\u201d sergisi ile dikkatleri \u00fczerine \u00e7eken ressam\u00a0<strong>Gamze \u015eiriner<\/strong>\u00a0ile bulu\u015fuyoruz. Ard\u0131ndan\u00a0<strong>Bozlu Art Project<\/strong>\u2019i ziyaret ediyoruz.\u00a0<strong>Murat Germen<\/strong>\u2019in \u201cBulut\u201d isimli sergisinde, y\u0131llard\u0131r bir g\u00fcnl\u00fck tutar gibi biriktirdi\u011fi, do\u011fan\u0131n y\u00fcceli\u011fi ve ba\u011f\u0131ms\u0131zl\u0131\u011f\u0131n\u0131 ihti\u015faml\u0131 bir \u015fekilde yans\u0131tan foto\u011fraflar\u0131n\u0131 g\u00f6rme \u015fans\u0131 buluyoruz. Son olarak\u00a0<strong>Galeri X-ist<\/strong>\u2019te sanat\u00e7\u0131 olu\u015fumu\u00a0<strong>Kimera<\/strong>\u2019n\u0131n, kendi ismini ta\u015f\u0131yan ilk karma sergisini izleyip, gezimizi bitiriyoruz.<\/p>\n<p>Turumuzun 16:30\u2019da sona ermesini hedefliyoruz.<\/p>\n<p><strong>Tarih<\/strong>: 19 Nisan 2018, Per\u015fembe<\/p>\n<p><strong>Bulu\u015fma yeri<\/strong>: Yekta Meyhane \u00f6n\u00fc, Vali Kona\u011f\u0131 Cad. Ni\u015fanta\u015f\u0131<\/p>\n<p><strong>Saat<\/strong>: 10:30 &#8211; 16:30<\/p>\n<p><strong>Program \u00fccreti<\/strong>\u00a0:230 TL <a href=\"http:\/\/www.sacred7travel.com\/nisantasi-art-walk-19-04-2018\" target=\"_blank\" rel=\"noopener\">SATIN AL<\/a><\/p>\n<p><u>\u00d6\u011flen yeme\u011fi program\u0131m\u0131za dahildir.<\/u><\/p>\n<p><strong><u>(Turumuzun kontenjan\u0131 s\u0131n\u0131rl\u0131d\u0131r)<\/u><\/strong><\/p>\n<p><em>Sanat turumuz i\u00e7in \u00f6n rezervasyon yap\u0131p, tur \u00fccretini kredi kart\u0131 veya havale yolu ile yat\u0131rman\u0131zdan sonra kayd\u0131n\u0131z kesinle\u015fecektir.<\/em><\/p>\n<p>&nbsp;<\/p>\n","protected":false},"excerpt":{"rendered":"<p>19 Nisan 2018, Per\u015fembe\u00a0g\u00fcn\u00fc\u00a0sanat dan\u0131\u015fman\u0131m\u0131z Feride \u00c7elik\u00a0e\u015fli\u011finde ger\u00e7ekle\u015ftirece\u011fimiz\u00a0N\u0130\u015eANTA\u015eI ART WALK\u00a0gezimizin detaylar\u0131: Sanat turumuza ba\u015flamak i\u00e7in\u00a0Per\u015fembe\u00a0sabah\u0131\u00a010:30\u2019da\u00a0Vali Kona\u011f\u0131 Cad. \u00fczerindeki\u00a0Yekta Meyhane\u00a0\u00f6n\u00fcnde bulu\u015fuyoruz. (Askeri M\u00fcze\u2019nin yan\u0131nda yer alan Ma\u00e7ka Sanat Park\u0131 kar\u015f\u0131s\u0131nda). Program\u0131m\u0131za;\u00a0\u00c7a\u011fla Cabalo\u011flu\u2019nun sanat mekan\u0131ndaki \u00f6zel ki\u015fisel koleksiyonunu g\u00f6rerek ve kendisiyle sanat dolu bir sohbet yaparak ba\u015fl\u0131yoruz. Sonras\u0131nda Raffi Portakal\u2019\u0131n sahibi oldu\u011fu\u00a0Portakal Sanat ve K\u00fclt\u00fcr Evi\u2019ndeki \u00f6zel [&hellip;]<\/p>\n","protected":false},"author":1,"featured_media":7849,"comment_status":"open","ping_status":"open","sticky":false,"template":"","format":"standard","meta":{"footnotes":""},"categories":[121],"tags":[],"class_list":["post-6850","post","type-post","status-publish","format-standard","has-post-thumbnail","hentry","category-gezi"],"_links":{"self":[{"href":"https:\/\/www.sanatlarandevu.com\/index.php?rest_route=\/wp\/v2\/posts\/6850","targetHints":{"allow":["GET"]}}],"collection":[{"href":"https:\/\/www.sanatlarandevu.com\/index.php?rest_route=\/wp\/v2\/posts"}],"about":[{"href":"https:\/\/www.sanatlarandevu.com\/index.php?rest_route=\/wp\/v2\/types\/post"}],"author":[{"embeddable":true,"href":"https:\/\/www.sanatlarandevu.com\/index.php?rest_route=\/wp\/v2\/users\/1"}],"replies":[{"embeddable":true,"href":"https:\/\/www.sanatlarandevu.com\/index.php?rest_route=%2Fwp%2Fv2%2Fcomments&post=6850"}],"version-history":[{"count":2,"href":"https:\/\/www.sanatlarandevu.com\/index.php?rest_route=\/wp\/v2\/posts\/6850\/revisions"}],"predecessor-version":[{"id":7850,"href":"https:\/\/www.sanatlarandevu.com\/index.php?rest_route=\/wp\/v2\/posts\/6850\/revisions\/7850"}],"wp:featuredmedia":[{"embeddable":true,"href":"https:\/\/www.sanatlarandevu.com\/index.php?rest_route=\/wp\/v2\/media\/7849"}],"wp:attachment":[{"href":"https:\/\/www.sanatlarandevu.com\/index.php?rest_route=%2Fwp%2Fv2%2Fmedia&parent=6850"}],"wp:term":[{"taxonomy":"category","embeddable":true,"href":"https:\/\/www.sanatlarandevu.com\/index.php?rest_route=%2Fwp%2Fv2%2Fcategories&post=6850"},{"taxonomy":"post_tag","embeddable":true,"href":"https:\/\/www.sanatlarandevu.com\/index.php?rest_route=%2Fwp%2Fv2%2Ftags&post=6850"}],"curies":[{"name":"wp","href":"https:\/\/api.w.org\/{rel}","templated":true}]}}