{"id":6851,"date":"2024-03-08T13:58:06","date_gmt":"2024-03-08T13:58:06","guid":{"rendered":"https:\/\/ww2.sanatlarandevu.com\/serra-yilmaz-ile-toskana-gunesi-altinda\/"},"modified":"2024-03-12T11:29:16","modified_gmt":"2024-03-12T11:29:16","slug":"serra-yilmaz-ile-toskana-gunesi-altinda","status":"publish","type":"post","link":"https:\/\/www.sanatlarandevu.com\/?p=6851","title":{"rendered":"SERRA YILMAZ \u0130LE TOSKANA G\u00dcNE\u015e\u0130 ALTINDA"},"content":{"rendered":"<p><strong><span class=\"tour-list\">Tarih:<\/span>\u00a0<\/strong>16.05.2018 &#8211; 20.05.2018<\/p>\n<p><strong>Gezi Program\u0131:<\/strong><\/p>\n<p><strong>16 May\u0131s 2018 \u00c7ar\u015famba \/ \u0130stanbul \u2013 Bologna \u2013 Floransa\u00a0<\/strong><\/p>\n<p>Siz de\u011ferli misafirlerimiz ile 06:30\u2019da bulu\u015fmam\u0131z\u0131n ard\u0131ndan pasaport i\u015flemlerimizi ger\u00e7ekle\u015ftiriyoruz ve THY TK1321 sefer say\u0131l\u0131 u\u00e7u\u015fu ile saat 08:30\u2019da\u00a0<strong>Bologna<\/strong>\u2019ya hareket ediyoruz.<\/p>\n<p>Yakla\u015f\u0131k 2 saat 40 dakika s\u00fcrecek u\u00e7u\u015f sonras\u0131 Bologna Havaalan\u0131\u2019na yerel saat ile 10:10\u2019da var\u0131\u015f\u0131m\u0131z\u0131n ard\u0131ndan bizi bekleyen \u00f6zel arac\u0131m\u0131z ile\u00a0<strong>Bologna<\/strong>\u00a0\u015fehir turumuza ba\u015fl\u0131yoruz.<\/p>\n<p>Bologna tarih a\u00e7\u0131s\u0131ndan \u0130talya\u2019n\u0131n en \u00f6nemli \u015fehirlerindendir. Ayr\u0131ca yemek k\u00fclt\u00fcr\u00fc olarak en geli\u015fmi\u015f \u015fehridir. 1088 y\u0131l\u0131nda kurulan d\u00fcnyan\u0131n en eski \u00fcniversitesi bu \u015fehirde bulunmaktad\u0131r. \u015eehir gezimizde g\u00f6rece\u011fimiz ba\u015fl\u0131ca noktalar<strong>; Piazza Maggiore (<\/strong>Burada d\u00fcnyan\u0131n en b\u00fcy\u00fck 5. bazilikas\u0131 olan<strong>\u00a0San Petronio bazilikas\u0131 ve \u015fehir meclis binas\u0131n\u0131\u00a0<\/strong>g\u00f6rece\u011fiz<strong>.)\u00a0<\/strong>Meydan\u0131n en ilgi \u00e7ekici unsuru ise<strong>\u00a0Fontana del Nettuno (Neptun \u00c7e\u015fmesi).\u00a0\u00a0<\/strong><\/p>\n<p>\u00c7esmenin tasar\u0131m\u0131n\u0131 Palermo&#8217;lu<strong>\u00a0mimar Tommaso Lauranti\u00a0<\/strong>1563&#8217;de haz\u0131rlanm\u0131\u015ft\u0131r.<strong>\u00a0Neptun heykeli Floransa&#8217;da\u00a0<\/strong>yapt\u0131r\u0131lm\u0131\u015f olan<strong>\u00a0Nept\u00fcn \u00c7e\u015fmesi\u00a0<\/strong>sipari\u015fini kaybetmi\u015f olan Flaman as\u0131ll\u0131 heykeltras\u00a0<strong>Giambologna\u00a0<\/strong>taraf\u0131ndan yap\u0131lm\u0131\u015ft\u0131r. Heykel 1564&#8217;de tamamlanm\u0131\u015f ve 1567&#8217;de a\u00e7\u0131lm\u0131\u015ft\u0131r. E\u011fer restorasyonu bitmi\u015f olursa \u00a0\u00e7e\u015fmeyi g\u00f6rd\u00fckten sonra, s\u0131ras\u0131yla<strong>Piazza del Nettuna, Piazza Maggiore, Palazza di Re Enzo<\/strong>\u2019dur.<\/p>\n<p>\u015eehir gezimiz esnas\u0131nda \u00f6\u011fle yeme\u011fimizi\u00a0<strong><em>belirlenmi\u015f olan restoran\u0131m\u0131zda<\/em><\/strong>\u00a0yiyoruz ve sonras\u0131nda\u00a0<strong>Floransa<\/strong>\u2019ya haraket ediyoruz.<\/p>\n<p>Yakla\u015f\u0131k bir bu\u00e7uk saatlik yolculu\u011fumuzun ard\u0131ndan \u015fehrin en iyi otellerinden olan otelimize ula\u015f\u0131yoruz.<\/p>\n<p>Otelimize yerle\u015fme ve dinlenme sonras\u0131nda de\u011ferli misafirlerimiz ile bulu\u015fuyor ve ak\u015fam yeme\u011fimiz i\u00e7in Serra Y\u0131lmaz\u2019\u0131n bizler i\u00e7in se\u00e7mi\u015f oldu\u011fu\u00a0<strong><em>restoran\u0131m\u0131za<\/em><\/strong>\u00a0gidiyoruz.<\/p>\n<p><strong>17 May\u0131s 2018 Per\u015fembe \/ Floransa \u2013 San Gimignano\u00a0<\/strong><\/p>\n<p>Otelimizde yapaca\u011f\u0131m\u0131z kahvalt\u0131m\u0131z\u0131n ard\u0131ndan\u00a0<strong>Davut Heykeli\u2019<\/strong>nin de sergilendi\u011fi\u00a0<strong>Galleria dell&#8217;Accademia Galerisi\u2019<\/strong>ne hareket ediyoruz.<\/p>\n<p><strong>Davut Heykeli<\/strong>,\u00a0<strong>Michelangelo Buonarroti<\/strong>\u00a0taraf\u0131ndan 1501 y\u0131l\u0131nda yap\u0131m\u0131na ba\u015flanm\u0131\u015f ve 1504 tarihinde tamamlanm\u0131\u015ft\u0131r. Geni\u015f \u00e7evrelerce, Michelangelo\u2019nun en iyi iki heykelinden biri ve R\u00f6nesans heykel sanat\u0131n\u0131n bir ba\u015fyap\u0131t\u0131 olarak kabul edilmektedir. Eser, Davut\u2019un\u00a0<strong>Golyat\u2019<\/strong>a sald\u0131rmaya karar verdi\u011fi an\u0131 simgelemektedir. 5,17 metre y\u00fcksekli\u011findeki mermer heykel Floransa\u2019n\u0131n bir sembol\u00fc niteli\u011findedir.<\/p>\n<p>Galleria dell\u2019Accademia gezimiz sonras\u0131nda Prens Corsini\u2019lere ait olan bah\u00e7e i\u00e7erisinde \u0130talya\u2019n\u0131n en \u00f6zel el sanatlar\u0131 \u00fcr\u00fcnlerini g\u00f6rebilece\u011fimiz\u00a0<strong><em>Artigianato E Palazzo\u2019<\/em><\/strong><em>ya geliyoruz.<\/em><\/p>\n<p>\u00d6\u011fle yeme\u011fimizi gezimiz esnas\u0131nda bah\u00e7e i\u00e7erisinde serbest olarak yiyoruz.<\/p>\n<p>Belirtilen saatte misafirlerimiz ile bulu\u015fuyor ve Floransa\u2019ya veda ederek b\u00f6lgenin en iyi \u00e7iftlik otellerinden olan\u00a0<strong><em>otelimize<\/em><\/strong>hareket ediyoruz.<\/p>\n<p>Var\u0131\u015f\u0131m\u0131z\u0131 takiben odalar\u0131m\u0131za yerle\u015fme ve dinlenme sonras\u0131 ak\u015fam yeme\u011fimizi otelde yiyoruz.<\/p>\n<p><strong>18 May\u0131s 2018 Cuma \/ San Gimignano \u2013 Siena \u2013 San Gimignano<\/strong><\/p>\n<p>Otelimizde yapaca\u011f\u0131m\u0131z kahvalt\u0131m\u0131z\u0131n ard\u0131ndan,\u00a0<strong><em>San Gimignano<\/em><\/strong>\u2019ya hareket ediyoruz.<\/p>\n<p>Adeta bir kalenin i\u00e7inde ya\u015f\u0131yorsunuz hissi veren bu \u015fehirdeki her yap\u0131 14.y\u00fczy\u0131ldan kalmad\u0131r. San Gimignano Toskana\u2019n\u0131n en iyi korunmu\u015f Orta\u00e7a\u011f kentlerinden biridir.\u00a0<strong>13 Kuleli \u015eehir<\/strong>\u00a0olarak bilinen San Gimignano\u2019da rakip soylu aileler taraf\u0131ndan in\u015fa edilen \u015fehirde merkez olarak kabul edilen\u00a0<strong>Cisterne Meydan\u0131<\/strong>\u00a0ziyaret edilecektir.<\/p>\n<p>&#8220;Orta\u00e7a\u011f\u0131n Manhattan\u0131&#8221; olarak adland\u0131r\u0131lan \u015fehrin 12. ve 13. y\u00fczy\u0131llarda yap\u0131lm\u0131\u015f olan yetmi\u015f alt\u0131 adet kulelerinden g\u00fcn\u00fcm\u00fcze de on d\u00f6rt tanesi ayakta kalabilmi\u015ftir. Beldenin tarihi merkezinin tipik Orta\u00e7a\u011f mimarisi ve g\u00f6r\u00fcn\u00fc\u015f\u00fcn\u00fc korumas\u0131 dolay\u0131s\u0131yla\u00a0<strong><em>San Gimignano<\/em><\/strong>, UNESCO D\u00fcnya Miraslar\u0131 \u0130talya listesinde bulunmaktad\u0131r.<\/p>\n<p><strong><em>Galeria Continua<\/em><\/strong>\u00a0(<a href=\"http:\/\/www.galleriacontinua.com\/\" target=\"_blank\" rel=\"noopener\">http:\/\/www.galleriacontinua.com\/<\/a>\u00a0) San Gimignano\u2019daki ziyaret duraklar\u0131m\u0131zdan biridir.<\/p>\n<p>\u00d6\u011fle yeme\u011fimiz i\u00e7in bir Orta \u00c7a\u011f \u015fehri olan\u00a0<strong><em>Siena<\/em><\/strong>\u2018ya do\u011fru hareket ediyoruz. \u00dc\u00e7 tepe \u00fczerine kurulu olan Siena, Toskana b\u00f6lgesinin kalbi niteli\u011finde. \u00c7ok iyi \u015fekilde korunmu\u015f tarihi dokusu nedeniyle ziyaret\u00e7ilerine bir zaman yolculu\u011funa \u00e7\u0131kma imkan\u0131 sunuyor. Bu \u00f6zelli\u011fi sayesinde b\u00f6lge, UNESCO&#8217;nun D\u00fcnya Miras\u0131 Listesi&#8217;ne yer almakta.<\/p>\n<p>Uzun ve dar sokaklar\u0131n her biri Piazza del Campo Meydan\u0131&#8217;na \u00e7\u0131k\u0131yor. Deniz kabu\u011fu \u015feklindeki bu meydan Avrupa&#8217;n\u0131n en b\u00fcy\u00fck kent meydanlar\u0131ndan biri olarak kabul edilmekte. \u0130talya&#8217;n\u0131n en ihti\u015faml\u0131 katedrallerinden birisi olan\u00a0<strong><em>Siena Duomo<\/em><\/strong>ise siyah-beyaz ta\u015flar kullan\u0131larak in\u015fa edilmi\u015f tarihi bir yap\u0131. Hristiyan d\u00fcnyas\u0131n\u0131n en b\u00fcy\u00fck katedrali olmas\u0131 amac\u0131yla in\u015fa edilen\u00a0<strong><em>Duomo<\/em><\/strong>&#8216;nun in\u015faat\u0131 salg\u0131n hastal\u0131klar nedeniyle uzun s\u00fcre ertelenmi\u015f, bitti\u011finde ise amac\u0131na ula\u015famam\u0131\u015f.<\/p>\n<p>Keyifli ge\u00e7en Siena gezimiz sonras\u0131nda ak\u015fam yeme\u011fimizi al\u0131yoruz ve yemek sonras\u0131nda,\u00a0<strong><em>San<\/em><\/strong>\u00a0<strong><em>Gimignano<\/em><\/strong>\u2019da bulunan otelimize hareket ediyoruz.<\/p>\n<p><strong>19 May\u0131s 2018 Cumartesi Greve &#8211;\u00a0<\/strong><strong>Castello di Verrazzano<\/strong><strong>\u00a0\u2013 San Gimignano<\/strong><\/p>\n<p>Otelimizde yapaca\u011f\u0131m\u0131z kahvalt\u0131m\u0131z\u0131n ard\u0131ndan\u00a0<strong><em>Chianti<\/em><\/strong>\u2019ye do\u011fru yola \u00e7\u0131k\u0131yoruz.<\/p>\n<p>Gezimize\u00a0<strong>Greve<\/strong>\u00a0kasabas\u0131 ile ba\u015fl\u0131yoruz. Uzun ve dar sokaklar\u0131nda dola\u015f\u0131rken evlerin pencerelerinden sarkan \u00e7i\u00e7eklerin s\u0131cakl\u0131\u011f\u0131 ile bizi kar\u015f\u0131layan bu kasaba, \u00e7i\u00e7eklerle kapl\u0131 tarlalar\u0131, ye\u015fil tepeleri, selvi a\u011fa\u00e7lar\u0131yla Toskana\u2019n\u0131n en \u00e7ok ziyaret edilen b\u00f6lgelerinden birisidir. B\u00f6lgenin en b\u00fcy\u00fck \u00f6zelli\u011fi ise d\u00fcnya \u00e7ap\u0131nda \u00fcnl\u00fc olan \u015faraplar\u0131d\u0131r.<\/p>\n<p>\u00d6\u011fle yeme\u011fimiz i\u00e7in\u00a0<strong><em>Castello di Verrazzano<\/em><\/strong>\u2019ya (<a href=\"http:\/\/www.verrazzano.com\/en\/\" target=\"_blank\" rel=\"noopener\">http:\/\/www.verrazzano.com\/en\/<\/a>\u00a0\u00a0) gidiyoruz.<\/p>\n<p><strong><em>Verrazzano Kalesi<\/em><\/strong>, Chianti\u2019nin kalbinde, Floransa ve Siena aras\u0131ndaki Greve\u2019de yer almaktad\u0131r. Ba\u015flang\u0131\u00e7ta kale Etr\u00fcsk\u2019lerdeyken sonra Roma hakimiyetine ge\u00e7mi\u015f ve 1000 y\u0131l\u0131 a\u015fk\u0131n s\u00fcre de bu s\u0131n\u0131rlarda kalm\u0131\u015f. Burada b\u00fcy\u00fck \u015farap gelene\u011fi haline gelen \u201cVerrazzano \u00fcz\u00fcm ba\u011flar\u0131n\u0131n\u201d 1150 y\u0131l\u0131na dayanan hikayesi vard\u0131r. Bu arada Kale VII y\u00fczy\u0131ldan 1900\u2019lerin ortalar\u0131na kadar\u00a0Verrazzano ailesinin mal\u0131 olmu\u015ftur. Verrazzano\u2019lar\u0131n en me\u015fhuru, New York k\u00f6rfezinin ve g\u00fcn\u00fcm\u00fczdeki Do\u011fu k\u0131y\u0131lar\u0131n\u0131n b\u00fcy\u00fck b\u00f6l\u00fcm\u00fcn\u00fcn ka\u015fifi Giovanni da Verrazzano, bu kalede 1485\u2019de do\u011fmu\u015ftur. Bu sebepten New York\u2019taki Brooklyn ile Staten Adas\u0131 aras\u0131ndaki \u00fcnl\u00fc k\u00f6pr\u00fc, 1964\u2019te Verrazzano K\u00f6pr\u00fcs\u00fc ad\u0131n\u0131 alm\u0131\u015ft\u0131r.<\/p>\n<p>Belirtilen saatte otelimize hareket ediyor ve dinlenme sonras\u0131 ak\u015fam yeme\u011fimizi otelde yiyoruz.<\/p>\n<p><strong>20 May\u0131s 2018 Pazar \/ \u00a0Arezzo \u2013 Bologna \u2013 \u0130stanbul\u00a0<\/strong><\/p>\n<p>Otelde yapaca\u011f\u0131m\u0131z kahvalt\u0131 sonras\u0131 \u00e7\u0131k\u0131\u015f i\u015flemlerimizin ard\u0131ndan Toskana\u2019n\u0131n bir di\u011fer \u015firin kasabas\u0131 olan Gezilerimiz sonras\u0131 &#8216;<strong><em>La Vita \u00e9 Bella&#8217;\u00a0<\/em><\/strong>(Hayat G\u00fczeldir) filminin \u00e7ekildi\u011fi yer olan\u00a0<strong><em>Arezzo<\/em><\/strong>\u2019ya hareket ediyoruz.\u00a0Toskana b\u00f6lgesinde bulunan yakla\u015f\u0131k 100 bin n\u00fcfuslu ufac\u0131k ve ama \u00e7ok sevimli bir \u015fehir olan Arezzo\u2019nun sokaklar\u0131nda kendimizi \u015fehrin b\u00fcy\u00fcs\u00fcne kapt\u0131r\u0131yoruz.<\/p>\n<p>\u00d6\u011fle yeme\u011fimizi serbest zaman i\u00e7erisinde yedikten sonra de\u011ferli misafirlerimiz ile bulu\u015fuyor ve havaliman\u0131na do\u011fru hareket ediyoruz.<\/p>\n<p>Bologna Havaliman\u0131\u2019na var\u0131\u015f\u0131m\u0131z\u0131 takiben, pasaport ve bagaj i\u015flemlerinin ard\u0131ndan THY TK1326 sefer say\u0131l\u0131 u\u00e7u\u015fumuz ile saat 18:55 te \u0130stanbul\u2019a hareket ediyor ve 22:20\u2019te var\u0131\u015f\u0131m\u0131z\u0131 ger\u00e7ekle\u015ftiriyoruz.<\/p>\n<p><strong>Fiyat:<\/strong> 2260,00 EUR<a href=\"http:\/\/www.sacred7travel.com\/serra-yilmaz-ile-toskana-gunesi-altinda-16-05-2018\" target=\"_blank\" rel=\"noopener\"> SATIN ALMAK \u0130\u00c7\u0130N<\/a><\/p>\n<p><strong>GEZ\u0130M\u0130ZE DAH\u0130L OLAN H\u0130ZMETLER<\/strong><\/p>\n<ul>\n<li>Belirtilen otellerde oda kahvalt\u0131 konaklama<br \/>\n\u2022\u00a0\u00a0Programda bulunan transferler<br \/>\n\u2022\u00a0\u00a0\u015eehir gezileri<br \/>\n\u2022\u00a0\u00a0Bologna<br \/>\n\u2022\u00a0\u00a0San Gimignano<br \/>\n\u2022\u00a0\u00a0Floransa<br \/>\n\u2022\u00a0\u00a0Greve in Chianti<br \/>\n\u2022\u00a0\u00a0Siena<br \/>\n\u2022\u00a0\u00a0Arezzo<br \/>\n\u2022\u00a0\u00a0Giri\u015f \u00fccretleri<br \/>\n\u2022\u00a0\u00a0Galleria dell&#8217;Accademia Galerisi<br \/>\n\u2022\u00a0\u00a0Galeria Continua<br \/>\n\u2022\u00a0\u00a02 \u00f6\u011fle yeme\u011fi<br \/>\n\u2022\u00a0\u00a03 ak\u015fam yeme\u011fi<br \/>\n\u2022\u00a0\u00a0Zorunlu seyahat sigortas\u0131<br \/>\n\u2022\u00a0\u00a0\u0130kramlar<br \/>\n\u2022\u00a0\u00a0Serra Y\u0131lmaz s\u00f6yle\u015fileri<br \/>\n\u2022\u00a0\u00a0\u0130talya\u2019da profesyonel rehberlik dan\u0131\u015fmanl\u0131\u011f\u0131 ve rehberli\u011fi<\/li>\n<\/ul>\n<p><strong>GEZ\u0130M\u0130ZE F\u0130YATLAMASINA DAH\u0130L OLMAYAN H\u0130ZMETLER<\/strong><\/p>\n<ul>\n<li>Gidi\u015f d\u00f6n\u00fc\u015f u\u00e7ak biletleri<br \/>\n\u2022\u00a0\u00a0Yap\u0131lacak \u015fahsi harcamalar<br \/>\n\u2022\u00a0\u00a0Vize<br \/>\n\u2022\u00a0\u00a0Yurt d\u0131\u015f\u0131 \u00e7\u0131k\u0131\u015f harc\u0131<\/li>\n<\/ul>\n<p><strong>\u0130ptal ko\u015fullar\u0131:<\/strong>\u00a0Seyahat tarihine 60 g\u00fcn kala yap\u0131lan rezervasyon iptallerinde paket \u00fccretinin %30&#8217;u, 40 g\u00fcne kadar yap\u0131lan iptallerde paket \u00fccretinin %50&#8217;si, daha sonraki iptallerde paket \u00fccretinin tamam\u0131 yanar. Seyahat sigortas\u0131 iptal ko\u015fullar\u0131 ge\u00e7erlidir.<\/p>\n","protected":false},"excerpt":{"rendered":"<p>Tarih:\u00a016.05.2018 &#8211; 20.05.2018 Gezi Program\u0131: 16 May\u0131s 2018 \u00c7ar\u015famba \/ \u0130stanbul \u2013 Bologna \u2013 Floransa\u00a0 Siz de\u011ferli misafirlerimiz ile 06:30\u2019da bulu\u015fmam\u0131z\u0131n ard\u0131ndan pasaport i\u015flemlerimizi ger\u00e7ekle\u015ftiriyoruz ve THY TK1321 sefer say\u0131l\u0131 u\u00e7u\u015fu ile saat 08:30\u2019da\u00a0Bologna\u2019ya hareket ediyoruz. Yakla\u015f\u0131k 2 saat 40 dakika s\u00fcrecek u\u00e7u\u015f sonras\u0131 Bologna Havaalan\u0131\u2019na yerel saat ile 10:10\u2019da var\u0131\u015f\u0131m\u0131z\u0131n ard\u0131ndan bizi bekleyen \u00f6zel [&hellip;]<\/p>\n","protected":false},"author":1,"featured_media":7847,"comment_status":"open","ping_status":"open","sticky":false,"template":"","format":"standard","meta":{"footnotes":""},"categories":[121],"tags":[],"class_list":["post-6851","post","type-post","status-publish","format-standard","has-post-thumbnail","hentry","category-gezi"],"_links":{"self":[{"href":"https:\/\/www.sanatlarandevu.com\/index.php?rest_route=\/wp\/v2\/posts\/6851","targetHints":{"allow":["GET"]}}],"collection":[{"href":"https:\/\/www.sanatlarandevu.com\/index.php?rest_route=\/wp\/v2\/posts"}],"about":[{"href":"https:\/\/www.sanatlarandevu.com\/index.php?rest_route=\/wp\/v2\/types\/post"}],"author":[{"embeddable":true,"href":"https:\/\/www.sanatlarandevu.com\/index.php?rest_route=\/wp\/v2\/users\/1"}],"replies":[{"embeddable":true,"href":"https:\/\/www.sanatlarandevu.com\/index.php?rest_route=%2Fwp%2Fv2%2Fcomments&post=6851"}],"version-history":[{"count":2,"href":"https:\/\/www.sanatlarandevu.com\/index.php?rest_route=\/wp\/v2\/posts\/6851\/revisions"}],"predecessor-version":[{"id":7848,"href":"https:\/\/www.sanatlarandevu.com\/index.php?rest_route=\/wp\/v2\/posts\/6851\/revisions\/7848"}],"wp:featuredmedia":[{"embeddable":true,"href":"https:\/\/www.sanatlarandevu.com\/index.php?rest_route=\/wp\/v2\/media\/7847"}],"wp:attachment":[{"href":"https:\/\/www.sanatlarandevu.com\/index.php?rest_route=%2Fwp%2Fv2%2Fmedia&parent=6851"}],"wp:term":[{"taxonomy":"category","embeddable":true,"href":"https:\/\/www.sanatlarandevu.com\/index.php?rest_route=%2Fwp%2Fv2%2Fcategories&post=6851"},{"taxonomy":"post_tag","embeddable":true,"href":"https:\/\/www.sanatlarandevu.com\/index.php?rest_route=%2Fwp%2Fv2%2Ftags&post=6851"}],"curies":[{"name":"wp","href":"https:\/\/api.w.org\/{rel}","templated":true}]}}