{"id":6852,"date":"2024-03-08T13:58:06","date_gmt":"2024-03-08T13:58:06","guid":{"rendered":"https:\/\/ww2.sanatlarandevu.com\/feride-celik-ile-baksida-sanat-eylul-2018-programi\/"},"modified":"2024-03-12T11:28:42","modified_gmt":"2024-03-12T11:28:42","slug":"feride-celik-ile-baksida-sanat-eylul-2018-programi","status":"publish","type":"post","link":"https:\/\/www.sanatlarandevu.com\/?p=6852","title":{"rendered":"FER\u0130DE \u00c7EL\u0130K \u0130LE BAKSI\u2019DA SANAT Eyl\u00fcl 2018 Program\u0131"},"content":{"rendered":"<p><img loading=\"lazy\" decoding=\"async\" class=\"alignnone wp-image-922\" src=\"https:\/\/www.sanatlarandevu.com\/wp-content\/uploads\/2018\/04\/baks\u01311.jpeg\" alt=\"\" width=\"328\" height=\"218\" \/> <img loading=\"lazy\" decoding=\"async\" class=\"alignnone wp-image-923\" src=\"https:\/\/www.sanatlarandevu.com\/wp-content\/uploads\/2018\/04\/baks\u01312-300x200.jpg\" alt=\"\" width=\"329\" height=\"219\" \/><\/p>\n<p><strong>Bu gezimizin kontenjan\u0131 dolmu\u015ftur<\/strong>. Ekim 2018 ay\u0131nda d\u00fczenlenecek olan etkinli\u011fimize <a href=\"https:\/\/www.sanatlarandevu.com\/feride-celik-ile-baksida-sanat-ekim-2018-programi\/\">buradan<\/a> ula\u015fabilirsiniz.<\/p>\n<p><b>GEZ\u0130 PROGRAMI<\/b><\/p>\n<ol>\n<li><strong>G\u00fcn : 7 EYL\u00dcL CUMA &#8211; \u0130STANBUL \/ ERZURUM \/ BAYBURT<\/strong><\/li>\n<\/ol>\n<p>Sabiha G\u00f6k\u00e7en Havaliman\u0131\u2019nda 7:30\u2019da bulu\u015fmam\u0131z\u0131n ard\u0131ndan Anadolu Jet\u2019in TK7400 sefer say\u0131l\u0131 u\u00e7u\u015fu ile 8:05\u2019te Erzurum\u2019a hareket ediyor ve 9:50\u2019de var\u0131\u015f\u0131m\u0131z\u0131 takiben arac\u0131m\u0131zla \u015fehir merkezine ula\u015f\u0131yoruz. Tabyalar, \u00dc\u00e7 K\u00fcmbetler, \u00c7ifte Minareli Medrese, Ulu Camii, Erzurum Evleri gezileri ve \u00f6\u011fle yeme\u011fi ard\u0131ndan konaklama i\u00e7in Baks\u0131 Konuk Evi\u2019ne gidiyoruz. Bir s\u00fcre dinlendikten sonra ak\u015fam yeme\u011fi i\u00e7in Baks\u0131 M\u00fczesi\u2019nin muhte\u015fem ortam\u0131nda solu\u011fu al\u0131yoruz. Buradaki ak\u015fam yeme\u011fi sonras\u0131nda Baks\u0131 M\u00fczesi klasi\u011fi olan terasta ate\u015fin etraf\u0131nda Prof. Dr. H\u00fcsamettin Ko\u00e7an Hoca ile tan\u0131\u015f\u0131p sanat s\u00f6yle\u015fileri ger\u00e7ekle\u015ftiriyoruz. Konaklamam\u0131z Baks\u0131 Konuk Evi\u2019nde&#8230;<\/p>\n<ol start=\"2\">\n<li><strong>G\u00fcn : 8 EYL\u00dcL CUMARTES\u0130 &#8211; BAYBURT<\/strong><\/li>\n<\/ol>\n<p>Sabah kahvalt\u0131m\u0131z\u0131 Baks\u0131 M\u00fczesi\u2019nin muhte\u015fem ortam\u0131nda ald\u0131ktan sonra Baks\u0131 M\u00fczesi\u2019ni ve m\u00fczedeki yeni sergiyi t\u00fcm detaylar\u0131yla anlat\u0131m e\u015fli\u011finde geziyor ve bilgi al\u0131yoruz. Baks\u0131 M\u00fczesi gezimiz sonras\u0131nda ehram dokuma ve kilim at\u00f6lyelerini geziyoruz ve ehram tezg\u00e2hlar\u0131nda, unutulmaya y\u00fcz tutan geleneksel bir dokuma olan ehram\u0131n dokumas\u0131n\u0131 deneme \u015fans\u0131 buluyoruz. Ard\u0131ndan, bizim i\u00e7in \u00f6zel haz\u0131rlanm\u0131\u015f olan men\u00fc e\u015fli\u011finde \u00f6\u011fle yeme\u011fi yiyoruz. \u00d6\u011fleden sonra kete yap\u0131lmas\u0131n\u0131 izliyor ve tad\u0131yoruz. \u00a0Ard\u0131ndan konferans salonunda Baks\u0131 M\u00fczesi\u2019nin ge\u00e7mi\u015f projeleri ile ilgili bir sunum izliyoruz.<\/p>\n<p>Ak\u015fam yeme\u011fini Baks\u0131 M\u00fczesi\u2019nin muhte\u015fem ortam\u0131nda yiyoruz. Konaklamam\u0131z Baks\u0131 Konuk Evi\u2019nde olacak.<\/p>\n<ol start=\"3\">\n<li><strong>G\u00fcn : 9 EYL\u00dcL PAZAR &#8211; BAYBURT \/ ERZURUM \/ \u0130STANBUL<\/strong><\/li>\n<\/ol>\n<p>Sabah kahvalt\u0131s\u0131n\u0131 Baks\u0131 M\u00fczesi\u2019nin muhte\u015fem ortam\u0131nda ald\u0131ktan sonra Huykesen A\u011fac\u0131\u2019na y\u00fcr\u00fcy\u00fc\u015f yap\u0131yoruz. Ard\u0131ndan Depo M\u00fczeyi t\u00fcm detaylar\u0131yla anlat\u0131m e\u015fli\u011finde geziyor ve bilgi al\u0131yoruz. Gezilerimiz sonras\u0131nda Baks\u0131 M\u00fczesi d\u00fckkan\u0131ndan al\u0131\u015fveri\u015f yapma \u015fans\u0131n\u0131 yakal\u0131yoruz.<\/p>\n<p>\u00d6\u011fle yeme\u011fimizi k\u00f6ydeki bal\u0131k\u00e7\u0131da ald\u0131ktan sonra \u00c7oruh Nehri k\u0131y\u0131s\u0131nda y\u00fcr\u00fcy\u00fc\u015f yap\u0131yoruz.<\/p>\n<p>Konukevine d\u00f6n\u00fcp dinlendikten sonra belirtilen saatte konuk evinden \u00e7\u0131k\u0131\u015f yaparak Erzurum Havaalan\u0131\u2019na do\u011fru hareket ediyoruz. Anadolu Jet\u2019in TK7409 sefer say\u0131l\u0131 u\u00e7u\u015fu ile 20:25\u2019te \u0130stanbul\u2019a d\u00f6n\u00fcyoruz.<\/p>\n<p><strong>GEZ\u0130 F\u0130YATINA DAH\u0130L OLAN H\u0130ZMETLER<\/strong><\/p>\n<ul>\n<li>Baks\u0131 Konukevi\u2019nde 2 Gece Konaklama<\/li>\n<li>Gezi S\u0131ras\u0131ndaki T\u00fcm Transferler<\/li>\n<li>2 Sabah Kahvalt\u0131s\u0131<\/li>\n<li>3 \u00d6\u011fle Yeme\u011fi<\/li>\n<li>2\u00a0Ak\u015fam Yeme\u011fi<\/li>\n<li>Sanat Dan\u0131\u015fman\u0131m\u0131z Feride \u00c7elik ile s\u00f6yle\u015filer<\/li>\n<li>TURSAB Seyahat Sigortas\u0131<\/li>\n<\/ul>\n<p><strong>GEZ\u0130 F\u0130YATINA DAH\u0130L OLMAYAN VE EKSTRA ALINACAK H\u0130ZMETLER<\/strong><\/p>\n<ul>\n<li>Gidi\u015f-D\u00f6n\u00fc\u015f U\u00e7ak Biletleri<\/li>\n<li>Yemeklerde Al\u0131nacak Ekstra \u0130\u00e7ecekler<\/li>\n<li>T\u00fcm Ki\u015fisel Harcamalar<\/li>\n<\/ul>\n<p><strong>KONAKLAMA<\/strong>:<\/p>\n<p>Baks\u0131 Konukevi\u00a0<a href=\"http:\/\/www.baksi.org\/konuk-evi\" data-saferedirecturl=\"https:\/\/www.google.com\/url?q=http:\/\/www.baksi.org\/konuk-evi&amp;source=gmail&amp;ust=1535783541543000&amp;usg=AFQjCNHa-LFfIGGeqieNtyxOiQvTLJ3SOA\" target=\"_blank\" rel=\"noopener\">www.Baks\u0131.org\/konuk-evi<\/a><\/p>\n<p><strong>U\u00c7U\u015eLAR<\/strong>:<\/p>\n<p><strong>G\u0130D\u0130\u015e\u00a0<\/strong>\u0130stanbul &#8211; Erzurum, 7 Eyl\u00fcl Cuma<\/p>\n<p>Anadolu Jet TK7400 U\u00c7U\u015e KALKI\u015e \u0130stanbul 08:05 VARI\u015e Erzurum 09:50 S\u00dcRE 1s 45d<\/p>\n<p><strong>D\u00d6N\u00dc\u015e\u00a0<\/strong>Erzurum &#8211; \u0130stanbul, 9 Eyl\u00fcl Pazar<\/p>\n<p>Anadolu Jet TK7409 U\u00c7U\u015e KALKI\u015e Erzurum 20:25 VARI\u015e \u0130stanbul 22:20 S\u00dcRE 1s 55d<\/p>\n<p><strong>\u00a0<\/strong><\/p>\n<p><b>FER\u0130DE \u00c7EL\u0130K<\/b><\/p>\n<p>Marmara \u00dcniversitesi, \u0130ktisadi ve \u0130dari Bilimler Entstit\u00fcs\u00fc ile ba\u015flayan e\u011fitim d\u00f6nemi Boston University, Boston, Massachusetts, Old Dominion University, Yeditepe \u00dcniversitesi, I\u015f\u0131k \u00dcniversitesi Sanat Bilimi Doktora Program\u0131 ile devam etmi\u015ftir. E\u011fitiminin yan\u0131nda resim, tak\u0131 tasar\u0131m ve yoga e\u011fitmenli\u011fi sertifikas\u0131 bulunmaktad\u0131r.\u00a01 Ocak 1970 y\u0131l\u0131nda Isparta\u2019da do\u011fan Feride Han\u0131m evli ve iki \u00e7ocuk annesidir.<\/p>\n<p><b>\u0130ptal ko\u015fullar\u0131:<\/b><\/p>\n<p>Kat\u0131l\u0131mc\u0131n\u0131n gerekli t\u00fcm \u00f6zeni g\u00f6stermesine ra\u011fmen \u00f6ng\u00f6remedi\u011fi ve engelleyemedi\u011fi bir durum veya m\u00fccbir sebep nedeniyle paket turun ba\u015flamas\u0131na otuz g\u00fcnden daha az bir s\u00fcre kala fesih bildiriminde bulunmas\u0131 halinde, \u00f6denmesi zorunlu vergi, har\u00e7 ve benzeri yasal y\u00fck\u00fcml\u00fcl\u00fcklerden do\u011fan masraflar ile \u00fc\u00e7\u00fcnc\u00fc ki\u015filere \u00f6denip belgelendirilebilen ve iadesi m\u00fcmk\u00fcn olmayan bedeller hari\u00e7 olmak \u00fczere, herhangi bir kesinti yap\u0131lmaks\u0131z\u0131n kat\u0131l\u0131mc\u0131n\u0131n \u00f6demi\u015f oldu\u011fu bedel kendisine iade edilir. Seyahat tarihine 30 g\u00fcn kala yap\u0131lan rezervasyon iptallerinde paket \u00fccretinin %50&#8217;si, daha sonraki iptallerde paket \u00fccretinin tamam\u0131 geri iade edilmez. Seyahat sigortas\u0131 iptal ko\u015fullar\u0131 ge\u00e7erlidir.<\/p>\n<p><b><i>**Acentam\u0131z gerekli g\u00f6rd\u00fc\u011f\u00fc durumlarda (B\u00f6lge ko\u015fullar\u0131 itibari ile olumsuz hava ko\u015fullar\u0131, yol engeli, grev, ter\u00f6r, sava\u015f, sava\u015f ihtimali ) misafirlerimizin g\u00fcvenli\u011fi \u00f6n planda olmak \u00fczere tur iptali hakk\u0131n\u0131 sakl\u0131 tutmaktad\u0131r.<\/i><\/b><\/p>\n","protected":false},"excerpt":{"rendered":"<p>Bu gezimizin kontenjan\u0131 dolmu\u015ftur. Ekim 2018 ay\u0131nda d\u00fczenlenecek olan etkinli\u011fimize buradan ula\u015fabilirsiniz. GEZ\u0130 PROGRAMI G\u00fcn : 7 EYL\u00dcL CUMA &#8211; \u0130STANBUL \/ ERZURUM \/ BAYBURT Sabiha G\u00f6k\u00e7en Havaliman\u0131\u2019nda 7:30\u2019da bulu\u015fmam\u0131z\u0131n ard\u0131ndan Anadolu Jet\u2019in TK7400 sefer say\u0131l\u0131 u\u00e7u\u015fu ile 8:05\u2019te Erzurum\u2019a hareket ediyor ve 9:50\u2019de var\u0131\u015f\u0131m\u0131z\u0131 takiben arac\u0131m\u0131zla \u015fehir merkezine ula\u015f\u0131yoruz. Tabyalar, \u00dc\u00e7 K\u00fcmbetler, \u00c7ifte Minareli [&hellip;]<\/p>\n","protected":false},"author":1,"featured_media":7845,"comment_status":"open","ping_status":"open","sticky":false,"template":"","format":"standard","meta":{"footnotes":""},"categories":[121],"tags":[],"class_list":["post-6852","post","type-post","status-publish","format-standard","has-post-thumbnail","hentry","category-gezi"],"_links":{"self":[{"href":"https:\/\/www.sanatlarandevu.com\/index.php?rest_route=\/wp\/v2\/posts\/6852","targetHints":{"allow":["GET"]}}],"collection":[{"href":"https:\/\/www.sanatlarandevu.com\/index.php?rest_route=\/wp\/v2\/posts"}],"about":[{"href":"https:\/\/www.sanatlarandevu.com\/index.php?rest_route=\/wp\/v2\/types\/post"}],"author":[{"embeddable":true,"href":"https:\/\/www.sanatlarandevu.com\/index.php?rest_route=\/wp\/v2\/users\/1"}],"replies":[{"embeddable":true,"href":"https:\/\/www.sanatlarandevu.com\/index.php?rest_route=%2Fwp%2Fv2%2Fcomments&post=6852"}],"version-history":[{"count":2,"href":"https:\/\/www.sanatlarandevu.com\/index.php?rest_route=\/wp\/v2\/posts\/6852\/revisions"}],"predecessor-version":[{"id":7846,"href":"https:\/\/www.sanatlarandevu.com\/index.php?rest_route=\/wp\/v2\/posts\/6852\/revisions\/7846"}],"wp:featuredmedia":[{"embeddable":true,"href":"https:\/\/www.sanatlarandevu.com\/index.php?rest_route=\/wp\/v2\/media\/7845"}],"wp:attachment":[{"href":"https:\/\/www.sanatlarandevu.com\/index.php?rest_route=%2Fwp%2Fv2%2Fmedia&parent=6852"}],"wp:term":[{"taxonomy":"category","embeddable":true,"href":"https:\/\/www.sanatlarandevu.com\/index.php?rest_route=%2Fwp%2Fv2%2Fcategories&post=6852"},{"taxonomy":"post_tag","embeddable":true,"href":"https:\/\/www.sanatlarandevu.com\/index.php?rest_route=%2Fwp%2Fv2%2Ftags&post=6852"}],"curies":[{"name":"wp","href":"https:\/\/api.w.org\/{rel}","templated":true}]}}