{"id":6853,"date":"2024-03-08T13:58:06","date_gmt":"2024-03-08T13:58:06","guid":{"rendered":"https:\/\/ww2.sanatlarandevu.com\/nezih-basgelen-danismanliginda-dunyanin-ilk-tapinagi-gobeklitepe\/"},"modified":"2024-03-12T11:27:53","modified_gmt":"2024-03-12T11:27:53","slug":"nezih-basgelen-danismanliginda-dunyanin-ilk-tapinagi-gobeklitepe","status":"publish","type":"post","link":"https:\/\/www.sanatlarandevu.com\/?p=6853","title":{"rendered":"NEZ\u0130H BA\u015eGELEN DANI\u015eMANLI\u011eINDA D\u00dcNYANIN \u0130LK TAPINA\u011eI G\u00d6BEKL\u0130TEPE"},"content":{"rendered":"<div class=\"page\" title=\"Page 2\">\n<div class=\"layoutArea\">\n<div class=\"column\">\n<p><strong>TAR\u0130H:<\/strong> 19 &#8211; 20 May\u0131s 2018<\/p>\n<p><strong>GEZ\u0130 PROGRAMI<\/strong><\/p>\n<p><em>1. G\u00fcn: 19 May\u0131s 2018, Cumartesi &#8211; \u0130stanbul \/ \u015eanl\u0131urfa<\/em><\/p>\n<p>Siz de\u011ferli misafirlerimiz ile Atat\u00fcrk Havaliman\u0131 \u0130\u00e7 Hatlar Terminali\u2019nde 04:00\u2018te bulu\u015fmam\u0131z\u0131n ard\u0131ndan T\u00fcrk Hava Yollar\u0131\u2019n\u0131n TK2246 sefer say\u0131l\u0131 u\u00e7u\u015fu ile saat 05:25\u2019te \u015eanl\u0131urfa\u2019ya hareket ediyoruz. Var\u0131\u015f\u0131m\u0131z\u0131n ard\u0131ndan ilk \u00f6nce otele gidiyor ve kahvalt\u0131 al\u0131yoruz. Kahvalt\u0131 sonras\u0131 kutsal bal\u0131klar\u0131 ve \u00e7evrelerindeki tarihi eserler ile \u015eanl\u0131urfa&#8217;n\u0131n en \u00e7ok ziyaret\u00e7i \u00e7eken yerlerinden biri olan Bal\u0131kl\u0131 G\u00f6l ve Urfa Kalesinin \u00f6n\u00fcnde yer almakta olan ve 150 metrekare alan\u0131 bulunan Zeliha G\u00f6l\u2019\u00fcn\u00fc g\u00f6r\u00fcyoruz. Sonras\u0131nda Hz. \u0130brahim\u2019in do\u011fdu\u011fu ve daha sonra Mevlid-i Halil Cami avlusuna al\u0131nan ma\u011faray\u0131 ziyaret ediyoruz. Hz. \u0130brahim 7 ya\u015f\u0131na kadar bu ma\u011farada ya\u015fam\u0131\u015f olup ayr\u0131ca ma\u011faran\u0131n i\u00e7erisinde bulunan suyun, \u015fifal\u0131 oldu\u011funa ve bir \u00e7ok hastal\u0131\u011f\u0131 iyile\u015ftirdi\u011fine inan\u0131lmaktad\u0131r. Sipahi pazar\u0131 ile Bedesten \u00e7ar\u015f\u0131lar\u0131n\u0131 da g\u00f6rd\u00fckten sonra meydan\u0131n hemen yan\u0131nda bulunan Kanuni Sultan S\u00fcleyman zaman\u0131nda 1563 y\u0131l\u0131nda Urfa Sancakbeyi Halhall\u0131 Behram Pa\u015fa taraf\u0131ndan yapt\u0131r\u0131lan G\u00fcmr\u00fck Han\u2019a geliyoruz. Osmanl\u0131\u2019dan kalma iki katl\u0131 bir ticaret merkezi olan, avlusundaki y\u00fczy\u0131ll\u0131k \u00e7\u0131nar a\u011fa\u00e7lar\u0131 ile tarihin \u00e7e\u015fitli d\u00f6nemlerine tan\u0131kl\u0131k etmi\u015f G\u00fcmr\u00fck Han\u2019\u0131 g\u00f6rd\u00fckten sonra \u00f6\u011fle yeme\u011fimizi yerel bir lokantada al\u0131yoruz.<\/p>\n<p>\u00d6\u011fle yeme\u011fi sonras\u0131nda \u00fc\u00e7 semavi dinin de kabul etti\u011fi Hz. \u0130brahim\u2019in ata vatan\u0131 Harran gezisi i\u00e7in yola \u00e7\u0131k\u0131yoruz. Harran ayr\u0131ca kelime anlam\u0131 olarak da eski uygarl\u0131klarda \u2018\u2019yollar\u0131n kavu\u015ftu\u011fu yer\u2019\u2019 anlam\u0131na gelir. Harran\u2019a var\u0131\u015f\u0131m\u0131za takiben \u00dcniversite, Surlar, Konik K\u00fcmbet Evler, H\u00f6y\u00fck ve yine ayn\u0131 b\u00f6lgede bulunan Ulu Cami\u2019yi g\u00f6r\u00fcyoruz. Harran ovas\u0131n\u0131n g\u00fczelli\u011fini seyrettikten sonra otelimize do\u011fru yola \u00e7\u0131k\u0131yoruz. Geziler sonras\u0131nda otele transfer oluyoruz. Manici Otel\u2019de s\u0131ra gecesi e\u015fli\u011finde ak\u015fam yeme\u011fi ve konaklama.<\/p>\n<p><em>2. G\u00fcn: 20 May\u0131s 2018, Pazar &#8211; \u015eanl\u0131urfa \/ \u0130stanbul<\/em><\/p>\n<p>Sabah kahvalt\u0131s\u0131n\u0131n ard\u0131ndan arkeolojinin g\u00f6zbebe\u011fi 12 bin y\u0131ll\u0131k G\u00f6beklitepe Tap\u0131na\u011f\u0131\u2019na do\u011fru yola \u00e7\u0131k\u0131yoruz. Cilal\u0131 Ta\u015f Devri\u2019nden kalma G\u00f6beklitepe, d\u00fcnyan\u0131n bilinen en eski dini yap\u0131lar\u0131ndan olu\u015fuyor. G\u00f6beklitepe bu zamana kadar bilinen en eski yap\u0131t ve tap\u0131naktan 7500 y\u0131l daha eskiye ait. G\u00f6beklitepe&#8217;nin ke\u015ffine kadar bilinen en eski tap\u0131nak ise Malta&#8217;da bulunmakta ve 5000 ya\u015f\u0131nda. Ayr\u0131ca Stonehenge&#8217;den 7000, M\u0131s\u0131r piramitlerinden ise 7500 y\u0131l daha ya\u015fl\u0131. Arkeologlar boylar\u0131 3 ile 6 metre aras\u0131nda de\u011fi\u015fen T bi\u00e7imindeki s\u00fctunlar\u0131n stilize edilmi\u015f insan fig\u00fcrleri olduklar\u0131n\u0131 d\u00fc\u015f\u00fcn\u00fcyorlar. S\u00fctunlar \u00fczerine yans\u0131t\u0131lan di\u011fer fig\u00fcrlerden farkl\u0131 olarak a\u015fa\u011f\u0131 do\u011fru iner \u015fekilde tasvir edilen 3 boyutlu aslan kabartmas\u0131 dikkat \u00e7ekiyor.<\/p>\n<p>\u0130nsanl\u0131k tarihi hakk\u0131nda bildiklerimizi yeniden d\u00fc\u015f\u00fcnmemizi sa\u011flayacak bu gezi sonras\u0131nda \u00f6\u011fle yeme\u011fini yerel bir lokantada al\u0131yoruz.<\/p>\n<p>\u00d6\u011fleden sonra Paleolitik \u00c7a\u011f\u2019dan \u0130slamiyet d\u00f6nemine kadar yakla\u015f\u0131k 10.000 eserin sergilendi\u011fi, 34.000 metrekare kapal\u0131 alan\u0131 ile T\u00fcrkiye\u2019nin en b\u00fcy\u00fck m\u00fczesi olma \u00f6zelli\u011fini ta\u015f\u0131yan Halepli Bah\u00e7e M\u00fczesi\u2019ni ve \u015eanl\u0131urfa\u2019da ka\u00e7ak kaz\u0131da \u00e7\u0131kar\u0131larak yurtd\u0131\u015f\u0131na ka\u00e7\u0131r\u0131lan Orpheus mozai\u011finin, tekrar bin 821 y\u0131l \u00f6nce do\u011fdu\u011fu topraklarda sergilendi\u011fi Edessa Mozaikleri M\u00fczesi\u2019ni ziyaret ediyoruz. Gezimiz sonras\u0131nda ak\u015fam yeme\u011fimiziyerel bir lokantada al\u0131p \u015eanl\u0131urfa Havaalan\u0131\u2019na transfer oluyoruz. Check-in i\u015flemlerinin ard\u0131ndan T\u00fcrk Hava Yollar\u0131\u2019n\u0131n TK2249 sefer say\u0131l\u0131 u\u00e7u\u015fu ile saat 22:25\u2019te \u0130stanbul\u2019a hareket ediyoruz.<\/p>\n<p><strong>F\u0130YAT TABLOSU<\/strong><\/p>\n<table width=\"392\">\n<tbody>\n<tr>\n<td width=\"237\"><strong>U\u00c7AK HAR\u0130\u00c7<\/strong><\/td>\n<td width=\"155\"><strong>\u00a0T\u00dcM PROGRAM<\/strong><\/td>\n<\/tr>\n<tr>\n<td width=\"237\"><strong>\u00a0NAK\u0130T VEYA BANKA HAVALES\u0130<\/strong><\/td>\n<td width=\"155\"><strong>\u00a01200 TL<\/strong><\/td>\n<\/tr>\n<tr>\n<td width=\"237\"><strong>\u00a0S\u0130NGLE FARKI<\/strong><\/td>\n<td width=\"155\"><strong>\u00a0175 TL<\/strong><\/td>\n<\/tr>\n<\/tbody>\n<\/table>\n<p><strong>\u00a0Sat\u0131n Almak i\u00e7in:<\/strong> info@sanatlarandevu.com<\/p>\n<\/div>\n<\/div>\n<\/div>\n<div class=\"page\" title=\"Page 3\">\n<div class=\"layoutArea\">\n<div class=\"column\">\n<p>DAH\u0130L OLAN H\u0130ZMETLER:<\/p>\n<ul>\n<li>Gezi s\u0131ras\u0131nda t\u00fcm transferler<\/li>\n<li>\u00a0Gezi s\u0131ras\u0131nda belirtilen \u00f6\u011fle ve ak\u015fam yemekleri<\/li>\n<li>\uf0b7 \u00a02 sabah kahvalt\u0131s\u0131<\/li>\n<li>\uf0b7 \u00a01 gece belirtilen otelde konaklama<\/li>\n<li>\uf0b7 \u00a0S\u0131ra Gecesi<\/li>\n<li>\u00a02 \u00f6\u011fle ve 2 ak\u015fam yeme\u011fi<\/li>\n<li>\uf0b7 \u00a0Zorunlu seyahat sigortas\u0131<\/li>\n<li>M\u00fcze ve \u00f6ren yerleri giri\u015f \u00fccretleri<\/li>\n<li>\u0130kramlarDAH\u0130L OLMAYAN H\u0130ZMETLER:<\/li>\n<\/ul>\n<ul>\n<li>Yemeklerde al\u0131nacak i\u00e7ecekler<\/li>\n<li>Gidi\u015f &#8211; d\u00f6n\u00fc\u015f u\u00e7ak biletleri<\/li>\n<li>\u015eahsi harcamalar<\/li>\n<li>Bah\u015fi\u015flerU\u00c7U\u015e B\u0130LG\u0130LER\u0130G\u0130D\u0130\u015e \u0130stanbul &#8211; \u015eanl\u0131urfa, 19 May\u0131s Cumartesi<br \/>\nU\u00c7U\u015e Turkish Airlines TK2246 KALKI\u015e \u0130stanbul 05:25 VARI\u015e \u015eanl\u0131urfa 07:10 S\u00dcRE 1s 45d D\u00d6N\u00dc\u015e \u015eanl\u0131urfa &#8211; \u0130stanbul, 20 May\u0131s Pazar<br \/>\nU\u00c7U\u015e Turkish Airlines TK2249 KALKI\u015e \u015eanl\u0131urfa 22:25 VARI\u015e \u0130stanbul 00:30 S\u00dcRE 2s 5d<\/li>\n<\/ul>\n<\/div>\n<\/div>\n<div class=\"layoutArea\">\n<div class=\"column\">\n<p>&nbsp;<\/p>\n<\/div>\n<\/div>\n<\/div>\n<div class=\"page\" title=\"Page 4\">\n<div class=\"layoutArea\">\n<div class=\"column\">\n<p><strong>Gezi Dan\u0131\u015fman\u0131m\u0131z \/ Arkeolog Nezih BA\u015eGELEN<\/strong><\/p>\n<p>1978&#8217;de konusunda \u00fclkemizdeki ilk pop\u00fcler yay\u0131n olan Arkeoloji ve Sanat Dergisi&#8217;ni \u00e7\u0131kard\u0131. D\u00f6rt ayda bir yay\u0131nlanan derginin en son 123. say\u0131s\u0131 \u00e7\u0131kar\u0131lm\u0131\u015ft\u0131r. 1986&#8217;da T\u00fcrkiye&#8217;nin tarihi do\u011fal ve turistik de\u011ferlerine d\u00f6n\u00fck hizmet veren g\u00f6rsel dok\u00fcman ar\u015fivini (Celsus Picture Library) olu\u015fturdu. \u00c7ocuklara y\u00f6nelik tarihi eserleri ve eski uygarl\u0131klar\u0131 sevdirmeyi ama\u00e7layan e\u011fitici boyama kitaplar\u0131 projesini ba\u015flatt\u0131. \u00dclkemizin karakteristik zenginli\u011fini olu\u015fturan tarihi ve do\u011fal de\u011ferlerin yok olmamas\u0131 i\u00e7in m\u00fccadele etti. Yazd\u0131\u011f\u0131 yaz\u0131lar, verdi\u011fi konferanslar, yay\u0131nlad\u0131\u011f\u0131 kitaplar, d\u00fczenledi\u011fi etkinliklerle arkeolojinin ve eski eserlerin korunmas\u0131n\u0131n \u00fclkemiz kamuoyunda yer almas\u0131n\u0131 sa\u011flad\u0131.<\/p>\n<p>Bilimsel veriler ve tarihi kaynaklara dayand\u0131rarak 1970&#8217;li y\u0131llarda Anadolu&#8217;nun en ucra k\u00f6\u015felerine de\u011fin giderek gezi yaz\u0131lar\u0131 yay\u0131nlad\u0131. Yurt i\u00e7inde ve yurt d\u0131\u015f\u0131nda arkeoloji ile ilgili toplant\u0131 ve etkinliklerde \u00fclkemizi ba\u015far\u0131yla temsil etti.<\/p>\n<p><strong>\u0130ptal ko\u015fullar\u0131:<\/strong><\/p>\n<p>Kat\u0131l\u0131mc\u0131n\u0131n gerekli t\u00fcm \u00f6zeni g\u00f6stermesine ra\u011fmen \u00f6ng\u00f6remedi\u011fi ve engelleyemedi\u011fi bir durum veya m\u00fccbir sebep nedeniyle paket turun ba\u015flamas\u0131na otuz g\u00fcnden daha az bir s\u00fcre kala fesih bildiriminde bulunmas\u0131 halinde, \u00f6denmesi zorunlu vergi, har\u00e7 ve benzeri yasal y\u00fck\u00fcml\u00fcl\u00fcklerden do\u011fan masraflar ile \u00fc\u00e7\u00fcnc\u00fc ki\u015filere \u00f6denip belgelendirilebilen ve iadesi m\u00fcmk\u00fcn olmayan bedeller hari\u00e7 olmak \u00fczere, herhangi bir kesinti yap\u0131lmaks\u0131z\u0131n kat\u0131l\u0131mc\u0131n\u0131n \u00f6demi\u015f oldu\u011fu bedel kendisine iade edilir. Seyahat tarihine 30 g\u00fcn kala yap\u0131lan rezervasyon iptallerinde paket \u00fccretinin %50&#8217;si, daha sonraki iptallerde paket \u00fccretinin tamam\u0131 geri iade edilmez. Seyahat sigortas\u0131 iptal ko\u015fullar\u0131 ge\u00e7erlidir.<\/p>\n<p>* Program\u0131m\u0131z\u0131n ger\u00e7ekle\u015fece\u011fi tarihlerde G\u00f6beklitepe\u2018nin ziyaret\u00e7ilere a\u00e7\u0131k olup olmama durumu Acentam\u0131z yetkisi d\u0131\u015f\u0131ndad\u0131r.<\/p>\n<p>**Acentam\u0131z gerekli g\u00f6rd\u00fc\u011f\u00fc durumlarda (B\u00f6lge ko\u015fullar\u0131 itibari ile olumsuz hava ko\u015fullar\u0131, yol engeli, grev, ter\u00f6r, sava\u015f, sava\u015f ihtimali) misafirlerimizin g\u00fcvenli\u011fi \u00f6n planda olmak \u00fczere tur iptali hakk\u0131n\u0131 sakl\u0131 tutmaktad\u0131r.<\/p>\n<\/div>\n<\/div>\n<\/div>\n","protected":false},"excerpt":{"rendered":"<p>TAR\u0130H: 19 &#8211; 20 May\u0131s 2018 GEZ\u0130 PROGRAMI 1. G\u00fcn: 19 May\u0131s 2018, Cumartesi &#8211; \u0130stanbul \/ \u015eanl\u0131urfa Siz de\u011ferli misafirlerimiz ile Atat\u00fcrk Havaliman\u0131 \u0130\u00e7 Hatlar Terminali\u2019nde 04:00\u2018te bulu\u015fmam\u0131z\u0131n ard\u0131ndan T\u00fcrk Hava Yollar\u0131\u2019n\u0131n TK2246 sefer say\u0131l\u0131 u\u00e7u\u015fu ile saat 05:25\u2019te \u015eanl\u0131urfa\u2019ya hareket ediyoruz. Var\u0131\u015f\u0131m\u0131z\u0131n ard\u0131ndan ilk \u00f6nce otele gidiyor ve kahvalt\u0131 al\u0131yoruz. Kahvalt\u0131 sonras\u0131 kutsal [&hellip;]<\/p>\n","protected":false},"author":1,"featured_media":7843,"comment_status":"open","ping_status":"open","sticky":false,"template":"","format":"standard","meta":{"footnotes":""},"categories":[121],"tags":[],"class_list":["post-6853","post","type-post","status-publish","format-standard","has-post-thumbnail","hentry","category-gezi"],"_links":{"self":[{"href":"https:\/\/www.sanatlarandevu.com\/index.php?rest_route=\/wp\/v2\/posts\/6853","targetHints":{"allow":["GET"]}}],"collection":[{"href":"https:\/\/www.sanatlarandevu.com\/index.php?rest_route=\/wp\/v2\/posts"}],"about":[{"href":"https:\/\/www.sanatlarandevu.com\/index.php?rest_route=\/wp\/v2\/types\/post"}],"author":[{"embeddable":true,"href":"https:\/\/www.sanatlarandevu.com\/index.php?rest_route=\/wp\/v2\/users\/1"}],"replies":[{"embeddable":true,"href":"https:\/\/www.sanatlarandevu.com\/index.php?rest_route=%2Fwp%2Fv2%2Fcomments&post=6853"}],"version-history":[{"count":2,"href":"https:\/\/www.sanatlarandevu.com\/index.php?rest_route=\/wp\/v2\/posts\/6853\/revisions"}],"predecessor-version":[{"id":7844,"href":"https:\/\/www.sanatlarandevu.com\/index.php?rest_route=\/wp\/v2\/posts\/6853\/revisions\/7844"}],"wp:featuredmedia":[{"embeddable":true,"href":"https:\/\/www.sanatlarandevu.com\/index.php?rest_route=\/wp\/v2\/media\/7843"}],"wp:attachment":[{"href":"https:\/\/www.sanatlarandevu.com\/index.php?rest_route=%2Fwp%2Fv2%2Fmedia&parent=6853"}],"wp:term":[{"taxonomy":"category","embeddable":true,"href":"https:\/\/www.sanatlarandevu.com\/index.php?rest_route=%2Fwp%2Fv2%2Fcategories&post=6853"},{"taxonomy":"post_tag","embeddable":true,"href":"https:\/\/www.sanatlarandevu.com\/index.php?rest_route=%2Fwp%2Fv2%2Ftags&post=6853"}],"curies":[{"name":"wp","href":"https:\/\/api.w.org\/{rel}","templated":true}]}}