{"id":6854,"date":"2024-03-08T13:58:06","date_gmt":"2024-03-08T13:58:06","guid":{"rendered":"https:\/\/ww2.sanatlarandevu.com\/mardinde-sozden-ote-bienali\/"},"modified":"2024-03-12T11:22:30","modified_gmt":"2024-03-12T11:22:30","slug":"mardinde-sozden-ote-bienali","status":"publish","type":"post","link":"https:\/\/www.sanatlarandevu.com\/?p=6854","title":{"rendered":"MARD\u0130N&#8217;DE S\u00d6ZDEN \u00d6TE B\u0130ENAL\u0130"},"content":{"rendered":"<p><strong>Tarih:<\/strong> 8- 10 May\u0131s 2018<\/p>\n<p><strong>Fiyat:<\/strong> 1500 TL &#8211; Sat\u0131n Al<\/p>\n<p><strong>Gezi Program\u0131:<\/strong><\/p>\n<p><strong><em>1.G\u00fcn \u0130stanbul (AHL) \u2013 Diyarbak\u0131r \u2013 Mardin 8 May\u0131s 2018 \u00c7ar\u015famba\u00a0<\/em><\/strong><\/p>\n<p>Siz de\u011ferli misafirlerimiz ile Atat\u00fcrk Havaliman\u0131\u2019nda sabah\u00a0<strong>saat 04:15\u2019da\u00a0<\/strong>bulu\u015fuyoruz.\u00a0<strong>TK2602 sefer\u00a0<\/strong>say\u0131l\u0131 THY u\u00e7u\u015fu ile 05:35\u2019ta Diyarbak\u0131r\u2019a hareket ediyoruz. Planlanan ini\u015f saatimiz 07:30\u2019dur. Diyarbak\u0131r\u2019a vard\u0131ktan sonra bizi bekleyen arac\u0131m\u0131zla birlikte \u015fehrin en g\u00fczel y\u00f6resel kahvalt\u0131s\u0131n\u0131 almak \u00fczere\u00a0<strong>Hasan Pa\u015fa Han\u2019a\u00a0<\/strong>gidiyoruz.<\/p>\n<p>Kahvalt\u0131m\u0131z sonras\u0131nda Diyarbak\u0131r \u2013Mardin karayolunu kullanarak \u015fehre ula\u015f\u0131yoruz. Mardin merkezinde durmadan Dara k\u00f6y\u00fcne ilerliyoruz.<\/p>\n<p><strong><em>Dara Antik Kenti<\/em><\/strong><em>\u2019ne ula\u015f\u0131yoruz. Kuzey Mezopotamya\u2019n\u0131n Efes\u2019i denilebilecek\u00a0<strong>Dara Antik Kenti\u2019ni\u00a0<\/strong>geziyoruz.<\/em><\/p>\n<p><em>Gezimiz sonras\u0131 Mardin\u2019e geri d\u00f6n\u00fcyoruz.\u00a0<\/em><\/p>\n<p>Ak\u015fam yeme\u011fimizi otelimizde al\u0131yoruz.<\/p>\n<p>Konaklama\u00a0<strong>\u0130zala Butik Otel\u2019<\/strong>de olacakt\u0131r.\u00a0<a href=\"http:\/\/www.izalahotel.com\/index.php\" target=\"_blank\" rel=\"noopener\">http:\/\/www.izalahotel.com\/index.php<\/a><\/p>\n<p><strong>2. G\u00fcn Mardin (S\u00f6zden \u00d6te Bienali) 9 May\u0131s 2018 Per\u015fembe<\/strong><\/p>\n<p>Siz de\u011ferli misafirlerimiz ile otelimizde alaca\u011f\u0131m\u0131z kahvalt\u0131 sonras\u0131nda Mezopotamya\u2019n\u0131n bu kad\u0131m \u015fehrinde 4 y\u0131ld\u0131r ger\u00e7ekle\u015ftirilen ve d\u00fcnya \u00e7ap\u0131nda takip edilen 4. Uluslararas\u0131 Mardin Bienali\u2019ni gezmek\u00a0 i\u00e7in otelden ayr\u0131l\u0131yoruz.<\/p>\n<p>Bienal bu sene misafirlerini \u2018\u2019S\u00f6zden \u00d6te\u2019\u2019 ba\u015fl\u0131\u011f\u0131 ile kar\u015f\u0131l\u0131yor. F\u0131rat Arapo\u011flu\u2019nun\u00a0\u201cSonsuz Bak\u0131\u015f\u201d, Nazl\u0131 G\u00fcrlek\u2019in\u00a0\u201cBeden Dili\u201d\u00a0ve Derya Y\u00fccel\u2019in\u00a0\u201cS\u0131n\u0131rlar ve E\u015fikler\u201d\u00a0alt ba\u015fl\u0131klar\u0131 ile de farkl\u0131 konulara de\u011finiliyor.<\/p>\n<p>Bienal\u2019in k\u00fcrat\u00f6rl\u00fc\u011f\u00fcn\u00fc\u00a0F\u0131rat Arapo\u011flu, Nazl\u0131 G\u00fcrlek\u00a0ve\u00a0Derya Y\u00fccel \u00fcstleniyor.<\/p>\n<p>Bienal\u2019in 2018 May\u0131s ay\u0131ndaki mekanlar\u0131 Alman Karargah\u0131, Hamam, Mardin M\u00fczesi Galerisi, Revakl\u0131 \u00c7ar\u015f\u0131 D\u00fckkanlar\u0131 ve Marangozlar Kahvesi\u00a0olacakt\u0131r.<\/p>\n<p>Mardin\u2019i gezerken \u015fehri tan\u0131yaca\u011f\u0131m\u0131z bir sanat yolculu\u011fu olacak.<\/p>\n<p>\u00d6\u011fle yeme\u011fimizi gezimiz esnas\u0131nda alaca\u011f\u0131z.<\/p>\n<p>Gezilerimiz sonras\u0131nda otelimize d\u00f6n\u00fcyoruz.<\/p>\n<p>Ak\u015fam yeme\u011fimizi\u00a0<strong>Cercis Murat Kona\u011f\u0131<\/strong>\u2019nda al\u0131yoruz.<\/p>\n<p>Kahvalt\u0131m\u0131z sonras\u0131nda\u00a0<strong>Hasankeyf\u2019e \u00a0<\/strong>hareket ediyoruz.<\/p>\n<p>Konaklama\u00a0<strong>\u0130zala Butik Otel\u2019<\/strong>de olacakt\u0131r.\u00a0<a href=\"http:\/\/www.izalahotel.com\/index.php\" target=\"_blank\" rel=\"noopener\">http:\/\/www.izalahotel.com\/index.php<\/a><\/p>\n<p><strong>3. G\u00fcn Mardin \u2013 Midyat \u2013 Hasankeyf \u2013 Diyarbak\u0131r 10 May\u0131s 2018 Cuma<\/strong><\/p>\n<p>Otelde alaca\u011f\u0131m\u0131z kahvalt\u0131 sonras\u0131 \u00e7\u0131k\u0131\u015f i\u015flemlerimizin ger\u00e7ekle\u015ftiriyoruz ve Mardin\u2019in en \u00f6nemli il\u00e7elerinden olan ve k\u00fc\u00e7\u00fck Mardin olarak adland\u0131r\u0131lan Midyat\u2019a gidiyoruz. Yolculu\u011fumuz Savur \u2013 \u00d6merli kara yolu \u00fczerinden il\u00e7eye ula\u015f\u0131yoruz. \u0130lk olarak \u015fehrin biraz d\u0131\u015far\u0131s\u0131nda olan d\u00fcnyan\u0131n en eski manast\u0131rlar\u0131ndan biri olan\u00a0<strong>Mor Gabriel Manast\u0131r\u0131\u2019n\u0131<\/strong>\u00a0ziyaret ediyoruz. Manast\u0131r\u0131n temelleri Savurlu Mor Smuel ile Kartminli Mor \u015eemun taraf\u0131ndan 397 y\u0131l\u0131nda at\u0131lm\u0131\u015f 615 ve 1049&#8217;da Metropolitlik Merkezi olan manast\u0131rda, Kral Arcadius (395-408) zaman\u0131nda Mor \u015eemun taraf\u0131ndan bar\u0131nma ve dua yerleri yap\u0131lm\u0131\u015ft\u0131r.\u00a0Kral Theodosius (408-450) \u00e7a\u011f\u0131nda lahitlerin konaca\u011f\u0131 abide evi, Meryemana Kilisesi, Resuller Kilisesi, K\u0131rk\u015fehit Kilisesi, Mor Smuel Mabedi, kral k\u0131z\u0131 Theodora&#8217;n\u0131n Mor Smuel taraf\u0131ndan iyile\u015ftirilmesi nedeniyle Theodora Kubbesi, Mor \u015elemun Mabedi yap\u0131lm\u0131\u015ft\u0131r.<\/p>\n<p>Gezimiz sonras\u0131nda \u00f6\u011fle yeme\u011fimizi almak i\u00e7in Shmayaa Otel\u2019e ula\u015f\u0131yoruz.<\/p>\n<p>Yemek sonras\u0131nda Midyat\u2019\u0131n sokaklar\u0131n\u0131 geziyoruz ve Hasankeyf\u2019i gezmek \u00fczere yola \u00e7\u0131k\u0131yoruz.<\/p>\n<p>\u0130lk hangi halk\u0131n yerle\u015fti\u011fi bilinmese de insanl\u0131\u011f\u0131n en eski yerle\u015fim yerlerinden biridir Hasakeyf. S\u00fcmerler, Akadlar, Asurlar, Babiller, Medler, Persler, Bizansl\u0131lar, Emeviler, Abbasiler, Hamdaniler, Artuklular, Mervaniler, Sel\u00e7uklular, Eyyubiler, Mo\u011follar, Osmanl\u0131lar ve T\u00fcrkler olmak \u00fczere bir\u00e7ok halka ev sahipli\u011fi yapm\u0131\u015ft\u0131r. B\u00f6lgenin toprak yap\u0131s\u0131ndan dolay\u0131 tek par\u00e7a kaya oyma yap\u0131lar mevcuttur. Y\u00fczlerce y\u0131ll\u0131k tarihi bar\u0131nd\u0131ran Hasankeyf\u2019i rehberimiz e\u015fli\u011finde geziyoruz.<\/p>\n<p>Gezilerimiz sonras\u0131nda arac\u0131m\u0131z ile birlikte Diyarbak\u0131r Havaliman\u0131\u2019na ula\u015f\u0131yoruz.<\/p>\n<p>Var\u0131\u015f\u0131m\u0131z ve i\u015flemler sonras\u0131nda TK2611 sefer say\u0131l\u0131 u\u00e7u\u015f ile saat 22:20\u2019te \u0130stanbul\u2019a hareket ediyoruz.<\/p>\n<p>&nbsp;<\/p>\n<p><strong>U\u00e7u\u015f Bilgileri:<\/strong><\/p>\n<p>&nbsp;<\/p>\n<table border=\"1\" width=\"758\" cellspacing=\"0\" cellpadding=\"0\">\n<tbody>\n<tr>\n<td>\n<h4>\u00a0TK2602<\/h4>\n<h5><strong>T\u00fcrk Hava Yollar\u0131<\/strong><\/h5>\n<p>Boeing B737-800\u00a0Dar g\u00f6vde<\/p>\n<p>Economy Esnek\u00a0\u00a0 (\u00a0T\u00a0)<\/td>\n<td>\n<h4>05:35<\/h4>\n<p>\u0130stanbul, T\u00fcrkiye (IST)<\/p>\n<p>Atat\u00fcrk Havaliman\u0131<\/td>\n<td>\n<h4>07:25<\/h4>\n<p>Diyarbak\u0131r, T\u00fcrkiye (DIY)<\/p>\n<p>Diyarbak\u0131r Havaliman\u0131<\/td>\n<td>\n<h4>1s 50d<\/h4>\n<\/td>\n<\/tr>\n<tr>\n<td>\n<h4>\u00a0TK2611<\/h4>\n<h4>T\u00fcrk Hava Yollar\u0131<\/h4>\n<h4>Boeing B737-800\u00a0Dar g\u00f6vde<\/h4>\n<h4>Economy Esnek\u00a0\u00a0 (\u00a0T\u00a0)<\/h4>\n<\/td>\n<td>\n<h4>22:20<\/h4>\n<h4>Diyarbak\u0131r, T\u00fcrkiye (DIY)<\/h4>\n<h4>Diyarbak\u0131r Havaliman\u0131<\/h4>\n<\/td>\n<td>\n<h4>00:30<\/h4>\n<h4>11 May\u0131s Cuma<\/h4>\n<h4>\u0130stanbul, T\u00fcrkiye (IST)<\/h4>\n<h4>Atat\u00fcrk Havaliman\u0131<\/h4>\n<\/td>\n<td>\n<h4>2s 10d<\/h4>\n<\/td>\n<\/tr>\n<\/tbody>\n<\/table>\n<p>&nbsp;<\/p>\n<p><strong>GEZ\u0130 F\u0130YATINA DAH\u0130L OLAN H\u0130ZMETLER<\/strong><br \/>\n\u2022\u00a0\u00a0 \u00a0Belirtilen ve benzeri otellerde konaklama<br \/>\n\u2022\u00a0\u00a0 \u00a0Diyarbak\u0131r havaalan\u0131 ba\u015flang\u0131\u00e7 ve biti\u015fe kadar t\u00fcm transferler<br \/>\n\u2022\u00a0\u00a0 \u00a0Programda belirtilen t\u00fcm yemekler( y\u00f6resel lezzetler)<br \/>\n\u2022\u00a0\u00a0 \u00a0Profesyonel rehberlik hizmeti<br \/>\n\u2022\u00a0\u00a0 \u00a0\u2018\u2019S\u00f6zden \u00d6te Bianeli\u2019\u2019 gezisi<br \/>\n\u2022\u00a0\u00a0 \u00a0Bienal \u00f6zel dan\u0131\u015fmanl\u0131k<br \/>\n\u2022\u00a0\u00a0 \u00a0Geziler boyunca rehberlik hizmeti<br \/>\n\u2022\u00a0\u00a0 \u00a0Hasankeyf gezisi<br \/>\n\u2022\u00a0\u00a0 \u00a0Midyat \u2013 Mor Gabrial gezisi<br \/>\n\u2022\u00a0\u00a0 \u00a0Dara Antik Kenti gezisi<br \/>\n\u2022\u00a0\u00a0 \u00a0Mardin gezisi<br \/>\n\u2022\u00a0\u00a0 \u00a0T\u00fcm \u00f6ren yerleri ve m\u00fczelerin giri\u015f \u00fccretleri<br \/>\n\u2022\u00a0\u00a0 \u00a0Seyahat sa\u011fl\u0131k sigortas\u0131<\/p>\n<p><strong>GEZ\u0130 F\u0130YATINA DAH\u0130L OLMAYAN VE EKSTRA ALINACAK H\u0130ZMETLER<\/strong><br \/>\n\u2022\u00a0\u00a0 \u00a0Yemeklerde al\u0131nacak me\u015frubat ve alkoll\u00fc i\u00e7ecekler<br \/>\n\u2022\u00a0\u00a0 \u00a0AHL \u2013 Diy- AHL u\u00e7ak biletleri<\/p>\n","protected":false},"excerpt":{"rendered":"<p>Tarih: 8- 10 May\u0131s 2018 Fiyat: 1500 TL &#8211; Sat\u0131n Al Gezi Program\u0131: 1.G\u00fcn \u0130stanbul (AHL) \u2013 Diyarbak\u0131r \u2013 Mardin 8 May\u0131s 2018 \u00c7ar\u015famba\u00a0 Siz de\u011ferli misafirlerimiz ile Atat\u00fcrk Havaliman\u0131\u2019nda sabah\u00a0saat 04:15\u2019da\u00a0bulu\u015fuyoruz.\u00a0TK2602 sefer\u00a0say\u0131l\u0131 THY u\u00e7u\u015fu ile 05:35\u2019ta Diyarbak\u0131r\u2019a hareket ediyoruz. Planlanan ini\u015f saatimiz 07:30\u2019dur. Diyarbak\u0131r\u2019a vard\u0131ktan sonra bizi bekleyen arac\u0131m\u0131zla birlikte \u015fehrin en g\u00fczel y\u00f6resel [&hellip;]<\/p>\n","protected":false},"author":1,"featured_media":7831,"comment_status":"open","ping_status":"open","sticky":false,"template":"","format":"standard","meta":{"footnotes":""},"categories":[1],"tags":[],"class_list":["post-6854","post","type-post","status-publish","format-standard","has-post-thumbnail","hentry","category-yazilar"],"_links":{"self":[{"href":"https:\/\/www.sanatlarandevu.com\/index.php?rest_route=\/wp\/v2\/posts\/6854","targetHints":{"allow":["GET"]}}],"collection":[{"href":"https:\/\/www.sanatlarandevu.com\/index.php?rest_route=\/wp\/v2\/posts"}],"about":[{"href":"https:\/\/www.sanatlarandevu.com\/index.php?rest_route=\/wp\/v2\/types\/post"}],"author":[{"embeddable":true,"href":"https:\/\/www.sanatlarandevu.com\/index.php?rest_route=\/wp\/v2\/users\/1"}],"replies":[{"embeddable":true,"href":"https:\/\/www.sanatlarandevu.com\/index.php?rest_route=%2Fwp%2Fv2%2Fcomments&post=6854"}],"version-history":[{"count":1,"href":"https:\/\/www.sanatlarandevu.com\/index.php?rest_route=\/wp\/v2\/posts\/6854\/revisions"}],"predecessor-version":[{"id":7832,"href":"https:\/\/www.sanatlarandevu.com\/index.php?rest_route=\/wp\/v2\/posts\/6854\/revisions\/7832"}],"wp:featuredmedia":[{"embeddable":true,"href":"https:\/\/www.sanatlarandevu.com\/index.php?rest_route=\/wp\/v2\/media\/7831"}],"wp:attachment":[{"href":"https:\/\/www.sanatlarandevu.com\/index.php?rest_route=%2Fwp%2Fv2%2Fmedia&parent=6854"}],"wp:term":[{"taxonomy":"category","embeddable":true,"href":"https:\/\/www.sanatlarandevu.com\/index.php?rest_route=%2Fwp%2Fv2%2Fcategories&post=6854"},{"taxonomy":"post_tag","embeddable":true,"href":"https:\/\/www.sanatlarandevu.com\/index.php?rest_route=%2Fwp%2Fv2%2Ftags&post=6854"}],"curies":[{"name":"wp","href":"https:\/\/api.w.org\/{rel}","templated":true}]}}