{"id":6856,"date":"2024-03-08T13:58:06","date_gmt":"2024-03-08T13:58:06","guid":{"rendered":"https:\/\/ww2.sanatlarandevu.com\/toskanada-sanat-ve-andrea-bocelli\/"},"modified":"2024-03-12T11:13:21","modified_gmt":"2024-03-12T11:13:21","slug":"toskanada-sanat-ve-andrea-bocelli","status":"publish","type":"post","link":"https:\/\/www.sanatlarandevu.com\/?p=6856","title":{"rendered":"TOSKANA&#8217;DA SANAT VE ANDREA BOCELL\u0130"},"content":{"rendered":"<div class=\"page\" title=\"Page 3\">\n<div class=\"layoutArea\">\n<div class=\"column\">\n<p>Sanatla randevumuz bu Temmuz Toscana&#8217;ya, tarihi ve do\u011fay\u0131 ya\u015famaya, d\u00fcnyan\u0131n en iyi \u00fc\u00e7\u00fcnc\u00fc tenoru Andrea Bocelli ile notalar\u0131n ruhuna dokunmaya gidiyor&#8230;<\/p>\n<\/div>\n<p><strong>Tarih:<\/strong> 26 &#8211; 29 Temmuz 2018<\/p>\n<p><strong>Fiyat:<\/strong><\/p>\n<p>\u0130ki Ki\u015filik Odada Ki\u015fi Ba\u015f\u0131: 2480 Euro<\/p>\n<p>Tek Ki\u015filik Oda Fark\u0131: 400 Euro<\/p>\n<p><strong>Sat\u0131n Almak i\u00e7in:<\/strong> info@sanatlarandevu.com<\/p>\n<div class=\"column\">\n<p><strong>GEZ\u0130 PROGRAMI<\/strong><\/p>\n<p><strong>26 Temmuz 2018 Per\u015fembe<\/strong> &#8211; \u0130STANBUL \/ BOLOGNA<\/p>\n<p>Siz de\u011ferli gezginlerimiz ile sabah saat 06.30&#8217;da Atat\u00fcrk Havaliman\u0131 D\u0131\u015f Hatlar gidi\u015f terminali THY kontuar\u0131 \u00f6n\u00fcnde Sacred7 Travel yetkilisi ile bulu\u015fuyoruz.<\/p>\n<p>Check-in ve pasaport i\u015flemlerinin ard\u0131ndan THY TK 1321 sefer say\u0131l\u0131 u\u00e7u\u015fu ile saat 08.30\u201f da Bologna\u201fya hareket ediyoruz. Yerel saat ile 10.10\u201fda Bologna\u201fya varm\u0131\u015f olaca\u011f\u0131z. Havaalan\u0131\u201fndan \u00e7\u0131k\u0131\u015f\u0131m\u0131za takiben Bologna \u015eehir merkezine geliyor ve \u015fehir turumuza ba\u015fl\u0131yoruz.<\/p>\n<p><img decoding=\"async\" class=\"alignnone size-medium wp-image-943 aligncenter\" src=\"https:\/\/www.sanatlarandevu.com\/wp-content\/uploads\/2018\/05\/bologna-6035254-smalltabletretina-300x169.jpg\" alt=\"\" \/><\/p>\n<\/div>\n<div class=\"page\" title=\"Page 3\">\n<div class=\"layoutArea\">\n<div class=\"column\">\n<p>Bologna tarih a\u00e7\u0131s\u0131ndan \u0130talya\u201fn\u0131n en \u00f6nemli \u015fehirlerindendir. Ayr\u0131ca yemek k\u00fclt\u00fcr\u00fc olarak en geli\u015fmi\u015f \u015fehridir. 1088 y\u0131l\u0131nda kurulan d\u00fcnyan\u0131n en eski \u00fcniversitesi bu \u015fehirde bulunmaktad\u0131r. \u015eehir gezimizde g\u00f6rece\u011fimiz ba\u015fl\u0131ca noktalar; Piazza Maggiore (Burada d\u00fcnyan\u0131n en b\u00fcy\u00fck 5. bazilikas\u0131 olan San Petronio bazilikas\u0131 ve \u015fehir meclis binas\u0131n\u0131 g\u00f6rece\u011fiz.) Meydan\u0131n en ilgi \u00e7ekici unsuru ise Fontana del Nettuno (Neptun \u00c7e\u015fmesi) dir.<\/p>\n<p><img decoding=\"async\" class=\"size-medium wp-image-944 aligncenter\" src=\"https:\/\/www.sanatlarandevu.com\/wp-content\/uploads\/2018\/05\/50337-Fontana_del_Nettuno_Florence_2_2013_February-300x225.jpg\" alt=\"\" \/><\/p>\n<p>\u015eehir gezimiz esnas\u0131nda \u00f6\u011fle yeme\u011fimizi Motto Del Gallo\u2019da yiyoruz ve sonras\u0131nda San Gimignano\u2019ya haraket ediyoruz.<\/p>\n<p><img decoding=\"async\" class=\"size-medium wp-image-945 aligncenter\" src=\"https:\/\/www.sanatlarandevu.com\/wp-content\/uploads\/2018\/05\/san-gimignano-810x540-300x200.png\" alt=\"\" \/><\/p>\n<p>Yakla\u015f\u0131k iki bu\u00e7uk saatlik yolculu\u011fumuzun ard\u0131ndan otelimize ula\u015f\u0131yoruz. Konaklamam\u0131z ve Ak\u015fam yeme\u011fimiz : Agriturismo Mormoraia Hotel\u201fde. https:\/\/www.mormoraia.it\/<\/p>\n<p><img decoding=\"async\" class=\"size-medium wp-image-942 aligncenter\" src=\"https:\/\/www.sanatlarandevu.com\/wp-content\/uploads\/2018\/05\/49815-300x175.jpg\" alt=\"\" \/><\/p>\n<\/div>\n<\/div>\n<\/div>\n<div class=\"page\" title=\"Page 4\">\n<div class=\"layoutArea\">\n<div class=\"column\">\n<p><strong>27 Temmuz 2018 Cuma<\/strong><\/p>\n<p>SAN G\u0130M\u0130GNANO \u2013 SIENA \u2013 SAN G\u0130M\u0130GNANO<\/p>\n<p>Otelimizde yapaca\u011f\u0131m\u0131z kahvalt\u0131m\u0131z\u0131n ard\u0131ndan, bir Orta \u00c7a\u011f \u015fehri olan Siena&#8217;ya do\u011fru hareket ediyoruz. \u00dc\u00e7 tepe \u00fczerine kurulu olan Siena, Toskana b\u00f6lgesinin kalbi niteli\u011findedir. \u00c7ok iyi \u015fekilde korunmu\u015f tarihi dokusu nedeniyle ziyaret\u00e7ilerine bir zaman yolculu\u011funa \u00e7\u0131kma imkan\u0131 sunan \u015fehir, UNESCO&#8217;nun D\u00fcnya Miras\u0131 Listesi&#8217;ne yer almaktad\u0131r.<\/p>\n<p><img decoding=\"async\" class=\"size-medium wp-image-946 aligncenter\" src=\"https:\/\/www.sanatlarandevu.com\/wp-content\/uploads\/2018\/05\/siena-italy-xavier-cardell-300x199.jpg\" alt=\"\" \/><\/p>\n<p>Uzun ve dar sokaklar\u0131n her biri Piazza del Campo Meydan\u0131&#8217;na \u00e7\u0131kar.Deniz kabu\u011fu \u015feklindeki bu meydan Avrupa&#8217;n\u0131n en b\u00fcy\u00fck kent meydanlar\u0131ndan biri olarak kabul edilmektedir. \u0130talya&#8217;n\u0131n en ihti\u015faml\u0131 katedrallerinden birisi olan Siena Duomo ise siyah-beyaz ta\u015flar kullan\u0131larak in\u015fa edilmi\u015fir.Hristiyan d\u00fcnyas\u0131n\u0131n en b\u00fcy\u00fck katedrali olmas\u0131 amac\u0131yla in\u015fa edilen Duomo&#8217;nun in\u015faat\u0131 salg\u0131n hastal\u0131klar nedeniyle uzun s\u00fcre ertelenmi\u015f, bitti\u011finde ise amac\u0131na ula\u015famam\u0131\u015ft\u0131r.<\/p>\n<p><img decoding=\"async\" class=\"size-medium wp-image-947 aligncenter\" src=\"https:\/\/www.sanatlarandevu.com\/wp-content\/uploads\/2018\/05\/toscana-duomo-siena-300x177.jpg\" alt=\"\" \/><\/p>\n<div class=\"page\" title=\"Page 4\">\n<div class=\"layoutArea\">\n<div class=\"column\">\n<p>Keyifli ge\u00e7en Siena gezimiz sonras\u0131nda aksam yemegimizi La Vivace\u201f de yiyoruz ve g\u00fcne\u015fi bat\u0131r\u0131yoruz. Ard\u0131ndan San Gimignano\u201fda bulunan otelimize hareket ediyoruz.<br \/>\nKonaklamam\u0131z : Agriturismo Mormoraia Hotel\u201fde.<\/p>\n<\/div>\n<div class=\"page\" title=\"Page 5\">\n<div class=\"layoutArea\">\n<div class=\"column\">\n<p><strong>28 Temmuz 2018 Cumartes<\/strong>i \u2013 LAJATICO \u201e\u201f TEATRO DEL SILENZIO \u201e\u201f ANDREA BOCELLI<\/p>\n<p>Otelimizde yapaca\u011f\u0131m\u0131z kahvalt\u0131m\u0131z\u0131n ard\u0131ndan, San Gimignano merkezine hareket ediyoruz.<\/p>\n<p>Adeta bir kalenin i\u00e7inde ya\u015f\u0131yorsunuz hissi veren bu \u015fehirdeki her yap\u0131 14.y\u00fczy\u0131ldan kalmad\u0131r. San Gimignano Toskana\u201fn\u0131n en iyi korunmu\u015f Orta\u00e7a\u011f kentlerinden biridir. 13 Kuleli \u015eehir olarak bilinen San Gimignano\u201fda rakip soylu aileler taraf\u0131ndan in\u015fa edilen \u015fehirde merkez olarak kabul edilen Cisterne Meydan\u0131 ziyaret edilecektir.<\/p>\n<p>&#8220;Orta\u00e7a\u011f\u0131n Manhattan\u0131&#8221; olarak adland\u0131r\u0131lan \u015fehrin 12. ve 13. y\u00fczy\u0131llarda yap\u0131lm\u0131\u015f olan yetmi\u015f alt\u0131 adet kulelerinden g\u00fcn\u00fcm\u00fcze de on d\u00f6rt tanesi ayakta kalabilmi\u015ftir. Beldenin tarihi merkezinin tipik Orta\u00e7a\u011f mimarisi ve g\u00f6r\u00fcn\u00fc\u015f\u00fcn\u00fc korumas\u0131 dolay\u0131s\u0131yla San Gimignano, UNESCO D\u00fcnya Miraslar\u0131 \u0130talya listesinde bulunmaktad\u0131r.<\/p>\n<p><img decoding=\"async\" class=\"size-medium wp-image-948 aligncenter\" src=\"https:\/\/www.sanatlarandevu.com\/wp-content\/uploads\/2018\/05\/san-gimignano-300x200.jpg\" alt=\"\" \/><\/p>\n<p>Gezimiz sonras\u0131nda otelimize d\u00f6n\u00fcyoruz ve ak\u015famki konser i\u00e7in haz\u0131rlan\u0131yoruz.<\/p>\n<div class=\"page\" title=\"Page 5\">\n<div class=\"layoutArea\">\n<div class=\"column\">\n<p>Belirlenen saatte otelimizden Lajatico\/Toskana&#8217;daki konser alan\u0131na hareket ediyoruz. Yolumuz yakla\u015f\u0131k 1 saat s\u00fcrecektir.<\/p>\n<p>Bu gece muhte\u015fem bir Andrea Bocelli konseri bizleri bekliyor. Agriturismo La Mandriola\u201f da ak\u015fam yeme\u011finden sonra konser alan\u0131na transferimiz olacakt\u0131r.<\/p>\n<p><img decoding=\"async\" class=\"size-medium wp-image-949 aligncenter\" src=\"https:\/\/www.sanatlarandevu.com\/wp-content\/uploads\/2018\/05\/teatro-del-silenzio-people-at-concert-300x215.jpg\" alt=\"\" \/><\/p>\n<p>Konser ba\u015flama saati saat 20.15 gibi olmakla birlikte genel olarak saat 21.30 gibi sahne a\u00e7\u0131l\u0131\u015f\u0131 yap\u0131lmaktad\u0131r. T\u00fcm d\u00fcnyada Bocelli hayranlar\u0131 ile birlikte dinleyece\u011fimiz bu muhte\u015fem tenor\u201f\u00fcn konseri saat 24.00 gibi bitecektir.<\/p>\n<p>Konser sonras\u0131 otelimize transfer ger\u00e7ekle\u015fecektir.<\/p>\n<div class=\"page\" title=\"Page 6\">\n<div class=\"layoutArea\">\n<div class=\"column\">\n<p><strong>29 Temmuz 2018 Pazar<\/strong> \u2013 SAN G\u0130M\u0130GNANO \u2013 GREVE \u2013 CH\u0130TANT\u0130 \u2013 BOLOGNA<\/p>\n<p>Otelimizde yapaca\u011f\u0131m\u0131z kahvalt\u0131m\u0131z\u0131n ard\u0131ndan check out i\u015flemlerimizi tamaml\u0131yor ve ayr\u0131l\u0131yoruz<\/p>\n<p>Uzun ve dar sokaklar\u0131nda dola\u015f\u0131rken, \u00e7i\u00e7eklerin s\u0131cakl\u0131\u011f\u0131 ile bizi kar\u015f\u0131layan Greve in Chianti&#8217;yi geziyoruz Ye\u015fil tepeleri, selvi a\u011fa\u00e7lar\u0131yla Toskana&#8217;n\u0131n en \u00e7ok ziyaret edilen b\u00f6lgenin en b\u00fcy\u00fck \u00f6zelli\u011fi ise d\u00fcnya \u00e7ap\u0131nda \u00fcnl\u00fc olan \u015faraplar\u0131d\u0131r.<\/p>\n<p><img decoding=\"async\" class=\"size-medium wp-image-950 aligncenter\" src=\"https:\/\/www.sanatlarandevu.com\/wp-content\/uploads\/2018\/05\/greve-in-chianti-2_p_8f0606d1a7a675740e39a215be55bd5b_c51619058c7d4397309c3d8f20549f17-300x201.jpg\" alt=\"\" \/><\/p>\n<div class=\"page\" title=\"Page 6\">\n<div class=\"section\">\n<div class=\"section\">\n<div class=\"layoutArea\">\n<div class=\"column\">\n<p>\u00d6\u011fle yeme\u011fimiz i\u00e7in Castello di Verrazzano\u201fya (http:\/\/www.verrazzano.com\/en\/) gidiyoruz.<\/p>\n<p>Verrazzano Kalesi, Chianti\u201fnin kalbinde, Floransa ve Siena aras\u0131ndaki Greve\u201fde yer almaktad\u0131r. Ba\u015flang\u0131\u00e7ta kale Etr\u00fcsk\u201flerdeyken sonra Roma hakimiyetine ge\u00e7mi\u015f ve 1000 y\u0131l\u0131 a\u015fk\u0131n s\u00fcre de bu s\u0131n\u0131rlarda kalm\u0131\u015f. Burada b\u00fcy\u00fck \u015farap gelene\u011fi haline gelen \u201cVerrazzano \u00fcz\u00fcm ba\u011flar\u0131n\u0131n\u201d 1150 y\u0131l\u0131na dayanan hikayesi vard\u0131r. Bu arada Kale VII y\u00fczy\u0131ldan 1900\u201flerin ortalar\u0131na kadar Verrazzano ailesinin mal\u0131 olmu\u015ftur. Verrazzano\u201flar\u0131n en me\u015fhuru, New York k\u00f6rfezinin ve g\u00fcn\u00fcm\u00fczdeki Do\u011fu k\u0131y\u0131lar\u0131n\u0131n b\u00fcy\u00fck b\u00f6l\u00fcm\u00fcn\u00fcn ka\u015fifi Giovanni da Verrazzano, bu kalede 1485\u201fde do\u011fmu\u015ftur. Bu sebepten New York\u201ftaki Brooklyn ile Staten Adas\u0131 aras\u0131ndaki \u00fcnl\u00fc k\u00f6pr\u00fc, 1964\u201fte Verrazzano K\u00f6pr\u00fcs\u00fc ad\u0131n\u0131 alm\u0131\u015ft\u0131r.<\/p>\n<\/div>\n<\/div>\n<\/div>\n<\/div>\n<div class=\"layoutArea\">\n<div class=\"column\">\n<p>\u00d6\u011fle yeme\u011fimizin ard\u0131ndan havaliman\u0131na do\u011fru hareket ediyoruz.<\/p>\n<p>Bologna Havaliman\u0131\u201fna var\u0131\u015f\u0131m\u0131z\u0131 takiben, pasaport ve bagaj i\u015flemlerinin ard\u0131ndan THY TK1326 sefer say\u0131l\u0131 u\u00e7u\u015fumuz ile saat 18:55 te \u0130stanbul\u201fa hareket ediyor ve 22:20\u201fte var\u0131\u015f\u0131m\u0131z\u0131 ger\u00e7ekle\u015ftiriyoruz.<\/p>\n<div class=\"page\" title=\"Page 7\">\n<div class=\"layoutArea\">\n<div class=\"column\">\n<p><strong>GEZ\u0130M\u0130ZE DAH\u0130L OLAN H\u0130ZMETLER<\/strong><\/p>\n<ul>\n<li>Mormorai otelinde konaklama<\/li>\n<li>T\u00fcrk Hava Yollar\u0131 gidi\u015f \u2013 d\u00f6n\u00fc\u015f u\u00e7ak biletleri<\/li>\n<li>Programda bulunan transferler<\/li>\n<li>\u015eehir gezileri:\n<ul>\n<li>Bologna<\/li>\n<li>San Gimignano<\/li>\n<li>Greve in Chianti<\/li>\n<li>Siena<\/li>\n<\/ul>\n<\/li>\n<li>2 \u00f6\u011fle yeme\u011fi<\/li>\n<li>3 ak\u015fam yeme\u011fi<\/li>\n<li>Zorunlu seyahat sigortas\u0131<\/li>\n<li>Profesyonel rehberlik<\/li>\n<\/ul>\n<p><strong>GEZ\u0130M\u0130ZE F\u0130YATLAMASINA DAH\u0130L OLMAYAN H\u0130ZMETLER<\/strong><\/p>\n<ul>\n<li>Yap\u0131lacak \u015fahsi harcamalar<\/li>\n<li>Vize \u00fccretleri<\/li>\n<li>Yurt d\u0131\u015f\u0131 \u00e7\u0131k\u0131\u015f harc\u0131<\/li>\n<\/ul>\n<p><strong>KONSER OTURMA PLANIMIZ<\/strong><\/p>\n<p>D8 Blok B7 Blok<\/p>\n<p>** Oturma plan\u0131 resmi program resimlerimizde mevcuttur.<\/p>\n<p><strong>\u0130ptal ko\u015fullar\u0131:<\/strong> Seyahat tarihine 60 g\u00fcn kala yap\u0131lan rezervasyon iptallerinde paket \u00fccretinin %30&#8217;u, 40 g\u00fcne kadar yap\u0131lan iptallerde paket \u00fccretinin %50&#8217;si, daha sonraki iptallerde paket \u00fccretinin tamam\u0131 yanar. Seyahat sigortas\u0131 iptal ko\u015fullar\u0131 ge\u00e7erlidir.<\/p>\n<\/div>\n<div class=\"page\" title=\"Page 2\">\n<div class=\"layoutArea\">\n<div class=\"column\">\n<p><strong>Andrea Bocelli<\/strong><\/p>\n<p>22 Eyl\u00fcl 1958; Lajatico, Toskana do\u011fumlu \u0130talyan tenor, s\u00f6z yazar\u0131, besteci ve alb\u00fcm yap\u0131mc\u0131s\u0131d\u0131r. Uluslararas\u0131 \u015f\u00f6hretine b\u00fcy\u00fck katk\u0131da bulunan Con te Partiro isimli par\u00e7a ile Avrupa&#8217;da bir\u00e7ok \u00fclkede 6 aya yak\u0131n bir s\u00fcre m\u00fczik listelerinin ba\u015f\u0131nda yer alm\u0131\u015ft\u0131r. 12 ya\u015f\u0131nda futbol oynarken ge\u00e7irdi\u011fi bir kaza y\u00fcz\u00fcnden iki g\u00f6z\u00fc de k\u00f6r olan Andrea Bocelli, hukuk fak\u00fcltesi mezunudur ve d\u00fcnyan\u0131n en iyi \u00fc\u00e7\u00fcnc\u00fc tenoru olarak kabul edilmektedir.<\/p>\n<p>Sanat\u00e7\u0131 1992 senesinde, \u00fcnl\u00fc operac\u0131 Pavarotti\u2019nin demo par\u00e7as\u0131na e\u015flik ederek sesini daha b\u00fcy\u00fck kitlelere duyurmu\u015f ve akabinde daha bir\u00e7ok m\u00fczisyenle d\u00fcet yaparak kariyerini katlam\u0131\u015ft\u0131r. Ard\u0131ndan \u201cSacred Arias\u201d isimli solo alb\u00fcm\u00fc sayesinde, Andrea Bocelli ismi Guinness Rekorlar Kitab\u0131\u2019na girmi\u015f ve t\u00fcm m\u00fczik listelerinin, hatta m\u00fczik d\u00fcnyas\u0131n\u0131n ba\u015far\u0131l\u0131 ismi haline gelmi\u015ftir. Lajatico\u2019da konser vermeyi geleneksel bir t\u00f6ren haline getiren maestro Andrea Bocelli, yakalad\u0131\u011f\u0131 bu b\u00fcy\u00fck ba\u015far\u0131n\u0131n ard\u0131ndan 11 y\u0131ld\u0131r kendi topraklar\u0131nda hayranlar\u0131yla bulu\u015fmaya devam etmektedir. Her y\u0131l farkl\u0131 bir konsept ve temayla hayalindeki sahneyi ger\u00e7e\u011fe d\u00f6n\u00fc\u015ft\u00fcren \u0130talyan bestecinin unutulmaz performanslar\u0131na tan\u0131k olmak ise b\u00fcy\u00fck bir ayr\u0131cal\u0131kt\u0131r.<\/p>\n<p>Teatro del Silenzio (ya da Sessizlik Tiyatro) bir \u0130talyan a\u00e7\u0131k hava amfi tiyatrosudur. Lajatico , Toskana\u2019da bulunan bu tiyatro i\u00e7in Andrea Bocelli 2006 y\u0131l\u0131nda, Lajatico belediyesine ba\u015fvurmu\u015f ve in\u015faata b\u00fcy\u00fck katk\u0131 sa\u011flam\u0131\u015ft\u0131r. Her y\u0131l temmuz ay\u0131nda bir konsere ev sahipli\u011fi yapan bu tiyatroda y\u0131l\u0131n geri kalan\u0131nda bir organizasyon yap\u0131lmamaktad\u0131r ve bundan dolay\u0131 ad\u0131 Teatro del Silenzio (ya da Sessizlik Tiyatro) olarak an\u0131lm\u0131\u015ft\u0131r. Konser zaman\u0131nda bu tiyatroda sat\u0131lan hediyelikler Bocelli Vakf\u0131 logolu ti\u015f\u00f6rt, sweatshirt ve battaniyelerin gelirleriyle vak\u0131f Haiti\u2019deki 600 kimsesiz \u00e7ocu\u011fun bak\u0131m\u0131, e\u011fitimini y\u00fcr\u00fct\u00fclmektedir. D\u00fcnyan\u0131n belli noktalar\u0131nda g\u00f6zle ilgili bilimsel ara\u015ft\u0131rmalara destek verilmektedir. Her y\u0131l ya\u015fam\u0131ndaki olaylardan esinlenip bir tema se\u00e7en Bocelli, konser alan\u0131ndaki yapay g\u00f6l\u00fcn i\u00e7ine, Lajatico\u2019nun sokaklar\u0131na konuyla ilgili heykeller yerle\u015ftirir. 2012\u2019deki konserinde tema \u00fcretkenlik, simge nar olmu\u015ftur. 2013\u2019te ise varl\u0131klar\/varolu\u015f; simgeleri hayvan-insan heykelleri ile s\u00fcslemi\u015ftir.<\/p>\n<\/div>\n<\/div>\n<\/div>\n<\/div>\n<\/div>\n<\/div>\n<\/div>\n<\/div>\n<\/div>\n<\/div>\n<\/div>\n<\/div>\n<\/div>\n<\/div>\n<\/div>\n<\/div>\n<\/div>\n<\/div>\n<\/div>\n<\/div>\n<\/div>\n<\/div>\n<\/div>\n<\/div>\n","protected":false},"excerpt":{"rendered":"<p>Sanatla randevumuz bu Temmuz Toscana&#8217;ya, tarihi ve do\u011fay\u0131 ya\u015famaya, d\u00fcnyan\u0131n en iyi \u00fc\u00e7\u00fcnc\u00fc tenoru Andrea Bocelli ile notalar\u0131n ruhuna dokunmaya gidiyor&#8230; Tarih: 26 &#8211; 29 Temmuz 2018 Fiyat: \u0130ki Ki\u015filik Odada Ki\u015fi Ba\u015f\u0131: 2480 Euro Tek Ki\u015filik Oda Fark\u0131: 400 Euro Sat\u0131n Almak i\u00e7in: info@sanatlarandevu.com GEZ\u0130 PROGRAMI 26 Temmuz 2018 Per\u015fembe &#8211; \u0130STANBUL \/ BOLOGNA [&hellip;]<\/p>\n","protected":false},"author":1,"featured_media":7771,"comment_status":"open","ping_status":"open","sticky":false,"template":"","format":"standard","meta":{"footnotes":""},"categories":[121],"tags":[],"class_list":["post-6856","post","type-post","status-publish","format-standard","has-post-thumbnail","hentry","category-gezi"],"_links":{"self":[{"href":"https:\/\/www.sanatlarandevu.com\/index.php?rest_route=\/wp\/v2\/posts\/6856","targetHints":{"allow":["GET"]}}],"collection":[{"href":"https:\/\/www.sanatlarandevu.com\/index.php?rest_route=\/wp\/v2\/posts"}],"about":[{"href":"https:\/\/www.sanatlarandevu.com\/index.php?rest_route=\/wp\/v2\/types\/post"}],"author":[{"embeddable":true,"href":"https:\/\/www.sanatlarandevu.com\/index.php?rest_route=\/wp\/v2\/users\/1"}],"replies":[{"embeddable":true,"href":"https:\/\/www.sanatlarandevu.com\/index.php?rest_route=%2Fwp%2Fv2%2Fcomments&post=6856"}],"version-history":[{"count":4,"href":"https:\/\/www.sanatlarandevu.com\/index.php?rest_route=\/wp\/v2\/posts\/6856\/revisions"}],"predecessor-version":[{"id":7773,"href":"https:\/\/www.sanatlarandevu.com\/index.php?rest_route=\/wp\/v2\/posts\/6856\/revisions\/7773"}],"wp:featuredmedia":[{"embeddable":true,"href":"https:\/\/www.sanatlarandevu.com\/index.php?rest_route=\/wp\/v2\/media\/7771"}],"wp:attachment":[{"href":"https:\/\/www.sanatlarandevu.com\/index.php?rest_route=%2Fwp%2Fv2%2Fmedia&parent=6856"}],"wp:term":[{"taxonomy":"category","embeddable":true,"href":"https:\/\/www.sanatlarandevu.com\/index.php?rest_route=%2Fwp%2Fv2%2Fcategories&post=6856"},{"taxonomy":"post_tag","embeddable":true,"href":"https:\/\/www.sanatlarandevu.com\/index.php?rest_route=%2Fwp%2Fv2%2Ftags&post=6856"}],"curies":[{"name":"wp","href":"https:\/\/api.w.org\/{rel}","templated":true}]}}