{"id":6858,"date":"2024-03-08T13:58:06","date_gmt":"2024-03-08T13:58:06","guid":{"rendered":"https:\/\/ww2.sanatlarandevu.com\/tarihi-yarimadada-sanatla-randevu-ve-serefiye-sarnici\/"},"modified":"2024-03-12T11:02:39","modified_gmt":"2024-03-12T11:02:39","slug":"tarihi-yarimadada-sanatla-randevu-ve-serefiye-sarnici","status":"publish","type":"post","link":"https:\/\/www.sanatlarandevu.com\/?p=6858","title":{"rendered":"Tarihi Yar\u0131mada&#8217;da Sanatla Randevu ve \u015eerefiye Sarn\u0131c\u0131"},"content":{"rendered":"<div dir=\"auto\">\u0130stanbul, alt\u0131nda binlerce y\u0131ll\u0131k bir ge\u00e7mi\u015fi muhafaza eder.<\/div>\n<div dir=\"auto\"><\/div>\n<div dir=\"auto\">Turumuz, Yerebatan Sarn\u0131c\u0131\u2019ndan bir as\u0131r daha eski oldu\u011fu d\u00fc\u015f\u00fcn\u00fclen yeralt\u0131nda 8 y\u0131l s\u00fcren restorasyon \u00e7al\u0131\u015fmas\u0131 sonras\u0131nda ziyarete a\u00e7\u0131lan \u015eerefiye Sarn\u0131c\u0131 ile ba\u015fl\u0131yor. Sarn\u0131c\u0131 ve \u015fu anda i\u00e7inde devam eden, \u0130ranl\u0131 sanat\u00e7\u0131 Ahmet Nejat&#8217;\u0131n Do\u011fu ve Bat\u0131\u2019n\u0131n, ya\u015fam ve \u00f6l\u00fcm\u00fcn, d\u00fcnyevi ve uhrevinin birbirine ko\u015fut varolu\u015funu vurgulayan eserlerinden olu\u015fan \u201cHi\u00e7 Hali\u201d sergisini geziyor olaca\u011f\u0131z.<\/div>\n<div dir=\"auto\"><\/div>\n<div dir=\"auto\">Roma d\u00f6nemi \u0130stanbul&#8217;unun bir ba\u015fka miras\u0131, d\u00f6nemin en ihti\u015faml\u0131 eserlerinden B\u00fcy\u00fck Saray&#8217;\u0131n revakl\u0131 avlusunun kuzeydo\u011fu b\u00f6l\u00fcm\u00fcnde, k\u0131smen sa\u011flam kalm\u0131\u015f mozaik d\u00f6\u015femeyi i\u00e7ine alacak \u015fekilde olu\u015fturulmu\u015f B\u00fcy\u00fck Saray Mozaikleri M\u00fczesi, ikinci dura\u011f\u0131m\u0131z olacak.<\/div>\n<div dir=\"auto\"><\/div>\n<div dir=\"auto\">Osmanl\u0131 \u0130stanbul\u2019undan g\u00fcn\u00fcm\u00fcze gelen \u0130brahim Pa\u015fa Saray\u0131\u2019nda; Osmanl\u0131, Anadolu ve \u0130sl\u00e2m uygarl\u0131klar\u0131na ait zengin ve \u00e7e\u015fitli koleksiyonu bar\u0131nd\u0131ran T\u00fcrk ve \u0130sl\u00e2m Eserleri M\u00fczesi ile turumuzu tamaml\u0131yor olaca\u011f\u0131z.<\/div>\n<div dir=\"auto\"><\/div>\n<div dir=\"auto\">Turumuzun ard\u0131ndan arzu eden misafirlerimiz ile Four Seasons Otel\u2019de geleneksel iftar yeme\u011finde bulu\u015fuyoruz.<\/div>\n<div dir=\"auto\">\n<p><strong>Tarih:<\/strong> 12 Haziran 2018 Sal\u0131<\/p>\n<p><strong>Saat:<\/strong> 15:30-20:00<\/p>\n<p><strong>Yer:<\/strong> \u00c7emberlita\u015f Tramvay Dura\u011f\u0131<\/p>\n<p><strong>Kat\u0131l\u0131mc\u0131 \u00dccreti:<\/strong> 190 TL\u00a0 (iftar yeme\u011fi hari\u00e7)<\/p>\n<\/div>\n<div dir=\"auto\">Turumuzla ilgili detayl\u0131 bilgi almak ve rezervasyon yapt\u0131rmak i\u00e7in bize info@sanatlarandevu.com dan \u00a0veya \u00a00542 722 73 47 numaral\u0131 telefondan ula\u015fabilirsiniz.<\/div>\n<div dir=\"auto\"><\/div>\n<div dir=\"auto\"><strong>TUR DANI\u015eMANIMIZ HAKKINDA<\/strong><\/div>\n<div dir=\"auto\"><\/div>\n<div dir=\"auto\">\n<div dir=\"auto\">CENK BULUT<\/div>\n<div dir=\"auto\"><\/div>\n<div dir=\"auto\">\n<div dir=\"auto\">E\u011fitimimi \u0130stanbul\u2019da Galatasaray Lisesi, \u0130stanbul \u00dcniversitesi Frans\u0131z Edebiyat\u0131 b\u00f6l\u00fcm\u00fc ve Paris\u2019te \u201cEcole du Louvre\u201dda (Louvre M\u00fczesi\u2019nin sanat tarihi okulu) tamamlad\u0131m.<\/div>\n<div dir=\"auto\"><\/div>\n<div dir=\"auto\">1987\u2019den beri T\u00fcrkiye\u2019de kokartl\u0131 profesyonel turist rehber olarak \u00fclkemi Frans\u0131zca dilinde yabanc\u0131lara gezdirmekteyim.<\/div>\n<div dir=\"auto\"><\/div>\n<div dir=\"auto\">1991 y\u0131l\u0131ndan itibaren D\u00fcnya\u2019n\u0131n muhtelif yerlerinde, farkl\u0131 temalarda T\u00fcrk, Frans\u0131z ve Bel\u00e7ikal\u0131 seyahat severlere yol arkada\u015fl\u0131\u011f\u0131 yapmaktay\u0131m. Y\u0131llar ge\u00e7tik\u00e7e hem yurt i\u00e7inde hem yurt \u0131\u015f\u0131nda tur liderli\u011fi yapt\u0131m ve halen devam etmekteyim. M\u0131s\u0131r, \u0130talya, \u0130spanya, Bel\u00e7ika, Hollanda, Fas, Tunus\u2019a \u00f6zel bir ilgim oldu\u011funu s\u00f6yleyebilirim. Uzun y\u0131llar Paris\u2019te ya\u015famam sonucunda Fransa\u2019n\u0131n b\u00fct\u00fcn \u00f6lgelerini gezebilme f\u0131rsat\u0131m oldu, Fransa\u2019y\u0131 da en az T\u00fcrkiye kadar iyi bilirim. Paris\u2019te ya\u015fad\u0131\u011f\u0131m y\u0131llarda belgesellerde (Louvre M\u00fczesi, Citizen Langlois, Noel Baba\u2026) rejis\u00f6rl\u00fck, orta (Les Lazuliens) ve k\u0131sa (La Vieille, Sous-sols\u2026) filmlerde oyunculuk denemelerim oldu. Ayr\u0131ca tarih, sanat tarihi ve inler tarihi en b\u00fcy\u00fck tutkular\u0131mdan. Bilgi yolunda yeni ke\u015fifler pe\u015findeyim. K\u00fclt\u00fcr turlar\u0131 yapmaktan, bildiklerimi payla\u015fmaktan b\u00fcy\u00fck mutluluk duyuyorum.<\/div>\n<\/div>\n<\/div>\n<div dir=\"auto\"><\/div>\n<div dir=\"auto\"><\/div>\n","protected":false},"excerpt":{"rendered":"<p>\u0130stanbul, alt\u0131nda binlerce y\u0131ll\u0131k bir ge\u00e7mi\u015fi muhafaza eder. Turumuz, Yerebatan Sarn\u0131c\u0131\u2019ndan bir as\u0131r daha eski oldu\u011fu d\u00fc\u015f\u00fcn\u00fclen yeralt\u0131nda 8 y\u0131l s\u00fcren restorasyon \u00e7al\u0131\u015fmas\u0131 sonras\u0131nda ziyarete a\u00e7\u0131lan \u015eerefiye Sarn\u0131c\u0131 ile ba\u015fl\u0131yor. Sarn\u0131c\u0131 ve \u015fu anda i\u00e7inde devam eden, \u0130ranl\u0131 sanat\u00e7\u0131 Ahmet Nejat&#8217;\u0131n Do\u011fu ve Bat\u0131\u2019n\u0131n, ya\u015fam ve \u00f6l\u00fcm\u00fcn, d\u00fcnyevi ve uhrevinin birbirine ko\u015fut varolu\u015funu vurgulayan eserlerinden [&hellip;]<\/p>\n","protected":false},"author":1,"featured_media":7716,"comment_status":"open","ping_status":"open","sticky":false,"template":"","format":"standard","meta":{"footnotes":""},"categories":[121,101],"tags":[],"class_list":["post-6858","post","type-post","status-publish","format-standard","has-post-thumbnail","hentry","category-gezi","category-sanata-dair"],"_links":{"self":[{"href":"https:\/\/www.sanatlarandevu.com\/index.php?rest_route=\/wp\/v2\/posts\/6858","targetHints":{"allow":["GET"]}}],"collection":[{"href":"https:\/\/www.sanatlarandevu.com\/index.php?rest_route=\/wp\/v2\/posts"}],"about":[{"href":"https:\/\/www.sanatlarandevu.com\/index.php?rest_route=\/wp\/v2\/types\/post"}],"author":[{"embeddable":true,"href":"https:\/\/www.sanatlarandevu.com\/index.php?rest_route=\/wp\/v2\/users\/1"}],"replies":[{"embeddable":true,"href":"https:\/\/www.sanatlarandevu.com\/index.php?rest_route=%2Fwp%2Fv2%2Fcomments&post=6858"}],"version-history":[{"count":4,"href":"https:\/\/www.sanatlarandevu.com\/index.php?rest_route=\/wp\/v2\/posts\/6858\/revisions"}],"predecessor-version":[{"id":7717,"href":"https:\/\/www.sanatlarandevu.com\/index.php?rest_route=\/wp\/v2\/posts\/6858\/revisions\/7717"}],"wp:featuredmedia":[{"embeddable":true,"href":"https:\/\/www.sanatlarandevu.com\/index.php?rest_route=\/wp\/v2\/media\/7716"}],"wp:attachment":[{"href":"https:\/\/www.sanatlarandevu.com\/index.php?rest_route=%2Fwp%2Fv2%2Fmedia&parent=6858"}],"wp:term":[{"taxonomy":"category","embeddable":true,"href":"https:\/\/www.sanatlarandevu.com\/index.php?rest_route=%2Fwp%2Fv2%2Fcategories&post=6858"},{"taxonomy":"post_tag","embeddable":true,"href":"https:\/\/www.sanatlarandevu.com\/index.php?rest_route=%2Fwp%2Fv2%2Ftags&post=6858"}],"curies":[{"name":"wp","href":"https:\/\/api.w.org\/{rel}","templated":true}]}}