{"id":6860,"date":"2024-03-08T13:58:06","date_gmt":"2024-03-08T13:58:06","guid":{"rendered":"https:\/\/ww2.sanatlarandevu.com\/feride-celik-ile-baksida-sanat-ekim-2018-programi\/"},"modified":"2024-03-12T11:01:02","modified_gmt":"2024-03-12T11:01:02","slug":"feride-celik-ile-baksida-sanat-ekim-2018-programi","status":"publish","type":"post","link":"https:\/\/www.sanatlarandevu.com\/?p=6860","title":{"rendered":"FER\u0130DE \u00c7EL\u0130K \u0130LE BAKSI&#8217;DA SANAT Ekim 2018 Program\u0131"},"content":{"rendered":"<p><strong>BAKSI M\u00dcZES\u0130<\/strong><\/p>\n<p>Baks\u0131 M\u00fczesi, yo\u011fun g\u00f6\u00e7 veren ilimiz Bayburt\u2019tun Bayraktar k\u00f6y\u00fcnde; gurbetin, kaybolan geleneklerin, unutulan de\u011ferlerin neden oldu\u011fu sorunlara ve sonu\u00e7lara bir \u00e7\u00f6z\u00fcm aray\u0131\u015f\u0131d\u0131r.<\/p>\n<p>Tersine g\u00f6\u00e7\u00fc ba\u015flatacak \u00e7al\u0131\u015fmalar\u0131; gelenek-gelecek ve s\u00fcreklilik ba\u011flant\u0131lar\u0131n\u0131 kuran, bu ba\u011flar\u0131 istihdam-beklenti ve moral unsurlar\u0131 ile g\u00fc\u00e7lendiren bir anlay\u0131\u015fa sahip olan m\u00fczede geleneksel k\u00fclt\u00fcr\u00fc koruyarak, gelecek ku\u015faklara aktarmak i\u00e7in ara\u015ft\u0131rmalar yap\u0131l\u0131r, bu zeminden hareketle \u00f6zellikle kad\u0131n istihdam\u0131 projelerini uygulamaya koyulur.<\/p>\n<ul>\n<li><strong><span class=\"tour-list\">Tarih:<\/span> <\/strong>12.10.2018 &#8211; 14.10.2018<\/li>\n<li><strong><span class=\"tour-list\">Fiyat:<\/span><\/strong> 1450,00 TL<\/li>\n<li><strong><span class=\"tour-list\">Tek Ki\u015filik Fiyat:<\/span> <\/strong>1600 TL<\/li>\n<\/ul>\n<p><strong>Gezi Program\u0131:<\/strong><\/p>\n<ol>\n<li><strong>G\u00fcn : 12 EK\u0130M CUMA &#8211; \u0130STANBUL \/ ERZURUM \/ BAYBURT<\/strong>Atat\u00fcrk Havaliman\u0131\u2019nda 14:30\u2019da bulu\u015fmam\u0131z\u0131n ard\u0131ndan T\u00fcrk Hava Yollar\u0131\u2019n\u0131n TK2706 sefer say\u0131l\u0131 u\u00e7u\u015fu ile 15:50\u2019de Erzurum\u2019a hareket ediyor ve 17:40\u2019ta var\u0131\u015f\u0131m\u0131z\u0131 takiben Baks\u0131 Konuk Evi\u2019ne transfer oluyoruz. Buradaki ak\u015fam yeme\u011fi sonras\u0131nda Baks\u0131 M\u00fczesi klasi\u011fi olan terasta ate\u015fin etraf\u0131nda Prof. Dr. H\u00fcsamettin Ko\u00e7an Hoca ile tan\u0131\u015f\u0131p sanat s\u00f6yle\u015fileri ger\u00e7ekle\u015ftiriyoruz. Konaklamam\u0131z Baks\u0131 Konuk Evi\u2019nde&#8230;<\/li>\n<li><strong>G\u00fcn : 13 EK\u0130M CUMARTES\u0130 &#8211; BAYBURT<\/strong>Sabah kahvalt\u0131m\u0131z\u0131 Baks\u0131 M\u00fczesi\u2019nin muhte\u015fem ortam\u0131nda ald\u0131ktan sonra Baks\u0131 M\u00fczesi\u2019ni ve m\u00fczedeki yeni sergiyi t\u00fcm detaylar\u0131yla anlat\u0131m e\u015fli\u011finde geziyor ve bilgi al\u0131yoruz. Baks\u0131 M\u00fczesi gezimiz sonras\u0131nda ehram dokuma ve kilim at\u00f6lyelerini geziyoruz ve ehram tezg\u00e2hlar\u0131nda, unutulmaya y\u00fcz tutan geleneksel bir dokuma olan ehram\u0131n dokumas\u0131n\u0131 deneme \u015fans\u0131 buluyoruz. Ard\u0131ndan, bizim i\u00e7in \u00f6zel haz\u0131rlanm\u0131\u015f olan men\u00fc e\u015fli\u011finde \u00f6\u011fle yeme\u011fi yiyoruz. \u00d6\u011fleden sonra kete yap\u0131lmas\u0131n\u0131 izliyor ve tad\u0131yoruz. \u00a0Ard\u0131ndan konferans salonunda Baks\u0131 M\u00fczesi\u2019nin ge\u00e7mi\u015f projeleri ile ilgili bir sunum izliyoruz.Ak\u015fam yeme\u011fini Baks\u0131 M\u00fczesi\u2019nin muhte\u015fem ortam\u0131nda yiyoruz. Konaklamam\u0131z Baks\u0131 Konuk Evi\u2019nde olacak.<\/li>\n<li><strong>G\u00fcn : 14 EK\u0130M PAZAR &#8211; BAYBURT \/ ERZURUM \/ \u0130STANBUL<\/strong>Sabah kahvalt\u0131s\u0131n\u0131 Baks\u0131 M\u00fczesi\u2019nin muhte\u015fem ortam\u0131nda ald\u0131ktan sonra Huykesen A\u011fac\u0131\u2019na y\u00fcr\u00fcy\u00fc\u015f yap\u0131yoruz. Ard\u0131ndan Depo M\u00fczeyi t\u00fcm detaylar\u0131yla anlat\u0131m e\u015fli\u011finde geziyor ve bilgi al\u0131yoruz. Gezilerimiz sonras\u0131nda Baks\u0131 M\u00fczesi d\u00fckkan\u0131ndan al\u0131\u015fveri\u015f yapma \u015fans\u0131n\u0131 yakal\u0131yoruz.\u00d6\u011fle yeme\u011fimizi k\u00f6ydeki bal\u0131k\u00e7\u0131da ald\u0131ktan sonra \u00c7oruh Nehri k\u0131y\u0131s\u0131nda y\u00fcr\u00fcy\u00fc\u015f yap\u0131yoruz.Konuk evinden \u00e7\u0131k\u0131\u015f yaparak Erzurum Havaalan\u0131\u2019na do\u011fru hareket ediyoruz. T\u00fcrk Hava Yollar\u0131\u2019n\u0131n TK2707 sefer say\u0131l\u0131 u\u00e7u\u015fu ile 18:35\u2019te \u0130stanbul\u2019a d\u00f6n\u00fcyoruz.<strong>GEZ\u0130 F\u0130YATINA DAH\u0130L OLAN H\u0130ZMETLER<\/strong>\n<ul>\n<li>Baks\u0131 Konukevi\u2019nde 2 Gece Konaklama<\/li>\n<li>Gezi S\u0131ras\u0131ndaki T\u00fcm Transferler<\/li>\n<li>2 Sabah Kahvalt\u0131s\u0131<\/li>\n<li>2 \u00d6\u011fle Yeme\u011fi<\/li>\n<li>2 Ak\u015fam Yeme\u011fi<\/li>\n<li>Sanat Dan\u0131\u015fman\u0131m\u0131z Feride \u00c7elik ile s\u00f6yle\u015filer<\/li>\n<li>TURSAB Seyahat Sigortas\u0131<\/li>\n<\/ul>\n<p><strong>\u00a0<\/strong><strong>GEZ\u0130 F\u0130YATINA DAH\u0130L OLMAYAN VE EKSTRA ALINACAK H\u0130ZMETLER<\/strong><strong>\u00a0<\/strong><\/p>\n<ul>\n<li>Gidi\u015f-D\u00f6n\u00fc\u015f U\u00e7ak Biletleri<\/li>\n<li>Yemeklerde Al\u0131nacak Ekstra \u0130\u00e7ecekler<\/li>\n<li>T\u00fcm Ki\u015fisel Harcamalar<\/li>\n<\/ul>\n<\/li>\n<li style=\"list-style-type: none;\">\n<ol>\n<li style=\"list-style-type: none;\"><strong>KONAKLAMA<\/strong>:Baks\u0131 Konukevi <a href=\"http:\/\/www.baksi.org\/konuk-evi\" target=\"_blank\" rel=\"noopener\">www.Baks\u0131.org\/konuk-evi<\/a><strong>U\u00c7U\u015eLAR<\/strong>:<strong>G\u0130D\u0130\u015e <\/strong>\u0130stanbul &#8211; Erzurum, 12 Ekim CumaU\u00c7U\u015e TK2706 KALKI\u015e \u0130stanbul 15:50 VARI\u015e Erzurum 17:40 S\u00dcRE 1s 50d<strong>D\u00d6N\u00dc\u015e<\/strong> Erzurum &#8211; \u0130stanbul, 14 Ekim Pazar 2s 10dU\u00c7U\u015e TK2707 KALKI\u015e Erzurum 18:35 VARI\u015e \u0130stanbul S\u00dcRE 20:45<strong>\u00a0<\/strong><\/li>\n<\/ol>\n<\/li>\n<\/ol>\n<p><strong>FER\u0130DE \u00c7EL\u0130K<\/strong><\/p>\n<p>Marmara \u00dcniversitesi, \u0130ktisadi ve \u0130dari Bilimler Entstit\u00fcs\u00fc ile ba\u015flayan e\u011fitim d\u00f6nemi Boston University, Boston, Massachusetts, Old Dominion University, Yeditepe \u00dcniversitesi, I\u015f\u0131k \u00dcniversitesi Sanat Bilimi Doktora Program\u0131 ile devam etmi\u015ftir. E\u011fitiminin yan\u0131nda resim, tak\u0131 tasar\u0131m ve yoga e\u011fitmenli\u011fi sertifikas\u0131 bulunmaktad\u0131r.<\/p>\n<p>1 Ocak 1970 y\u0131l\u0131nda Isparta\u2019da do\u011fan Feride Han\u0131m evli ve iki \u00e7ocuk annesidir.<\/p>\n<p><strong>BAKSI M\u00dcZES\u0130NDE TOPRAK SERG\u0130S\u0130<\/strong><\/p>\n<p>Haldun Dosto\u011flu\u2019nun k\u00fcrat\u00f6rl\u00fc\u011f\u00fcnde Alev Eb\u00fczziya eserleri ile yerel \u00e7\u00f6mleklerden olu\u015fan TOPRAK sergisi, Alev Eb\u00fczziya\u2019n\u0131n modern seramik formlar\u0131 ile geleneksel \u00fcretimin ayn\u0131 \u00e7at\u0131 alt\u0131nda sergilenmesinin yarataca\u011f\u0131 sinerjinin b\u00fcy\u00fcs\u00fcn\u00fc seyirciyle payla\u015f\u0131yor. Asl\u0131nda bu topraklarda binlerce y\u0131ld\u0131r s\u00fcr\u00fcp giden toprakla bo\u011fu\u015fma, topra\u011f\u0131 alt etme kavgas\u0131n\u0131n k\u0131sa bir \u00f6yk\u00fcs\u00fcn\u00fc yazmaya \u00e7al\u0131\u015f\u0131yor.<\/p>\n<p>Alev Eb\u00fczziya\u2019n\u0131n, b\u00fcy\u00fcleyici ve havada s\u00fcz\u00fcl\u00fcyormu\u015f hissi yaratan \u00e7anaklar\u0131 i\u00e7in Amerikal\u0131 seramik sanat\u0131 yazarlar\u0131ndan Garth Clark \u201cAlev&#8217;in \u00e7anaklar\u0131, t\u0131pk\u0131 sanat\u00e7\u0131n\u0131n kendisi gibi, do\u011fu\u015ftan zarif, i\u00e7ten ve ilk bak\u0131\u015fta anla\u015f\u0131lmasa da derin bir \u015fekilde tutkuludurlar.\u201d Demi\u015ftir. Yerel \u00e7\u00f6mleklerde ise Anadolu kad\u0131n\u0131n\u0131n buram buram toprak kokan ellerindeki tutkuyu g\u00f6rmemek\u00a0 imkans\u0131zd\u0131r.<\/p>\n<p>Alev Eb\u00fczziya eserleri Kemal Servi koleksiyonundan, geleneksel \u00e7\u00f6mlekler ise Baks\u0131 M\u00fczesi ve H\u00fcsamettin Ko\u00e7an koleksiyonundan derlendi. Eb\u00fczziya\u2019n\u0131n neredeyse her d\u00f6neminden eseri 2001 y\u0131l\u0131ndan beri b\u00fcy\u00fck bir tutkuyla toplamaya \u00e7al\u0131\u015fan Kemal Servi gibi H\u00fcsamettin Ko\u00e7an\u2019\u0131n yerele, zanaata, geleneksel objelere olan tutkusu sayesinde olu\u015fturdu\u011fu koleksiyon bu serginin kayna\u011f\u0131 oldu.<\/p>\n<p>Alev Eb\u00fczziya \u00e7anaklar\u0131 ve yerel \u00e7\u00f6mleklere ek olarak TOPRAK sergisinde Ali Kazma\u2019n\u0131n Alev Eb\u00fczziya\u2019n\u0131n at\u00f6lyesinde \u00e7ekti\u011fi \u2018Studio Ceramist\u2019 adl\u0131 vide eseri de g\u00f6sterilecek.<\/p>\n<p><strong>\u00a0<\/strong><\/p>\n<p><strong>\u0130ptal ko\u015fullar\u0131:<\/strong><\/p>\n<p>Kat\u0131l\u0131mc\u0131n\u0131n gerekli t\u00fcm \u00f6zeni g\u00f6stermesine ra\u011fmen \u00f6ng\u00f6remedi\u011fi ve engelleyemedi\u011fi bir durum veya m\u00fccbir sebep nedeniyle paket turun ba\u015flamas\u0131na otuz g\u00fcnden daha az bir s\u00fcre kala fesih bildiriminde bulunmas\u0131 halinde, \u00f6denmesi zorunlu vergi, har\u00e7 ve benzeri yasal y\u00fck\u00fcml\u00fcl\u00fcklerden do\u011fan masraflar ile \u00fc\u00e7\u00fcnc\u00fc ki\u015filere \u00f6denip belgelendirilebilen ve iadesi m\u00fcmk\u00fcn olmayan bedeller hari\u00e7 olmak \u00fczere, herhangi bir kesinti yap\u0131lmaks\u0131z\u0131n kat\u0131l\u0131mc\u0131n\u0131n \u00f6demi\u015f oldu\u011fu bedel kendisine iade edilir. Seyahat tarihine 30 g\u00fcn kala yap\u0131lan rezervasyon iptallerinde paket \u00fccretinin %50&#8217;si, daha sonraki iptallerde paket \u00fccretinin tamam\u0131 geri iade edilmez. Seyahat sigortas\u0131 iptal ko\u015fullar\u0131 ge\u00e7erlidir.<\/p>\n<p><em><strong>**Acentam\u0131z gerekli g\u00f6rd\u00fc\u011f\u00fc durumlarda (B\u00f6lge ko\u015fullar\u0131 itibari ile olumsuz hava ko\u015fullar\u0131, yol engeli, grev, ter\u00f6r, sava\u015f, sava\u015f ihtimali) misafirlerimizin g\u00fcvenli\u011fi \u00f6n planda olmak \u00fczere tur iptali hakk\u0131n\u0131 sakl\u0131 tutmaktad\u0131r.<\/strong><\/em><\/p>\n<p>&nbsp;<\/p>\n","protected":false},"excerpt":{"rendered":"<p>BAKSI M\u00dcZES\u0130 Baks\u0131 M\u00fczesi, yo\u011fun g\u00f6\u00e7 veren ilimiz Bayburt\u2019tun Bayraktar k\u00f6y\u00fcnde; gurbetin, kaybolan geleneklerin, unutulan de\u011ferlerin neden oldu\u011fu sorunlara ve sonu\u00e7lara bir \u00e7\u00f6z\u00fcm aray\u0131\u015f\u0131d\u0131r. Tersine g\u00f6\u00e7\u00fc ba\u015flatacak \u00e7al\u0131\u015fmalar\u0131; gelenek-gelecek ve s\u00fcreklilik ba\u011flant\u0131lar\u0131n\u0131 kuran, bu ba\u011flar\u0131 istihdam-beklenti ve moral unsurlar\u0131 ile g\u00fc\u00e7lendiren bir anlay\u0131\u015fa sahip olan m\u00fczede geleneksel k\u00fclt\u00fcr\u00fc koruyarak, gelecek ku\u015faklara aktarmak i\u00e7in ara\u015ft\u0131rmalar yap\u0131l\u0131r, [&hellip;]<\/p>\n","protected":false},"author":1,"featured_media":7708,"comment_status":"open","ping_status":"open","sticky":false,"template":"","format":"standard","meta":{"footnotes":""},"categories":[121,101],"tags":[],"class_list":["post-6860","post","type-post","status-publish","format-standard","has-post-thumbnail","hentry","category-gezi","category-sanata-dair"],"_links":{"self":[{"href":"https:\/\/www.sanatlarandevu.com\/index.php?rest_route=\/wp\/v2\/posts\/6860","targetHints":{"allow":["GET"]}}],"collection":[{"href":"https:\/\/www.sanatlarandevu.com\/index.php?rest_route=\/wp\/v2\/posts"}],"about":[{"href":"https:\/\/www.sanatlarandevu.com\/index.php?rest_route=\/wp\/v2\/types\/post"}],"author":[{"embeddable":true,"href":"https:\/\/www.sanatlarandevu.com\/index.php?rest_route=\/wp\/v2\/users\/1"}],"replies":[{"embeddable":true,"href":"https:\/\/www.sanatlarandevu.com\/index.php?rest_route=%2Fwp%2Fv2%2Fcomments&post=6860"}],"version-history":[{"count":4,"href":"https:\/\/www.sanatlarandevu.com\/index.php?rest_route=\/wp\/v2\/posts\/6860\/revisions"}],"predecessor-version":[{"id":7711,"href":"https:\/\/www.sanatlarandevu.com\/index.php?rest_route=\/wp\/v2\/posts\/6860\/revisions\/7711"}],"wp:featuredmedia":[{"embeddable":true,"href":"https:\/\/www.sanatlarandevu.com\/index.php?rest_route=\/wp\/v2\/media\/7708"}],"wp:attachment":[{"href":"https:\/\/www.sanatlarandevu.com\/index.php?rest_route=%2Fwp%2Fv2%2Fmedia&parent=6860"}],"wp:term":[{"taxonomy":"category","embeddable":true,"href":"https:\/\/www.sanatlarandevu.com\/index.php?rest_route=%2Fwp%2Fv2%2Fcategories&post=6860"},{"taxonomy":"post_tag","embeddable":true,"href":"https:\/\/www.sanatlarandevu.com\/index.php?rest_route=%2Fwp%2Fv2%2Ftags&post=6860"}],"curies":[{"name":"wp","href":"https:\/\/api.w.org\/{rel}","templated":true}]}}