{"id":6879,"date":"2024-03-08T13:58:07","date_gmt":"2024-03-08T13:58:07","guid":{"rendered":"https:\/\/ww2.sanatlarandevu.com\/baksida-sanat-randevumuz-var-17-19-mayis-2019\/"},"modified":"2024-03-12T11:42:26","modified_gmt":"2024-03-12T11:42:26","slug":"baksida-sanat-randevumuz-var-17-19-mayis-2019","status":"publish","type":"post","link":"https:\/\/www.sanatlarandevu.com\/?p=6879","title":{"rendered":"Baks\u0131&#8217;da Sanat Randevumuz Var! &#8211; 17-19 May\u0131s 2019"},"content":{"rendered":"<p>Baks\u0131 M\u00fczesi, yo\u011fun g\u00f6\u00e7 veren ilimiz Bayburt\u2019tun Bayraktar k\u00f6y\u00fcnde; gurbetin, kaybolan geleneklerin, unutulan de\u011ferlerin neden oldu\u011fu sorunlara ve sonu\u00e7lara bir \u00e7\u00f6z\u00fcm aray\u0131\u015f\u0131d\u0131r.<\/p>\n<p>Tersine g\u00f6\u00e7\u00fc ba\u015flatacak \u00e7al\u0131\u015fmalar\u0131; gelenek-gelecek ve s\u00fcreklilik ba\u011flant\u0131lar\u0131n\u0131 kuran, bu ba\u011flar\u0131 istihdam-beklenti ve moral unsurlar\u0131 ile g\u00fc\u00e7lendiren bir anlay\u0131\u015fa sahip olan m\u00fczede geleneksel k\u00fclt\u00fcr\u00fc koruyarak, gelecek ku\u015faklara aktarmak i\u00e7in ara\u015ft\u0131rmalar yap\u0131l\u0131r, bu zeminden hareketle \u00f6zellikle kad\u0131n istihdam\u0131 projelerini uygulamaya koyulur.<\/p>\n<ul>\n<li><b>Tarih:\u00a0<\/b>17.05.2019 \u2013 19.05.2019<\/li>\n<li><b>Fiyat:\u00a0<\/b>1450 TL<\/li>\n<li><b>Tek Ki\u015filik Fiyat:\u00a0<\/b>1600 TL<\/li>\n<\/ul>\n<p><b>Gezi Program\u0131:<\/b><\/p>\n<ol>\n<li><b>G\u00fcn : 17 May\u0131s CUMA \u2013 \u0130STANBUL \/ ERZURUM \/ BAYBURT<\/b><\/li>\n<\/ol>\n<p>\u0130stanbul Havaliman\u0131&#8217;nda 14:30\u2019da bulu\u015fmam\u0131z\u0131n ard\u0131ndan T\u00fcrk Hava Yollar\u0131\u2019n\u0131n TK2706 sefer say\u0131l\u0131 u\u00e7u\u015fu ile 15:50\u2019de Erzurum\u2019a hareket ediyor ve 17:40\u2019ta var\u0131\u015f\u0131m\u0131z\u0131 takiben Baks\u0131 Konuk Evi\u2019ne transfer oluyoruz. Buradaki ak\u015fam yeme\u011fi sonras\u0131nda Baks\u0131 M\u00fczesi klasi\u011fi olan terasta ate\u015fin etraf\u0131nda Prof. Dr. H\u00fcsamettin Ko\u00e7an Hoca ile tan\u0131\u015f\u0131p sanat s\u00f6yle\u015fileri ger\u00e7ekle\u015ftiriyoruz. Konaklamam\u0131z Baks\u0131 Konuk Evi\u2019nde.<\/p>\n<ol>\n<li><b>G\u00fcn : 18 May\u0131s CUMARTES\u0130 \u2013 BAYBURT<\/b><\/li>\n<\/ol>\n<p>Sabah kahvalt\u0131m\u0131z\u0131 Baks\u0131 M\u00fczesi\u2019nin dingin ve huzur dolu ortam\u0131nda ald\u0131ktan sonra Baks\u0131 M\u00fczesi\u2019ni ve m\u00fczedeki yeni sergiyi t\u00fcm detaylar\u0131yla anlat\u0131m e\u015fli\u011finde geziyor ve bilgi al\u0131yoruz. Baks\u0131 M\u00fczesi gezimiz sonras\u0131nda ehram dokuma ve kilim at\u00f6lyelerini geziyoruz ve ehram tezg\u00e2hlar\u0131nda, unutulmaya y\u00fcz tutan geleneksel bir dokuma olan ehram\u0131n dokumas\u0131n\u0131 deneme \u015fans\u0131 buluyoruz. Ard\u0131ndan, bizim i\u00e7in \u00f6zel haz\u0131rlanm\u0131\u015f olan y\u00f6resel men\u00fc e\u015fli\u011finde \u00f6\u011fle yeme\u011fi yiyoruz. Yeme\u011fimiz sonras\u0131nda Depo M\u00fczeyi t\u00fcm detaylar\u0131yla anlat\u0131m e\u015fli\u011finde geziyor ve bilgi al\u0131yoruz. Gezilerimizin bitiminde Baks\u0131 M\u00fczesi d\u00fckkan\u0131ndan al\u0131\u015fveri\u015f yapma \u015fans\u0131n\u0131 yakal\u0131yoruz. Ak\u015fam yeme\u011fini Baks\u0131 M\u00fczesi\u2019nin sakin atmosferinde yiyoruz. Konaklamam\u0131z Baks\u0131 Konuk Evi\u2019nde olacak.<\/p>\n<ol>\n<li><b>G\u00fcn : 19 May\u0131s PAZAR \u2013 BAYBURT \/ ERZURUM \/ \u0130STANBUL<\/b><\/li>\n<\/ol>\n<p>Sabah kahvalt\u0131s\u0131n\u0131 Baks\u0131 M\u00fczesi\u2019nin ald\u0131ktan sonra Huykesen A\u011fac\u0131\u2019na y\u00fcr\u00fcy\u00fc\u015f yap\u0131p dilek a\u011fac\u0131na \u00e7aputlar\u0131m\u0131z\u0131 ba\u011flayarak Bayraktar k\u00f6y\u00fcne keyifli bir ziyaret ger\u00e7ekle\u015ftiriyoruz. \u00d6\u011fle yeme\u011fimizi \u00c7oruh Nehrine k\u0131y\u0131s\u0131 olan Yoncal\u0131 k\u00f6y\u00fcn\u00fcn alabal\u0131k \u00e7iftli\u011finde ald\u0131ktan sonra Erzurum Havaalan\u0131\u2019na do\u011fru hareket ediyoruz. T\u00fcrk Hava Yollar\u0131\u2019n\u0131n TK2707 sefer say\u0131l\u0131 u\u00e7u\u015fu ile 18:35\u2019te \u0130stanbul\u2019a d\u00f6n\u00fcyoruz.<\/p>\n<p><b>GEZ\u0130 F\u0130YATINA DAH\u0130L OLAN H\u0130ZMETLER<\/b><\/p>\n<ol>\n<li style=\"list-style-type: none;\">\n<ul>\n<li>Baks\u0131 Konukevi\u2019nde 2 Gece Konaklama<\/li>\n<li>Gezi S\u0131ras\u0131ndaki T\u00fcm Transferler<\/li>\n<li>2 Sabah Kahvalt\u0131s\u0131<\/li>\n<li>2 \u00d6\u011fle Yeme\u011fi<\/li>\n<li>2 Ak\u015fam Yeme\u011fi<\/li>\n<li>TURSAB Seyahat Sigortas\u0131<\/li>\n<\/ul>\n<\/li>\n<\/ol>\n<p><b>\u00a0GEZ\u0130 F\u0130YATINA DAH\u0130L OLMAYAN VE EKSTRA ALINACAK H\u0130ZMETLER\u00a0<\/b><\/p>\n<ol>\n<li style=\"list-style-type: none;\">\n<ul>\n<li>Gidi\u015f-D\u00f6n\u00fc\u015f U\u00e7ak Biletleri<\/li>\n<li>Yemeklerde Al\u0131nacak Ekstra \u0130\u00e7ecekler<\/li>\n<li>T\u00fcm Ki\u015fisel Harcamalar<\/li>\n<\/ul>\n<\/li>\n<\/ol>\n<p><b>KONAKLAMA<\/b>:<\/p>\n<p>Baks\u0131 Konukevi\u00a0<a href=\"http:\/\/www.baksi.org\/konuk-evi\" target=\"_blank\" rel=\"noopener\">www.Baks\u0131.org\/konuk-evi<\/a><\/p>\n<p><b>U\u00c7U\u015eLAR<\/b>:<\/p>\n<p><b>G\u0130D\u0130\u015e\u00a0<\/b>\u0130stanbul \u2013 Erzurum, 17 May\u0131s Cuma<span class=\"Apple-converted-space\">\u00a0<\/span><\/p>\n<p>U\u00c7U\u015e TK2706<\/p>\n<p>KALKI\u015e \u0130stanbul 15:50 VARI\u015e Erzurum 17:40 S\u00dcRE<span class=\"Apple-converted-space\">\u00a0<\/span><\/p>\n<p><b>D\u00d6N\u00dc\u015e<\/b>\u00a0Erzurum \u2013 \u0130stanbul, 19 May\u0131s Pazar<span class=\"Apple-converted-space\">\u00a0<\/span><\/p>\n<p>U\u00c7U\u015e TK2707<\/p>\n<p>KALKI\u015e Erzurum 18:35 VARI\u015e \u0130stanbul S\u00dcRE 20:45<b>\u00a0<\/b><\/p>\n","protected":false},"excerpt":{"rendered":"<p>Baks\u0131 M\u00fczesi, yo\u011fun g\u00f6\u00e7 veren ilimiz Bayburt\u2019tun Bayraktar k\u00f6y\u00fcnde; gurbetin, kaybolan geleneklerin, unutulan de\u011ferlerin neden oldu\u011fu sorunlara ve sonu\u00e7lara bir \u00e7\u00f6z\u00fcm aray\u0131\u015f\u0131d\u0131r. Tersine g\u00f6\u00e7\u00fc ba\u015flatacak \u00e7al\u0131\u015fmalar\u0131; gelenek-gelecek ve s\u00fcreklilik ba\u011flant\u0131lar\u0131n\u0131 kuran, bu ba\u011flar\u0131 istihdam-beklenti ve moral unsurlar\u0131 ile g\u00fc\u00e7lendiren bir anlay\u0131\u015fa sahip olan m\u00fczede geleneksel k\u00fclt\u00fcr\u00fc koruyarak, gelecek ku\u015faklara aktarmak i\u00e7in ara\u015ft\u0131rmalar yap\u0131l\u0131r, bu zeminden [&hellip;]<\/p>\n","protected":false},"author":1,"featured_media":7884,"comment_status":"open","ping_status":"open","sticky":false,"template":"","format":"standard","meta":{"footnotes":""},"categories":[121],"tags":[],"class_list":["post-6879","post","type-post","status-publish","format-standard","has-post-thumbnail","hentry","category-gezi"],"_links":{"self":[{"href":"https:\/\/www.sanatlarandevu.com\/index.php?rest_route=\/wp\/v2\/posts\/6879","targetHints":{"allow":["GET"]}}],"collection":[{"href":"https:\/\/www.sanatlarandevu.com\/index.php?rest_route=\/wp\/v2\/posts"}],"about":[{"href":"https:\/\/www.sanatlarandevu.com\/index.php?rest_route=\/wp\/v2\/types\/post"}],"author":[{"embeddable":true,"href":"https:\/\/www.sanatlarandevu.com\/index.php?rest_route=\/wp\/v2\/users\/1"}],"replies":[{"embeddable":true,"href":"https:\/\/www.sanatlarandevu.com\/index.php?rest_route=%2Fwp%2Fv2%2Fcomments&post=6879"}],"version-history":[{"count":3,"href":"https:\/\/www.sanatlarandevu.com\/index.php?rest_route=\/wp\/v2\/posts\/6879\/revisions"}],"predecessor-version":[{"id":7885,"href":"https:\/\/www.sanatlarandevu.com\/index.php?rest_route=\/wp\/v2\/posts\/6879\/revisions\/7885"}],"wp:featuredmedia":[{"embeddable":true,"href":"https:\/\/www.sanatlarandevu.com\/index.php?rest_route=\/wp\/v2\/media\/7884"}],"wp:attachment":[{"href":"https:\/\/www.sanatlarandevu.com\/index.php?rest_route=%2Fwp%2Fv2%2Fmedia&parent=6879"}],"wp:term":[{"taxonomy":"category","embeddable":true,"href":"https:\/\/www.sanatlarandevu.com\/index.php?rest_route=%2Fwp%2Fv2%2Fcategories&post=6879"},{"taxonomy":"post_tag","embeddable":true,"href":"https:\/\/www.sanatlarandevu.com\/index.php?rest_route=%2Fwp%2Fv2%2Ftags&post=6879"}],"curies":[{"name":"wp","href":"https:\/\/api.w.org\/{rel}","templated":true}]}}