{"id":6884,"date":"2024-03-08T13:58:07","date_gmt":"2024-03-08T13:58:07","guid":{"rendered":"https:\/\/ww2.sanatlarandevu.com\/fotograf-oykuleri-ile-lavanta-zamani-11-13-temmuz-2019\/"},"modified":"2024-03-12T11:45:03","modified_gmt":"2024-03-12T11:45:03","slug":"fotograf-oykuleri-ile-lavanta-zamani-11-13-temmuz-2019","status":"publish","type":"post","link":"https:\/\/www.sanatlarandevu.com\/?p=6884","title":{"rendered":"FOTO\u011eRAF \u00d6YK\u00dcLER\u0130 \u0130LE LAVANTA ZAMANI \/ 11-13 TEMMUZ 2019"},"content":{"rendered":"<p>E\u015fsiz lavanta tarlalar\u0131 ile bilinen Kuyucak k\u00f6y\u00fcne harika foto\u011fraflar \u00e7ekmek i\u00e7in gidiyoruz. Ayr\u0131ca gezimizin son g\u00fcn\u00fc mavi cennet Salda g\u00f6l\u00fc muhte\u015fem manzaralar\u0131 ile bizleri bekliyor olacak. Bu gezimizi foto\u011fraf kurgular\u0131, ba\u015far\u0131l\u0131 foto\u011fraflar i\u00e7in ipu\u00e7lar\u0131, do\u011fal manzaralar\u0131, insan portreleri, lavanta tarlalar\u0131, g\u00f6ller, antik kent Sagalassos ve y\u00f6resel yemekler ba\u015fl\u0131klar alt\u0131nda \u00f6zetleyebiliriz.<\/p>\n<p>Ba\u015flang\u0131\u00e7, amat\u00f6r merakl\u0131 ve profesyonel seviyedeki fotograf\u00e7\u0131lar SLR, Dijital SLR, aynas\u0131z, kompakt, aksiyon kamera veya telefonlar\u0131 ile gezimize e\u015flik edebilirler.<\/p>\n<p><b><i>Gezi Program\u0131:<\/i><\/b><\/p>\n<p><b><i>1.G\u00fcn: \u0130STANBUL \/ ISPARTA \/ KUYUCAK K\u00d6Y\u00dc<\/i><\/b><\/p>\n<div class=\"page\" title=\"Page 2\">\n<div class=\"layoutArea\">\n<div class=\"column\">\n<p>De\u011ferli\u00a0 Sanatla\u00a0 Randevu\u00a0 Gezginleri\u00a0 ile\u00a0 Sabiha G\u00f6k\u00e7en\u00a0 Havaliman\u0131\u2019nda\u00a0 saat 11:00\u2019de,\u00a0 \u0130\u00e7\u00a0 Hatlar Gidi\u015f\u00a0 Terminalinde\u00a0 bulu\u015fmam\u0131z\u0131n\u00a0 ard\u0131ndan,\u00a0 T\u00fcrk\u00a0 Hava Havayollar\u0131 TK2974 sefer say\u0131l\u0131 12:35 u\u00e7a\u011f\u0131 ile Antalya\u2019ya hareket ediyoruz. Antalya Havaliman\u0131\u2019na var\u0131\u015f\u0131m\u0131z\u0131n ard\u0131ndan \u00f6zel arac\u0131m\u0131z ile konaklayaca\u011f\u0131m\u0131z otelimiz var\u0131yor, e\u015fyalar\u0131m\u0131z\u0131 b\u0131rakarak g\u00fcn bat\u0131m\u0131 foto\u011fraf \u00e7ekimi T\u00fcrkiye\u2019nin lavanta cenneti Kuyucak k\u00f6y\u00fcne do\u011fru yola \u00e7\u0131k\u0131yoruz. Toroslar\u0131n ete\u011finde konu\u015flanm\u0131\u015f lavanta tarlalar\u0131n\u0131n mis gibi kokusu g\u00fcn bat\u0131m\u0131n\u0131n s\u0131cac\u0131k renkleri ile bizi bekliyor. G\u00fcne\u015fin bat\u0131\u015f\u0131na kadar Foto\u011fraf \u00d6yk\u00fcleri\u2019nden tan\u0131d\u0131\u011f\u0131m\u0131z Esin Karag\u00f6z hem foto\u011fraf \u00e7ekimi ile bilgiler veriyor hem de sizleri lavanta tarlalar\u0131n\u0131n aras\u0131nda foto\u011frafl\u0131yor.<\/p>\n<p>Ak\u015fam yeme\u011fimiz ve konaklamam\u0131z Kuyucak k\u00f6y\u00fcn\u00fcn ilk ve tek butik oteli olan Lavanta Villa\u2019da.<\/p>\n<\/div>\n<\/div>\n<\/div>\n<p><b><i>2. G\u00fcn :KUYUCAK K\u00d6Y\u00dc\/E\u011e\u0130RD\u0130R G\u00d6L\u00dc\/ SAGALASSOS<\/i><\/b><\/p>\n<div class=\"page\" title=\"Page 3\">\n<div class=\"layoutArea\">\n<div class=\"column\">\n<p>G\u00fcne daha mutlu ba\u015flaman\u0131z\u0131 sa\u011flayacak muhte\u015fem g\u00fcn do\u011fumu foto\u011fraflar\u0131 \u00e7ekmek i\u00e7in otelimizden saat 4.30\u2019ta ayr\u0131l\u0131yoruz. Foto\u011fraf \u00e7ekiminin ard\u0131ndan g\u00fcn do\u011fumuna kat\u0131lan misafirlerimiz ile lavanta tarlalar\u0131n\u0131n i\u00e7inde bize \u00f6zel haz\u0131rlanm\u0131\u015f k\u00f6y kahvalt\u0131s\u0131 ediyoruz. Kahvalt\u0131 sonras\u0131nda Kuyucak k\u00f6y\u00fcn\u00fcn merkezine gidiyor ve serbest zamanda k\u00f6y\u00fcn keyfini \u00e7\u0131kart\u0131yoruz.<\/p>\n<p>Akabinde otele biraz dinlenmek i\u00e7in u\u011fruyor, 1 saat dinleme molas\u0131ndan T\u00fcrkiye\u2019nin ikinci en b\u00fcy\u00fck tatl\u0131 su g\u00f6l\u00fc olan E\u011fridir G\u00f6l\u2019\u00fcne hareket ediyoruz. E\u011fridir g\u00f6l\u00fcne var\u0131\u015f\u0131m\u0131z\u0131n ard\u0131ndan g\u00f6l \u00e7evresinde e\u015fsiz bir manzara e\u015fli\u011finde y\u00fcr\u00fcy\u00fc\u015f yap\u0131yoruz ve 2000 y\u0131ll\u0131k tarihe sahip olan Ye\u015fil Ada\u2019y\u0131 g\u00f6rme \u015fans\u0131 buluyoruz. Ye\u015fil Ada, Hristiyanlara g\u00f6re, Hristiyanl\u0131\u011f\u0131n ilk yay\u0131lmaya ba\u015flad\u0131\u011f\u0131 yerlerden biri. \u0130sa\u2019n\u0131n 12 havarisinden biri olan St. Paul yapm\u0131\u015f yayma i\u015fini. Bir bak\u0131ma Hristiyanl\u0131\u011f\u0131n be\u015fi\u011fi Ye\u015fil Ada gezimiz sonras\u0131nda \u00f6\u011flen yeme\u011fimizi g\u00f6l kenar\u0131nda yap\u0131yoruz.<\/p>\n<p>\u00d6\u011flen yeme\u011finin ard\u0131ndan yakla\u015f\u0131k 2 saat yolculuk sonras\u0131 Sagalassos Antik Kenti\u2019ne geliyoruz. \u0130lk olarak, 1706&#8217;da Frans\u0131z gezgin Paul Lucas taraf\u0131ndan ke\u015ffedilen Sagalassos&#8217;ta arkeolojik kaz\u0131lar 1990&#8217;da ba\u015flat\u0131lm\u0131\u015ft\u0131r. 1700 m rak\u0131mda meyilli araziye in\u015faa edilen bu kent Antik Yunan\u2019da Pisidya\u2019ya ba\u015fkentlik yapm\u0131\u015ft\u0131r. Bu antik kentin en \u00f6nemli \u00f6zellikleri, d\u00fcnyan\u0131n en y\u00fcksek rak\u0131ml\u0131 tiyatrosu ve Antik d\u00f6nemden buyana akan \u00e7e\u015fmeleridir. Antik kenti ke\u015ffimizde; d\u00fcnyan\u0131n en y\u00fcksek rak\u0131ml\u0131 tiyatrosunu, Mercellum (antik d\u00f6nemde Pazar), Meclis Binas\u0131, Antroninler \u00c7e\u015fmesi, Roma Hamam\u0131, Odeon , \u00c7\u00f6mlek\u00e7iler mahallesi, Agora, Neon K\u00fct\u00fcphanesi, antik d\u00f6nemden bu yana sular\u0131 halen akmakta olan Helenistik \u00e7e\u015fme ve \u015fehirdeki di\u011fer kal\u0131nt\u0131lar\u0131 g\u00f6r\u00fcyoruz ve foto\u011frafl\u0131yoruz.<\/p>\n<p>Ak\u015fam yeme\u011fimiz ve konaklamam\u0131z Sagalassos Lodge &amp; Spa\u2019da.<\/p>\n<\/div>\n<\/div>\n<\/div>\n<p><b><i>3. G\u00fcn :SALDA G\u00d6L\u00dc<\/i><\/b><\/p>\n<div title=\"Page 5\">\n<p>Kahvalt\u0131m\u0131z\u0131n ard\u0131ndan T\u00fcrkiye\u2019nin en berrak, en temiz ve en derin g\u00f6lleri aras\u0131nda 1. s\u0131rada olan Salda g\u00f6l\u00fcne do\u011fru yola \u00e7\u0131k\u0131yoruz. Salda G\u00f6l\u00fc\u2019n\u00fc \u00f6zel k\u0131lan bir di\u011fer \u00f6zellik ise D\u00fcnya\u2019da Mars ile ayn\u0131 \u00f6zellikleri ta\u015f\u0131yan iki yerden biri olmas\u0131. G\u00f6lde bulunan y\u00fcksek magnezyum i\u00e7erikli beyaz kaya\u00e7lar\u0131n Mars\u2019ta da bulundu\u011fu s\u00f6yleniyor. E\u015fine ender rastlanacak beyazl\u0131kta kumun \u00fczerinde k\u0131sa bir y\u00fcr\u00fcy\u00fc\u015f sonras\u0131 foto\u011fraf \u00e7ekimlerimizi yaparak oradan ayr\u0131l\u0131yoruz.<\/p>\n<p>\u00d6\u011flen\u00a0 yeme\u011fi\u00a0 i\u00e7in\u00a0 yolda\u00a0 mola\u00a0 verip\u00a0 TK2931\u00a0 19.05\u00a0 u\u00e7u\u015fu\u00a0 ile\u00a0 Antalya Havaliman\u0131\u2019ndan, Sabiha G\u00f6k\u00e7en Havaliman\u0131\u2019na hareket ediyoruz<\/p>\n<\/div>\n<div class=\"page\" title=\"Page 5\">\n<div class=\"layoutArea\">\n<div class=\"column\">\n<p><strong>GEZ\u0130 \u00dcCRET\u0130M\u0130Z:<\/strong><\/p>\n<\/div>\n<\/div>\n<table>\n<colgroup>\n<col \/>\n<col \/><\/colgroup>\n<tbody>\n<tr>\n<td>\n<div class=\"layoutArea\">\n<div class=\"column\">\n<p>\u0130ki ki\u015filik odada ki\u015fi ba\u015f\u0131 \u00fccret<\/p>\n<\/div>\n<\/div>\n<\/td>\n<td>\n<div class=\"layoutArea\">\n<div class=\"column\">\n<p>2060,00 TL<\/p>\n<\/div>\n<\/div>\n<\/td>\n<\/tr>\n<tr>\n<td>\n<div class=\"layoutArea\">\n<div class=\"column\">\n<p>Tek ki\u015filik oda<\/p>\n<\/div>\n<\/div>\n<\/td>\n<td><img decoding=\"async\" src=\"data:image\/png;base64,iVBORw0KGgoAAAANSUhEUgAAAAMAAAANCAYAAABsItTPAAAAAXNSR0IArs4c6QAAAAlwSFlzAAAL\/QAAC\/0B7Ck4iAAAAB5JREFUCB1j\/P\/\/\/xkGCFjHAqSNoZyzTFAGmBp4DgB9eAWTmNNWDAAAAABJRU5ErkJggg==\" alt=\"page5image7941696\" width=\"2.600000\" height=\"12.800000\" \/><\/p>\n<div class=\"layoutArea\">\n<div class=\"column\">\n<p>2410,00 TL<\/p>\n<\/div>\n<\/div>\n<\/td>\n<\/tr>\n<\/tbody>\n<\/table>\n<\/div>\n<div title=\"Page 5\"><\/div>\n<div title=\"Page 5\"><strong>U\u00e7u\u015f Bilgileri:\u00a0<\/strong><\/div>\n<div title=\"Page 5\">\n<p><strong><em>\u0130stanbul &#8211; Antalya\/ 11 Temmuz 2019, Per\u015fembe<\/em><\/strong><\/p>\n<p>TK2974 \u00a012:35 \u0130stanbul Sabiha G\u00f6k\u00e7en Havaliman\u0131 &#8211; Antalya Havaliman\u0131<\/p>\n<\/div>\n<div class=\"page\" title=\"Page 6\">\n<div class=\"section\">\n<div class=\"layoutArea\">\n<div class=\"column\">\n<p><strong><em>Antalya &#8211; \u0130stanbul\/ 13 Temmuz 2019, Cumartesi<\/em><\/strong><\/p>\n<p>TK2931\u00a0 19.05 Antalya Havaliman\u0131 &#8211; \u0130stanbul Sabiha G\u00f6k\u00e7en Havaliman\u0131<\/p>\n<p><strong>GEZ\u0130 F\u0130YATINA DAH\u0130L OLAN H\u0130ZMETLER<\/strong><\/p>\n<\/div>\n<\/div>\n<\/div>\n<div class=\"layoutArea\">\n<div class=\"column\">\n<p>\u2022 Istanbul-Antalya gidi\u015f, Antalya -\u0130stanbul d\u00f6n\u00fc\u015f u\u00e7ak bileti<br \/>\n\u2022 \u00d6zel otob\u00fcs ile programda belirtilen t\u00fcm transferler<br \/>\n\u2022 Lavanta Villa\u2019da \u00a0konaklama ve ak\u015fam yeme\u011fi<\/p>\n<p><span style=\"font-size: inherit;\">\u2022 \u00a0Sagalassos Lodge &amp; Spa\u2019da\u00a0kahvalt\u0131 konaklama ve ak\u015fam yeme\u011fi \u00a0 \u00a0 \u00a0 \u00a0 \u00a0 \u00a0 \u00a0 \u00a0<\/span><\/p>\n<p><span style=\"font-size: inherit;\">\u2022 <\/span>2 \u00d6\u011fle Yeme\u011fi<br \/>\n\u2022 Sagalassos M\u00fcze-\u00d6ren yeri giri\u015fi \u00fccreti<br \/>\n\u2022 Seyahat Sigortas\u0131<br \/>\n\u2022 \u0130kramlar<\/p>\n<p><strong>GEZ\u0130 F\u0130YATINA DAH\u0130L OLMAYAN VE EKSTRA ALINACAK H\u0130ZMETLER<\/strong><\/p>\n<p>\u2022 Ki\u015fisel harcamalar<br \/>\n\u2022Yemekler s\u0131ras\u0131nda al\u0131nacak belirtilen men\u00fc d\u0131\u015f\u0131ndaki ekstralar<\/p>\n<p><b><i>Banka hesap bilgilerimiz:<\/i><\/b><\/p>\n<\/div>\n<\/div>\n<\/div>\n<p>ASAMANYA TUR\u0130ZM E\u011e\u0130T\u0130M ORG.VE T\u0130C.LTD.\u015eT\u0130<\/p>\n<p>56424464 -YAPI KRED\u0130\/KIZILTOPRAK \u015eubesi<\/p>\n<p>TR 62 0006 7010 0000 00564 24464<\/p>\n<p><b><i>Foto\u011fraf \u00d6yk\u00fcleri:Esin Karag\u00f6z A\u015fan<\/i><\/b><\/p>\n<p>1974, Artvin do\u011fumluyum. Ilk,orta,lise e\u011fitimini Bursa\u2019da tamamlad\u0131m.<\/p>\n<p>Sonras\u0131nda Anadolu \u00dcniversitesi \u0130leti\u015fim Bilimleri Fak\u00fcltesi, Bas\u0131m ve Yay\u0131mc\u0131l\u0131k B\u00f6l\u00fcm\u00fcnden mezun oldum. \u00d6zel bir \u015firkettte Halkla ili\u015fkiler Departman\u0131nda \u00e7al\u0131\u015ft\u0131ktan sonra 4 y\u0131l kadar Bursa Defteri Dergisinde Yaz\u0131 i\u015fleri sorumlusu olarak devam ettim. 2003 y\u0131l\u0131nda ise \u201cFotograf \u00d6yk\u00fcleri\u201d nin maceras\u0131 ba\u015flad\u0131. Ortaokul y\u0131llar\u0131nda etkilendi\u011fim deklan\u015f\u00f6r sesi ile fotograf \u00e7ekerek d\u00fcnyay\u0131 gezmeye hayalleri kurmaya ba\u015flad\u0131m ve bu hayal zaman i\u00e7erisinde ad\u0131m ad\u0131m ger\u00e7e\u011fe d\u00f6n\u00fc\u015ft\u00fc ve 5 k\u0131tada 30\u2019un \u00fczerinde \u00fclkeyi gezerek foto\u011fraflad\u0131m. Profesyonel foto\u011frafc\u0131l\u0131k mesle\u011fime Bursa\u2019da devam ediyorum. Farkl\u0131 konseptlerde foto\u011fraf projelerini y\u00fcr\u00fct\u00fcyorum.<\/p>\n","protected":false},"excerpt":{"rendered":"<p>E\u015fsiz lavanta tarlalar\u0131 ile bilinen Kuyucak k\u00f6y\u00fcne harika foto\u011fraflar \u00e7ekmek i\u00e7in gidiyoruz. Ayr\u0131ca gezimizin son g\u00fcn\u00fc mavi cennet Salda g\u00f6l\u00fc muhte\u015fem manzaralar\u0131 ile bizleri bekliyor olacak. Bu gezimizi foto\u011fraf kurgular\u0131, ba\u015far\u0131l\u0131 foto\u011fraflar i\u00e7in ipu\u00e7lar\u0131, do\u011fal manzaralar\u0131, insan portreleri, lavanta tarlalar\u0131, g\u00f6ller, antik kent Sagalassos ve y\u00f6resel yemekler ba\u015fl\u0131klar alt\u0131nda \u00f6zetleyebiliriz. Ba\u015flang\u0131\u00e7, amat\u00f6r merakl\u0131 ve profesyonel [&hellip;]<\/p>\n","protected":false},"author":1,"featured_media":7894,"comment_status":"open","ping_status":"open","sticky":false,"template":"","format":"standard","meta":{"footnotes":""},"categories":[121],"tags":[],"class_list":["post-6884","post","type-post","status-publish","format-standard","has-post-thumbnail","hentry","category-gezi"],"_links":{"self":[{"href":"https:\/\/www.sanatlarandevu.com\/index.php?rest_route=\/wp\/v2\/posts\/6884","targetHints":{"allow":["GET"]}}],"collection":[{"href":"https:\/\/www.sanatlarandevu.com\/index.php?rest_route=\/wp\/v2\/posts"}],"about":[{"href":"https:\/\/www.sanatlarandevu.com\/index.php?rest_route=\/wp\/v2\/types\/post"}],"author":[{"embeddable":true,"href":"https:\/\/www.sanatlarandevu.com\/index.php?rest_route=\/wp\/v2\/users\/1"}],"replies":[{"embeddable":true,"href":"https:\/\/www.sanatlarandevu.com\/index.php?rest_route=%2Fwp%2Fv2%2Fcomments&post=6884"}],"version-history":[{"count":2,"href":"https:\/\/www.sanatlarandevu.com\/index.php?rest_route=\/wp\/v2\/posts\/6884\/revisions"}],"predecessor-version":[{"id":7895,"href":"https:\/\/www.sanatlarandevu.com\/index.php?rest_route=\/wp\/v2\/posts\/6884\/revisions\/7895"}],"wp:featuredmedia":[{"embeddable":true,"href":"https:\/\/www.sanatlarandevu.com\/index.php?rest_route=\/wp\/v2\/media\/7894"}],"wp:attachment":[{"href":"https:\/\/www.sanatlarandevu.com\/index.php?rest_route=%2Fwp%2Fv2%2Fmedia&parent=6884"}],"wp:term":[{"taxonomy":"category","embeddable":true,"href":"https:\/\/www.sanatlarandevu.com\/index.php?rest_route=%2Fwp%2Fv2%2Fcategories&post=6884"},{"taxonomy":"post_tag","embeddable":true,"href":"https:\/\/www.sanatlarandevu.com\/index.php?rest_route=%2Fwp%2Fv2%2Ftags&post=6884"}],"curies":[{"name":"wp","href":"https:\/\/api.w.org\/{rel}","templated":true}]}}