{"id":6885,"date":"2024-03-08T13:58:07","date_gmt":"2024-03-08T13:58:07","guid":{"rendered":"https:\/\/ww2.sanatlarandevu.com\/budapeste-ortodoks-paskalyasinda-sanat-ve-muzik-27-29-nisan-2019\/"},"modified":"2024-03-12T11:40:35","modified_gmt":"2024-03-12T11:40:35","slug":"budapeste-ortodoks-paskalyasinda-sanat-ve-muzik-27-29-nisan-2019","status":"publish","type":"post","link":"https:\/\/www.sanatlarandevu.com\/?p=6885","title":{"rendered":"Budape\u015fte Ortodoks Paskalyas\u0131nda Sanat ve M\u00fczik \/ 27-29 Nisan 2019"},"content":{"rendered":"<div class=\"page\" title=\"Page 2\">\n<div class=\"layoutArea\">\n<div class=\"column\">\n<div class=\"page\" title=\"Page 1\">\n<div class=\"layoutArea\">\n<div class=\"column\">\n<p><strong>KENAN TAMER\u2019le BUDAPE\u015eTE Ortodoks Paskalyas\u0131nda Sanat ve M\u00fczik<\/strong><\/p>\n<\/div>\n<\/div>\n<\/div>\n<p><strong>27 Nisan 2019 Ctesi: \u0130stanbul \u2013 Budape\u015fte<\/strong><\/p>\n<p>Siz de\u011ferli misafirlerimiz ile 09:30\u2019da bulu\u015fmam\u0131z\u0131n ard\u0131ndan pasaport i\u015flemlerimizi ger\u00e7ekle\u015ftiriyoruz ve THY\u2019n\u0131n saat 11.55 kalk\u0131\u015fl\u0131 u\u00e7a\u011f\u0131yla Budape\u015fte\u2019ye hareket ediyoruz. Yerel saatle 13.00\u2019te Budape\u015fte Havaalan\u0131\u2019na var\u0131\u015f\u0131m\u0131z\u0131n ard\u0131ndan bizi bekleyen arac\u0131m\u0131zile Budape\u015fte \u015fehir turumuza ba\u015fl\u0131yoruz. Tarih a\u00e7\u0131s\u0131ndan Avrupa\u2019n\u0131n \u00e7ok \u00f6zel bir \u015fehri olan Budape\u015fte\u2019de Kahramanlar Meydan\u0131\u2019ndaki kahve molam\u0131zdan sonra ba\u015flayaca\u011f\u0131m\u0131z \u015fehir gezimizde g\u00f6rece\u011fimiz ba\u015fl\u0131ca noktalar; Budin Kalesi, \u015eehir Park\u0131, AndrassyCaddesi, Opera Binas\u0131, Zincirli K\u00f6pr\u00fc, Bal\u0131k\u00e7\u0131lar Burcu, Gellert Tepesi olacakt\u0131r. Gezimiz sonras\u0131nda otelimize yerle\u015fiyoruz. Konaklamam\u0131z 5 y\u0131ld\u0131zl\u0131 Sofitel Otel\u2019de, Tuna nehrimanzaral\u0131 odalarda olacakt\u0131r.<\/p>\n<div class=\"page\" title=\"Page 2\">\n<div class=\"layoutArea\">\n<div class=\"column\">\n<p>Ak\u015fam yeme\u011finin ard\u0131ndan, Budapest Festival Orkestras\u0131\u2019n\u0131n, Liszt Academy Concert Center\u2019da 19.45\u2019te ba\u015flayacak konseri i\u00e7in ayr\u0131l\u0131yoruz. \u015eef Manfred Honecky\u00f6netimindeki Budape\u015fte Festival Orkestras\u0131n\u0131n konserinde, pianoda Leif Ove Andsnes yer alacak. Konserde Guiseppe Verdi, Wolfgang Amedeus Mozart ve Tchaikovsky\u2019nin eserleri \u00e7al\u0131nacakt\u0131r.<\/p>\n<\/div>\n<div class=\"page\" title=\"Page 2\">\n<div class=\"layoutArea\">\n<div class=\"column\">\n<p><strong>28 Nisan 2019 Pazar: Budape\u015fte<\/strong><\/p>\n<p>Sabah kahvalt\u0131m\u0131z\u0131n ard\u0131ndan k\u0131sa bir sabah y\u00fcr\u00fcy\u00fc\u015f\u00fcyle kaleye \u00e7\u0131k\u0131yoruz, daha sonra \u00f6zel arac\u0131m\u0131zla s\u0131ras\u0131yla Macar Ulusal Galeri\u2019yi ziyaret edece\u011fiz ve \u00f6\u011fle yeme\u011fi i\u00e7in Avrupa\u2019n\u0131n en \u00fcnl\u00fc kafelerinden New York Cafe\u2019de mola verece\u011fiz. Yemek sonras\u0131nda Sinagog ve Ludwig Modern Sanat M\u00fczesi gezilerimizin ard\u0131ndan otelimize d\u00f6n\u00fcyoruz.<\/p>\n<\/div>\n<div class=\"page\" title=\"Page 3\">\n<div class=\"layoutArea\">\n<div class=\"column\">\n<p>Ak\u015fam yeme\u011fi i\u00e7in 19.30\u2019da otelden ayr\u0131l\u0131p Tuna Nehri kenar\u0131nda \u015f\u0131k bir tekne- restaurant olan Spoon\u2019a gidiyoruz. Yemekten sonra ise \u00f6zel tekne ile yapaca\u011f\u0131m\u0131z Tuna nehri gezimizde Budape\u015fte\u2019yi nehirden izleme imk\u00e2n\u0131 bulaca\u011f\u0131z.<\/p>\n<\/div>\n<div class=\"page\" title=\"Page 3\">\n<div class=\"layoutArea\">\n<div class=\"column\">\n<p><strong>29 Nisan 2019 Ptesi: Budape\u015fte-Estergon-Vizegrad-Szentendre- \u0130stanbul<\/strong><\/p>\n<p>Otelde alaca\u011f\u0131m\u0131z sabah kahvalt\u0131s\u0131n\u0131n ard\u0131ndan 9.30\u2019da check-out i\u015flemlerini tamamlay\u0131p Estergon Kalesi kar\u015f\u0131s\u0131ndaki Slovakya\u2019n\u0131n Sturovo kasabas\u0131na gidece\u011fiz. Tuna Nehri kenar\u0131ndan Estergon Kalesi manzaras\u0131n\u0131 g\u00f6rd\u00fckten sonra Estergon Kalesine \u00e7\u0131kmak \u00fczere Macaristan\u2019a geri d\u00f6n\u00fcyoruz. Kale i\u00e7erisinde Macaristan\u2019\u0131n en b\u00fcy\u00fck katedrali Estergon Bazilikas\u0131\u2019n\u0131 ve kaleyi g\u00f6rd\u00fckten sonra Vizegrad kasabas\u0131na gidiyoruz. Burada alaca\u011f\u0131m\u0131z \u00f6\u011fle yeme\u011fi esnas\u0131nda R\u00f6nesans d\u00f6nemini en iyi \u015fekilde ya\u015fayaca\u011f\u0131z. Sadece kral ve krali\u00e7elere verilen kral sofras\u0131nda kost\u00fcmler giyerek \u00e7ektirece\u011fimiz foto\u011fraflar g\u00fczel bir an\u0131 olarak kalacak. Sonras\u0131nda Szentendre sanat\u00e7\u0131lar kasabas\u0131na ge\u00e7iyoruz. \u0130kisaat kadar s\u00fcrecek serbest zaman i\u00e7erisinde k\u00f6yde y\u00fcr\u00fcy\u00fc\u015f ve al\u0131\u015fveri\u015fin ard\u0131ndan yakla\u015f\u0131k saat 17.00 de havaalan\u0131na do\u011fru hareket ediyoruz. G\u00fcmr\u00fck ve pasaport i\u015flerinin sonras\u0131nda THY\u2019nin saat 20.10\u2019da kalkan u\u00e7a\u011f\u0131 ile Budape\u015fte\u2019den ayr\u0131l\u0131yoruz. \u0130stanbul\u2019a var\u0131\u015f saatimiz 23.15\u2019tir.<\/p>\n<p><strong>GEZ\u0130M\u0130ZE DAH\u0130L OLAN H\u0130ZMETLER<\/strong><\/p>\n<ul>\n<li>Belirtilen otelde oda kahvalt\u0131 konaklama<\/li>\n<li>Programda bulunan transferler<\/li>\n<li>\u015eehir gezileri<\/li>\n<li>Gezilerdeki giri\u015f \u00fccretleri<\/li>\n<li>Konser \u00fccreti<\/li>\n<li>\u00d6zel tekne turu<\/li>\n<li>2 ak\u015fam ve bir \u00f6\u011fle yeme\u011fi<\/li>\n<li>Zorunlu seyahat sigortas\u0131<\/li>\n<\/ul>\n<div class=\"page\" title=\"Page 4\">\n<div class=\"layoutArea\">\n<div class=\"column\">\n<p><strong>GEZ\u0130M\u0130ZE DAH\u0130L OLMAYAN H\u0130ZMETLER<\/strong><\/p>\n<ul>\n<li>T\u00fcrk Havayollar\u0131 ile gidi\u015f d\u00f6n\u00fc\u015f u\u00e7ak bileti<\/li>\n<li>Yap\u0131lacak \u015fahsi harcamalar ve yemeklerde al\u0131nacak i\u00e7kiler<\/li>\n<li>Vize<\/li>\n<li>Yurt d\u0131\u015f\u0131 \u00e7\u0131k\u0131\u015f harc\u0131<\/li>\n<\/ul>\n<p><strong>Tur \u00dccretimiz: <\/strong><\/p>\n<p>Fiyat: 1.080 EUR<\/p>\n<p>Tek Ki\u015filik Fiyat: 1.320 EUR<\/p>\n<p><strong>Banka Hesap Bilgilerimiz:<\/strong><\/p>\n<p>ASAMANYA TUR\u0130ZM E\u011e\u0130T\u0130M ORG.VE T\u0130C.LTD.\u015eT\u013056424464 -YAPI KRED\u0130\/KIZILTOPRAK \u015eubesiTR 62 0006 7010 0000 00564 24464<\/p>\n<p><strong>KENAN TAMER<\/strong><\/p>\n<\/div>\n<\/div>\n<div class=\"section\">\n<div class=\"layoutArea\">\n<div class=\"column\">\n<p>T\u00fcrk baba ve \u0130ngiliz annenin o\u011flu olarak 1969 y\u0131l\u0131nda Cheshire, \u0130ngiltere\u2019de d\u00fcnyaya<\/p>\n<\/div>\n<\/div>\n<div class=\"layoutArea\">\n<div class=\"column\">\n<p>geldi ve T\u00fcrkiye\u2019de b\u00fcy\u00fcd\u00fc. Lise \u00f6\u011frenimini Robert Kolej\u2019de tamamlad\u0131ktan sonra<\/p>\n<\/div>\n<\/div>\n<div class=\"layoutArea\">\n<div class=\"column\">\n<p>\u00fcniversite \u00f6\u011frenimine Bo\u011fazi\u00e7i \u00dcniversite\u2019sinin Ekonomi b\u00f6l\u00fcm\u00fcnde devam etti.<\/p>\n<\/div>\n<\/div>\n<div class=\"layoutArea\">\n<div class=\"column\">\n<p>\u00d6\u011freniminin \u00fc\u00e7\u00fcnc\u00fc y\u0131l\u0131nda, Amerika\u2019da Berry \u00dcniversite\u2019sinden tam burs kazand\u0131 ve<\/p>\n<\/div>\n<\/div>\n<div class=\"layoutArea\">\n<div class=\"column\">\n<p>ayn\u0131 \u00fcniversitenin ekonomi ve i\u015fletme programlar\u0131nda cifte lisans yaparak mezun oldu.<\/p>\n<\/div>\n<\/div>\n<div class=\"layoutArea\">\n<div class=\"column\">\n<p>Kazand\u0131\u011f\u0131 ba\u015fka bir burs ile Massachusetts \u00dcniversitesi\u2019nce Otel, Restoran ve<\/p>\n<\/div>\n<\/div>\n<div class=\"layoutArea\">\n<div class=\"column\">\n<p>Seyahat Y\u00f6neticili\u011fi b\u00f6l\u00fcm\u00fcnde y\u00fcksek lisans yapt\u0131.<\/p>\n<\/div>\n<\/div>\n<\/div>\n<div class=\"section\">\n<div class=\"layoutArea\">\n<div class=\"column\">\n<p>Kendisi edebiyat a\u015f\u0131\u011f\u0131, kitap kurdu, tatbilir ve tarih, k\u00fclt\u00fcr, klasik\/modern sanat<\/p>\n<\/div>\n<\/div>\n<div class=\"layoutArea\">\n<div class=\"column\">\n<p>tutkunu&#8230; T\u00fcrkiye i\u00e7i ve yurt d\u0131\u015f\u0131na yapt\u0131\u011f\u0131 say\u0131s\u0131z seyahatlerin sonunda tutkusunu,<\/p>\n<\/div>\n<\/div>\n<div class=\"layoutArea\">\n<div class=\"column\">\n<p>kariyerine d\u00f6n\u00fc\u015ft\u00fcrmeye karar verdi ve 27 y\u0131l \u00f6nce T\u00fcrkiye Cumhuriyeti K\u00fclt\u00fcr ve<\/p>\n<\/div>\n<\/div>\n<div class=\"layoutArea\">\n<div class=\"column\">\n<p>Turizm Bakanl\u0131\u011f\u0131\u2019ndan Profesyonel Turist Rehberi kokart\u0131n\u0131 almaya hak kazand\u0131.<\/p>\n<\/div>\n<\/div>\n<div class=\"layoutArea\">\n<div class=\"column\">\n<p>Kenan Tamer T\u00fcrkiye ve yurt d\u0131\u015f\u0131 tur rehberli\u011fi yap\u0131yor ve \u015fu ana kadar seyahat etti\u011fi<\/p>\n<\/div>\n<\/div>\n<div class=\"layoutArea\">\n<div class=\"column\">\n<p>\u00fclke say\u0131s\u0131 100\u2019\u00fcn \u00fczerinde. T\u00fcrkiye\u2019yi ziyaret eden \u00fcnl\u00fclerin, ba\u015fbakan ve bakan<\/p>\n<\/div>\n<\/div>\n<div class=\"layoutArea\">\n<div class=\"column\">\n<p>seviyesinde politikac\u0131lar\u0131n, m\u00fcze gruplar\u0131n\u0131n, generallerin, sanat duayenlerinin, \u00fcnl\u00fc i\u015f<\/p>\n<\/div>\n<\/div>\n<div class=\"layoutArea\">\n<div class=\"column\">\n<p>adamlar\u0131n\u0131n\/i\u015f kad\u0131nlar\u0131n\u0131n, arkeoloji derneklerinin rehberli\u011fini yap\u0131yor.<\/p>\n<\/div>\n<\/div>\n<div class=\"layoutArea\">\n<div class=\"column\">\n<p>Sekizinci g\u00f6bek \u0130stanbullu ve bu \u015fehrin g\u00f6nl\u00fcndeki yeri bir ba\u015fka&#8230; \u0130stanbul\u2019un tarihine,<\/p>\n<\/div>\n<\/div>\n<div class=\"layoutArea\">\n<div class=\"column\">\n<p>co\u015fkusuna, karmakar\u0131\u015f\u0131kl\u0131\u011f\u0131na, g\u00f6rm\u00fc\u015f ge\u00e7irmi\u015fli\u011fine, eski ile yeninin z\u0131tl\u0131klar\u0131na,<\/p>\n<\/div>\n<\/div>\n<div class=\"layoutArea\">\n<div class=\"column\">\n<p>tatlar\u0131na, anla\u015f\u0131lmazl\u0131\u011f\u0131na, \u00e7e\u015fitlili\u011fine a\u015f\u0131k&#8230; Hele bir de t\u00fcm bunlar\u0131 anlatabilece\u011fi,<\/p>\n<\/div>\n<\/div>\n<div class=\"layoutArea\">\n<div class=\"column\">\n<p>payla\u015fabilece\u011fi, ke\u015ffedebilece\u011fi gezginler ile birlikteyse de\u011fmeyin keyfine!<\/p>\n<\/div>\n<\/div>\n<\/div>\n<\/div>\n<\/div>\n<\/div>\n<\/div>\n<\/div>\n<\/div>\n<\/div>\n<\/div>\n<\/div>\n<\/div>\n<\/div>\n<\/div>\n<\/div>\n","protected":false},"excerpt":{"rendered":"<p>KENAN TAMER\u2019le BUDAPE\u015eTE Ortodoks Paskalyas\u0131nda Sanat ve M\u00fczik 27 Nisan 2019 Ctesi: \u0130stanbul \u2013 Budape\u015fte Siz de\u011ferli misafirlerimiz ile 09:30\u2019da bulu\u015fmam\u0131z\u0131n ard\u0131ndan pasaport i\u015flemlerimizi ger\u00e7ekle\u015ftiriyoruz ve THY\u2019n\u0131n saat 11.55 kalk\u0131\u015fl\u0131 u\u00e7a\u011f\u0131yla Budape\u015fte\u2019ye hareket ediyoruz. Yerel saatle 13.00\u2019te Budape\u015fte Havaalan\u0131\u2019na var\u0131\u015f\u0131m\u0131z\u0131n ard\u0131ndan bizi bekleyen arac\u0131m\u0131zile Budape\u015fte \u015fehir turumuza ba\u015fl\u0131yoruz. Tarih a\u00e7\u0131s\u0131ndan Avrupa\u2019n\u0131n \u00e7ok \u00f6zel bir \u015fehri [&hellip;]<\/p>\n","protected":false},"author":1,"featured_media":7878,"comment_status":"open","ping_status":"open","sticky":false,"template":"","format":"standard","meta":{"footnotes":""},"categories":[100,121],"tags":[],"class_list":["post-6885","post","type-post","status-publish","format-standard","has-post-thumbnail","hentry","category-dunyadan","category-gezi"],"_links":{"self":[{"href":"https:\/\/www.sanatlarandevu.com\/index.php?rest_route=\/wp\/v2\/posts\/6885","targetHints":{"allow":["GET"]}}],"collection":[{"href":"https:\/\/www.sanatlarandevu.com\/index.php?rest_route=\/wp\/v2\/posts"}],"about":[{"href":"https:\/\/www.sanatlarandevu.com\/index.php?rest_route=\/wp\/v2\/types\/post"}],"author":[{"embeddable":true,"href":"https:\/\/www.sanatlarandevu.com\/index.php?rest_route=\/wp\/v2\/users\/1"}],"replies":[{"embeddable":true,"href":"https:\/\/www.sanatlarandevu.com\/index.php?rest_route=%2Fwp%2Fv2%2Fcomments&post=6885"}],"version-history":[{"count":2,"href":"https:\/\/www.sanatlarandevu.com\/index.php?rest_route=\/wp\/v2\/posts\/6885\/revisions"}],"predecessor-version":[{"id":7879,"href":"https:\/\/www.sanatlarandevu.com\/index.php?rest_route=\/wp\/v2\/posts\/6885\/revisions\/7879"}],"wp:featuredmedia":[{"embeddable":true,"href":"https:\/\/www.sanatlarandevu.com\/index.php?rest_route=\/wp\/v2\/media\/7878"}],"wp:attachment":[{"href":"https:\/\/www.sanatlarandevu.com\/index.php?rest_route=%2Fwp%2Fv2%2Fmedia&parent=6885"}],"wp:term":[{"taxonomy":"category","embeddable":true,"href":"https:\/\/www.sanatlarandevu.com\/index.php?rest_route=%2Fwp%2Fv2%2Fcategories&post=6885"},{"taxonomy":"post_tag","embeddable":true,"href":"https:\/\/www.sanatlarandevu.com\/index.php?rest_route=%2Fwp%2Fv2%2Ftags&post=6885"}],"curies":[{"name":"wp","href":"https:\/\/api.w.org\/{rel}","templated":true}]}}