{"id":6887,"date":"2024-03-08T13:58:07","date_gmt":"2024-03-08T13:58:07","guid":{"rendered":"https:\/\/ww2.sanatlarandevu.com\/prag-ve-andrea-bocelli-konseri\/"},"modified":"2024-03-12T11:32:31","modified_gmt":"2024-03-12T11:32:31","slug":"prag-ve-andrea-bocelli-konseri","status":"publish","type":"post","link":"https:\/\/www.sanatlarandevu.com\/?p=6887","title":{"rendered":"Prag ve Andrea Bocelli Konseri"},"content":{"rendered":"<p><strong><span class=\"tour-list\">Tarih:<\/span> <\/strong>29.11.2019 &#8211; 01.12.2019<\/p>\n<p><strong><span class=\"tour-list\">Fiyat:<\/span> <\/strong>1520,00 EUR<\/p>\n<p><strong><span class=\"tour-list\">Tek Ki\u015filik Fiyat:<\/span> <\/strong>1820,00 EUR<\/p>\n<p><strong><span class=\"tour-list\">Not:<\/span><\/strong> * U\u00c7AK B\u0130LET\u0130 HAR\u0130\u00c7<\/p>\n<p><strong>Gezi Program\u0131:<\/strong><\/p>\n<p><strong>29 Kas\u0131m Cuma: \u0130stanbul-Prag<\/strong><\/p>\n<p>Siz de\u011ferli misafirlerimiz ile 11:30\u2019da bulu\u015fmam\u0131z\u0131n ard\u0131ndan pasaport i\u015flemlerimizi ger\u00e7ekle\u015ftiriyoruz ve THY TK1771 sefer say\u0131l\u0131 u\u00e7u\u015fu ile saat 13:45\u2019te Prag\u2019a hareket ediyoruz. Yakla\u015f\u0131k 2 saat 40 dakika s\u00fcrecek u\u00e7u\u015f sonras\u0131 Prag V\u00e1clav Havel Havaliman\u0131\u2019na yerel saat ile 14:25\u2019te var\u0131\u015f\u0131m\u0131z\u0131n ard\u0131ndan bizi bekleyen \u00f6zel arac\u0131m\u0131z ile Prag \u015fehir turumuza ba\u015fl\u0131yoruz.<\/p>\n<p>Prag \u015fehir turumuz esnas\u0131nda Cumhurba\u015fkanl\u0131\u011f\u0131 Saray\u0131, Prag\u2019\u0131 Bohemia&#8217;n\u0131n ba\u015fkenti yapm\u0131\u015f Kral IV. Charles ad\u0131na yap\u0131lm\u0131\u015f olan Charles k\u00f6pr\u00fcs\u00fc, eski \u015fehir meydan\u0131 ve d\u00fcnyan\u0131n en eski \u00e7al\u0131\u015fan saat olma \u00f6zelli\u011fi ile bilinen Astronomik Saat Kulesi g\u00f6r\u00fclecek yerler aras\u0131ndad\u0131r.<\/p>\n<p>Ak\u015fam yeme\u011fini Charles K\u00f6pr\u00fcs\u00fcn\u00fcn yan\u0131 ba\u015f\u0131nda Michelin y\u0131ld\u0131zl\u0131 Kampa Park\u2019ta yiyoruz.<\/p>\n<p>Konaklamam\u0131z eski \u015fehir merkezinde bulunan Hotel Paris\u2019te.<\/p>\n<p>www.hotel-paris.cz\/\u200e<\/p>\n<p><strong>30 Kas\u0131m Cumartesi: Prag<\/strong><\/p>\n<p>Keyifli bir kahvalt\u0131n\u0131n ard\u0131ndan Prag gezimiz, \u015fehrin ola\u011fan\u00fcst\u00fc manzaras\u0131n\u0131 g\u00f6rebilece\u011fimiz Petrin Tepesi ile ba\u015fl\u0131yor. 1891 y\u0131l\u0131nda Eyfel Kulesi \u00f6rnek al\u0131narak yap\u0131ld\u0131\u011f\u0131 s\u00f6ylenen 60 metre y\u00fcksekli\u011findeki Petrin G\u00f6zlem Kulesi \u2018ni de g\u00f6r\u00fcyoruz. Sonras\u0131ndaki dura\u011f\u0131m\u0131z ise Guinness Rekorlar Kitab\u0131\u2019na g\u00f6re d\u00fcnyan\u0131n en b\u00fcy\u00fck antik kalesi olan Prag Kalesi olacakt\u0131r. Gezimiz esnas\u0131nda \u00fcnl\u00fc yazar Franz Kafka \u2018n\u0131n \u00e7al\u0131\u015ft\u0131\u011f\u0131 22 numaral\u0131 evinin bulundu\u011fu Alt\u0131n Yol, \u015fehrin g\u00f6z al\u0131c\u0131 sembollerinden biri olan St. Vitus Katedrali, The Royal Palace (Eski Kraliyet Saray\u0131) ve g\u00fcn\u00fcm\u00fczde Prag Ulusal Sanat Galerisi olarak kullan\u0131lan St. George Basilikas\u0131 g\u00f6r\u00fclecek yerler aras\u0131ndad\u0131r. Prag\u2019\u0131n en eski mahallelerinden olan Mala Strana (Az\u0131nl\u0131klar B\u00f6lgesi), yine Mala Strana \u2018da bulunan ve Beatles\u2019in efsanevi solisti John Lennon \u2018\u0131n an\u0131s\u0131n\u0131 koruyan ve \u00fczerinde \u015fark\u0131 s\u00f6zleri ile \u00e7e\u015fitli grafitilerin yer ald\u0131\u011f\u0131 Lennon Duvar\u0131, Wenceslas Meydan\u0131 (Yeni \u015eehir Meydan\u0131), eski \u015fehrin tarihi giri\u015f kap\u0131s\u0131 olan Powder Gate Tower ve eski kent ile \u00e7evrelenmi\u015f Yahudi Mahallesi (Ghetto) Jewish Quarter turumuz esnas\u0131nda g\u00f6rece\u011fimiz yerler aras\u0131ndad\u0131r.<\/p>\n<p>\u00d6\u011flen yeme\u011fi i\u00e7in bir zamanlar Naz\u0131m Hikmet\u2019in de u\u011frak yeri olan Cafe Slavia\u2019da yiyoruz. Yemek sonras\u0131nda serbest zaman veriyoruz.<\/p>\n<p>O2 Arena\u2019da saat 20:00\u2019de ba\u015flayacak Andrea Bocelli\u2019nin konseri i\u00e7in otelimizden ayr\u0131l\u0131yoruz.<\/p>\n<p>Konaklamam\u0131z Hotel Paris\u2019te.<\/p>\n<p>www.hotel-paris.cz\/\u200e<\/p>\n<p><strong>1 Aral\u0131k Pazar : Prag-\u0130stanbul<\/strong><\/p>\n<p>Ge\u00e7 kahvalt\u0131m\u0131z\u0131n ard\u0131ndan otelden \u00e7\u0131k\u0131\u015f i\u015flemlerimizi tamaml\u0131yoruz. Sanat dolu bir g\u00fcn bizleri bekliyor. Prag\u2019\u0131n \u00fcnl\u00fc sanat galerilerinden Galeri Guzk\u2019ta s\u00fcrpriz bir \u00c7ek sanat\u00e7\u0131s\u0131yla bir araya gelip sanat dolu sohbete kat\u0131laca\u011f\u0131z.<\/p>\n<p>Galeri Guzk, (Galerie u Zlat\u00e9ho Kohouta) 1999 y\u0131l\u0131nda yap\u0131lan rekonstr\u00fcksiyon sonras\u0131nda faaliyete ge\u00e7mi\u015ftir. Sahip oldu\u011fu 2 gotik salon yine ayni isimle 1400 y\u0131l\u0131nda in\u015faa edilmi\u015ftir. G\u00fcn\u00fcm\u00fczde, \u00c7ek ve uluslararas\u0131 sanat\u00e7\u0131lar\u0131n\u0131n eserlerinin sergilendi\u011fi \u00f6nemli Prag sanat galerilerinden bir tanesidir.<\/p>\n<p>Serbest zaman\u0131m\u0131 ard\u0131ndan belirtilen saatte bulu\u015fuyor ve Prag V\u00e1clav Havel Havaliman\u0131\u2019na do\u011fru yola \u00e7\u0131k\u0131yoruz. Pasaport ve bagaj i\u015flemlerinin ard\u0131ndan THY TK1770 sefer say\u0131l\u0131 u\u00e7u\u015fumuz ile saat 19:10\u2019da \u0130stanbul\u2019a hareket ediyor ve 23:50\u2019de var\u0131\u015f\u0131m\u0131z\u0131 ger\u00e7ekle\u015ftiriyoruz.<\/p>\n<p><strong>GEZ\u0130M\u0130ZE DAH\u0130L OLAN H\u0130ZMETLER:<\/strong><\/p>\n<p>Tarihi Prag otelimiz Hotel Paris\u2019te 2 gece konaklama<br \/>\nAndrea Bocelli konser bileti<br \/>\n\u00d6zel ara\u00e7lar ile ula\u015f\u0131m<br \/>\n\u015eehir i\u00e7i geziler<br \/>\n1 \u00f6\u011fle ve 1 ak\u015fam yeme\u011fi,<br \/>\nYurtd\u0131\u015f\u0131 Seyahat Sa\u011fl\u0131k Sigortas\u0131,<br \/>\nRehberlik hizmeti<\/p>\n<p><strong>GEZ\u0130 F\u0130YATLAMASINA DAH\u0130L OLMAYAN H\u0130ZMETLER<\/strong><\/p>\n<p>THY ile \u0130stanbul-Prag gidi\u015f ve Prag-\u0130stanbul d\u00f6n\u00fc\u015f u\u00e7ak bileti<br \/>\nEkstra harcamalar<br \/>\nProgramda belirtilmeyen \u00f6\u011fle ve ak\u015fam yemekleri<br \/>\nVize \u00fccreti<\/p>\n","protected":false},"excerpt":{"rendered":"<p>Tarih: 29.11.2019 &#8211; 01.12.2019 Fiyat: 1520,00 EUR Tek Ki\u015filik Fiyat: 1820,00 EUR Not: * U\u00c7AK B\u0130LET\u0130 HAR\u0130\u00c7 Gezi Program\u0131: 29 Kas\u0131m Cuma: \u0130stanbul-Prag Siz de\u011ferli misafirlerimiz ile 11:30\u2019da bulu\u015fmam\u0131z\u0131n ard\u0131ndan pasaport i\u015flemlerimizi ger\u00e7ekle\u015ftiriyoruz ve THY TK1771 sefer say\u0131l\u0131 u\u00e7u\u015fu ile saat 13:45\u2019te Prag\u2019a hareket ediyoruz. Yakla\u015f\u0131k 2 saat 40 dakika s\u00fcrecek u\u00e7u\u015f sonras\u0131 Prag V\u00e1clav [&hellip;]<\/p>\n","protected":false},"author":1,"featured_media":7857,"comment_status":"open","ping_status":"open","sticky":false,"template":"","format":"standard","meta":{"footnotes":""},"categories":[121],"tags":[],"class_list":["post-6887","post","type-post","status-publish","format-standard","has-post-thumbnail","hentry","category-gezi"],"_links":{"self":[{"href":"https:\/\/www.sanatlarandevu.com\/index.php?rest_route=\/wp\/v2\/posts\/6887","targetHints":{"allow":["GET"]}}],"collection":[{"href":"https:\/\/www.sanatlarandevu.com\/index.php?rest_route=\/wp\/v2\/posts"}],"about":[{"href":"https:\/\/www.sanatlarandevu.com\/index.php?rest_route=\/wp\/v2\/types\/post"}],"author":[{"embeddable":true,"href":"https:\/\/www.sanatlarandevu.com\/index.php?rest_route=\/wp\/v2\/users\/1"}],"replies":[{"embeddable":true,"href":"https:\/\/www.sanatlarandevu.com\/index.php?rest_route=%2Fwp%2Fv2%2Fcomments&post=6887"}],"version-history":[{"count":2,"href":"https:\/\/www.sanatlarandevu.com\/index.php?rest_route=\/wp\/v2\/posts\/6887\/revisions"}],"predecessor-version":[{"id":7858,"href":"https:\/\/www.sanatlarandevu.com\/index.php?rest_route=\/wp\/v2\/posts\/6887\/revisions\/7858"}],"wp:featuredmedia":[{"embeddable":true,"href":"https:\/\/www.sanatlarandevu.com\/index.php?rest_route=\/wp\/v2\/media\/7857"}],"wp:attachment":[{"href":"https:\/\/www.sanatlarandevu.com\/index.php?rest_route=%2Fwp%2Fv2%2Fmedia&parent=6887"}],"wp:term":[{"taxonomy":"category","embeddable":true,"href":"https:\/\/www.sanatlarandevu.com\/index.php?rest_route=%2Fwp%2Fv2%2Fcategories&post=6887"},{"taxonomy":"post_tag","embeddable":true,"href":"https:\/\/www.sanatlarandevu.com\/index.php?rest_route=%2Fwp%2Fv2%2Ftags&post=6887"}],"curies":[{"name":"wp","href":"https:\/\/api.w.org\/{rel}","templated":true}]}}