{"id":6889,"date":"2024-03-08T13:58:07","date_gmt":"2024-03-08T13:58:07","guid":{"rendered":"https:\/\/ww2.sanatlarandevu.com\/gobeklitepeden-tarsusa-esitsizlik-cagi-18-mart-2019\/"},"modified":"2024-03-12T11:34:27","modified_gmt":"2024-03-12T11:34:27","slug":"gobeklitepeden-tarsusa-esitsizlik-cagi-18-mart-2019","status":"publish","type":"post","link":"https:\/\/www.sanatlarandevu.com\/?p=6889","title":{"rendered":"G\u00d6BEKL\u0130TEPE\u2019DEN TARSUS\u2019A E\u015e\u0130TS\u0130ZL\u0130K \u00c7A\u011eI &#8211; 18 MART 2019"},"content":{"rendered":"<div class=\"page\" title=\"Page 2\">\n<div class=\"layoutArea\">\n<div class=\"column\">\n<div class=\"page\" title=\"Page 1\">\n<div class=\"layoutArea\">\n<div class=\"column\">\n<p style=\"text-align: left;\"><strong>G\u00d6BEKL\u0130TEPE\u2019DEN TARSUS\u2019A E\u015e\u0130TS\u0130ZL\u0130K \u00c7A\u011eI- YONCA ELDENER<\/strong><br \/>\n<strong>18 MART 2019<\/strong><\/p>\n<\/div>\n<\/div>\n<\/div>\n<p>\u2018\u2019G\u00d6BEKL\u0130TEPE\u2019DEN TARSUS\u2019A E\u015e\u0130TS\u0130ZL\u0130K \u00c7A\u011eI\u2019\u2019 semineri ve G\u00f6beklitepe\u2019ye keyifli bir yolculuk.<\/p>\n<p>Siz de\u011ferli misafirlerimiz ile ger\u00e7ekle\u015ftirece\u011fimiz Yonca Eldener ile \u2018\u2019G\u00d6BEKL\u0130TEPE\u2019DEN TARSUS\u2019A E\u015e\u0130TS\u0130ZL\u0130K \u00c7A\u011eI\u2019\u2019 semineri etkinli\u011fimiz i\u00e7in saat 18.00\u2019da Osmanl\u0131\u2019n\u0131n son d\u00f6nem mimarlar\u0131ndanVedat Tek Evi Binas\u0131\u2019n\u0131n ikinci kat\u0131ndaki Boreal Ni\u015fanta\u015f\u0131\u2019nda bulu\u015fuyoruz. G\u00fcn\u00fcm\u00fcz medeniyetinin hikayesinin yaz\u0131ld\u0131\u011f\u0131 G\u00f6beklitepe\u2019ye Yonca Eldener\u2019in g\u00f6z\u00fcyle keyifli bir yolculu\u011fa \u00e7\u0131kaca\u011f\u0131z.<\/p>\n<p>S\u00f6yle\u015fimize G\u00f6beklitepe\u2019nin 3H\u2019si ile ba\u015fl\u0131yoruz. G\u00f6beklitepe bizim i\u00e7in \u201cHAYRET\u201d ile ba\u015flayan, \u201cHAYRAN\u201dl\u0131\u011fa d\u00f6n\u00fc\u015fen ve \u201cHAYAL\u201dlerle devam eden bir hik\u00e2ye. Son avc\u0131lar, \u00fcretime ve yerle\u015fik hayata ge\u00e7i\u015fi i\u00e7eren b\u00fcy\u00fck d\u00f6n\u00fc\u015f\u00fcm\u00fcn \u015fafa\u011f\u0131nda tarihin s\u0131f\u0131r noktas\u0131 denilen G\u00f6beklitepe\u2019de bir araya geldiler. Burada k\u00fclt\u00fcr ate\u015fini yakt\u0131lar, g\u00fcn\u00fcm\u00fcz medeniyetinin hik\u00e2yesini 12 bin y\u0131l \u00f6nce yazmaya ba\u015flad\u0131lar.<\/p>\n<p>Biyolojik, k\u00fclt\u00fcrel, end\u00fcstriyel ve teknolojik evreden ge\u00e7en insan\u0131n b\u00fcy\u00fck d\u00f6n\u00fc\u015f\u00fcm ge\u00e7irdi\u011fi k\u00fclt\u00fcr evresinden yola \u00e7\u0131kaca\u011f\u0131z. Karma\u015f\u0131k toplumlara ge\u00e7i\u015fi \u2013 tar\u0131m, n\u00fcfus, yaz\u0131, d\u00fc\u015f\u00fcnme bi\u00e7imi, ki\u015filer aras\u0131 ili\u015fkiler, e\u015fyalar, toplumsal cinsiyet- tart\u0131\u015f\u0131p kazananlar\u0131 ve kaybedenleri ile geldi\u011fimiznoktadaki sosyo-k\u00fclt\u00fcrel ay\u0131klanmaya odaklanaca\u011f\u0131z.<\/p>\n<p>Buradan Tarsus\u2019lu Mitra dinine at\u0131fla gizem dinlerine bir kap\u0131 aralayaca\u011f\u0131z ve e\u015fitsizlik i\u00e7in ne yapabiliriz diye soraca\u011f\u0131z.<\/p>\n<p>Yer: Boreal Ni\u015fanta\u015f\u0131 &#8211; Valikona\u011f\u0131 Cad. No: 39 Vedat Tek Evi K: 2 D: 2 Ni\u015fanta\u015f\u0131\/\u0130stanbul<\/p>\n<p>G\u00fcn ve Saat: 18 Mart Pazartesi, 18:00-20:00Kat\u0131l\u0131m \u00fccreti:130 TL<\/p>\n<p>Banka hesap bilgilerimiz:<\/p>\n<p>YAPI KRED\u0130<\/p>\n<\/div>\n<\/div>\n<p><img decoding=\"async\" src=\"data:image\/png;base64,iVBORw0KGgoAAAANSUhEUgAAAI0AAAACCAYAAABluF+oAAAAAXNSR0IArs4c6QAAAAlwSFlzAAAMaAAADGgBbVzpLAAAACVJREFUOBFjZGBgmAnEo2A0BIgNgeWMQJX\/iVU9qm40BIAhkAMATM4CrlSMZ2QAAAAASUVORK5CYII=\" alt=\"page2image3764448\" width=\"140.420000\" height=\"1.600000\" \/><\/p>\n<table>\n<colgroup>\n<col \/>\n<col \/><\/colgroup>\n<tbody>\n<tr>\n<td>\n<div class=\"layoutArea\">\n<div class=\"column\">\n<p>M\u00fc\u015fteri Ad\u0131 Soyad\u0131<\/p>\n<\/div>\n<\/div>\n<\/td>\n<td>\n<div class=\"layoutArea\">\n<div class=\"column\">\n<p>ASAMANYA TUR\u0130ZM E\u011e\u0130T\u0130M ORG.VE T\u0130C.LTD.\u015eT\u0130.<\/p>\n<\/div>\n<\/div>\n<\/td>\n<\/tr>\n<tr>\n<td>\n<div class=\"layoutArea\">\n<div class=\"column\">\n<p>YAPI KRED\u0130<\/p>\n<\/div>\n<\/div>\n<\/td>\n<td>\n<div class=\"layoutArea\">\n<div class=\"column\">\n<p>TL<\/p>\n<\/div>\n<\/div>\n<\/td>\n<\/tr>\n<tr>\n<td>\n<div class=\"layoutArea\">\n<div class=\"column\">\n<p>\u015eube<\/p>\n<\/div>\n<\/div>\n<\/td>\n<td>\n<div class=\"layoutArea\">\n<div class=\"column\">\n<p>058-KIZILTOPRAK \u015eUBES\u0130<\/p>\n<\/div>\n<\/div>\n<\/td>\n<\/tr>\n<tr>\n<td>\n<div class=\"layoutArea\">\n<div class=\"column\">\n<p>IBAN\/Hesap No<\/p>\n<\/div>\n<\/div>\n<\/td>\n<td>\n<div class=\"layoutArea\">\n<div class=\"column\">\n<p>TR62 0006 7010 0000 0056 4244 64<\/p>\n<\/div>\n<\/div>\n<\/td>\n<\/tr>\n<\/tbody>\n<\/table>\n<\/div>\n","protected":false},"excerpt":{"rendered":"<p>G\u00d6BEKL\u0130TEPE\u2019DEN TARSUS\u2019A E\u015e\u0130TS\u0130ZL\u0130K \u00c7A\u011eI- YONCA ELDENER 18 MART 2019 \u2018\u2019G\u00d6BEKL\u0130TEPE\u2019DEN TARSUS\u2019A E\u015e\u0130TS\u0130ZL\u0130K \u00c7A\u011eI\u2019\u2019 semineri ve G\u00f6beklitepe\u2019ye keyifli bir yolculuk. Siz de\u011ferli misafirlerimiz ile ger\u00e7ekle\u015ftirece\u011fimiz Yonca Eldener ile \u2018\u2019G\u00d6BEKL\u0130TEPE\u2019DEN TARSUS\u2019A E\u015e\u0130TS\u0130ZL\u0130K \u00c7A\u011eI\u2019\u2019 semineri etkinli\u011fimiz i\u00e7in saat 18.00\u2019da Osmanl\u0131\u2019n\u0131n son d\u00f6nem mimarlar\u0131ndanVedat Tek Evi Binas\u0131\u2019n\u0131n ikinci kat\u0131ndaki Boreal Ni\u015fanta\u015f\u0131\u2019nda bulu\u015fuyoruz. G\u00fcn\u00fcm\u00fcz medeniyetinin hikayesinin yaz\u0131ld\u0131\u011f\u0131 G\u00f6beklitepe\u2019ye Yonca Eldener\u2019in [&hellip;]<\/p>\n","protected":false},"author":1,"featured_media":7861,"comment_status":"open","ping_status":"open","sticky":false,"template":"","format":"standard","meta":{"footnotes":""},"categories":[121],"tags":[],"class_list":["post-6889","post","type-post","status-publish","format-standard","has-post-thumbnail","hentry","category-gezi"],"_links":{"self":[{"href":"https:\/\/www.sanatlarandevu.com\/index.php?rest_route=\/wp\/v2\/posts\/6889","targetHints":{"allow":["GET"]}}],"collection":[{"href":"https:\/\/www.sanatlarandevu.com\/index.php?rest_route=\/wp\/v2\/posts"}],"about":[{"href":"https:\/\/www.sanatlarandevu.com\/index.php?rest_route=\/wp\/v2\/types\/post"}],"author":[{"embeddable":true,"href":"https:\/\/www.sanatlarandevu.com\/index.php?rest_route=\/wp\/v2\/users\/1"}],"replies":[{"embeddable":true,"href":"https:\/\/www.sanatlarandevu.com\/index.php?rest_route=%2Fwp%2Fv2%2Fcomments&post=6889"}],"version-history":[{"count":2,"href":"https:\/\/www.sanatlarandevu.com\/index.php?rest_route=\/wp\/v2\/posts\/6889\/revisions"}],"predecessor-version":[{"id":7862,"href":"https:\/\/www.sanatlarandevu.com\/index.php?rest_route=\/wp\/v2\/posts\/6889\/revisions\/7862"}],"wp:featuredmedia":[{"embeddable":true,"href":"https:\/\/www.sanatlarandevu.com\/index.php?rest_route=\/wp\/v2\/media\/7861"}],"wp:attachment":[{"href":"https:\/\/www.sanatlarandevu.com\/index.php?rest_route=%2Fwp%2Fv2%2Fmedia&parent=6889"}],"wp:term":[{"taxonomy":"category","embeddable":true,"href":"https:\/\/www.sanatlarandevu.com\/index.php?rest_route=%2Fwp%2Fv2%2Fcategories&post=6889"},{"taxonomy":"post_tag","embeddable":true,"href":"https:\/\/www.sanatlarandevu.com\/index.php?rest_route=%2Fwp%2Fv2%2Ftags&post=6889"}],"curies":[{"name":"wp","href":"https:\/\/api.w.org\/{rel}","templated":true}]}}