{"id":6897,"date":"2024-03-08T13:58:08","date_gmt":"2024-03-08T13:58:08","guid":{"rendered":"https:\/\/ww2.sanatlarandevu.com\/yazarla-randevu-demet-cengiz\/"},"modified":"2024-03-12T11:55:28","modified_gmt":"2024-03-12T11:55:28","slug":"yazarla-randevu-demet-cengiz","status":"publish","type":"post","link":"https:\/\/www.sanatlarandevu.com\/?p=6897","title":{"rendered":"YAZARLA RANDEVU DEMET CENG\u0130Z"},"content":{"rendered":"\r\n<h6>Yazarla Randevu\u00a0etkinliklerimizin d\u00f6rd\u00fcnc\u00fcs\u00fc ile siz sanatseverlerle yeniden bulu\u015fuyoruz.<\/h6>\r\n\r\n\r\n\r\n<p class=\"wp-block-paragraph\">23 y\u0131l\u0131 a\u015fk\u0131n s\u00fcredir gazeteci ve yazar olarak tan\u0131d\u0131\u011f\u0131m\u0131z Demet Cengiz ile 20 Haziran Per\u015fembe g\u00fcn\u00fc bir s\u00f6yle\u015fi ger\u00e7ekle\u015ftirece\u011fiz. Bug\u00fcne kadar 5 kitab\u0131 yay\u0131mlananyazar, son iki\u00a0kitab\u0131nda otobiyografik kesit kaleme alm\u0131\u015f; a\u015fk\u0131, ya\u015fam\u0131 ve manay\u0131 sorgulam\u0131\u015ft\u0131r.<\/p>\r\n\r\n\r\n\r\n<p class=\"wp-block-paragraph\">A\u015fk Seni Bulur ve A\u015fk Olsun kitaplar\u0131yla ba\u015flad\u0131\u011f\u0131 G\u00f6n\u00fcl sohbetlerini t\u00fcm T\u00fcrkiye&#8217;de s\u00fcrd\u00fcrmektedir.<\/p>\r\n\r\n\r\n\r\n<p class=\"wp-block-paragraph\">A\u015fk\u0131n bilimsel tarifinden yoka \u00e7\u0131k\u0131p edebiyat, felsefe ve ruhsall\u0131\u011fa kadar her ayr\u0131nt\u0131s\u0131n\u0131 incelemi\u015f, evrensel ve Tanr\u0131sal olana en yak\u0131n d\u00fc\u011f\u00fc durumu oldu\u011funu anlam\u0131\u015ft\u0131r.<\/p>\r\n\r\n\r\n\r\n<p class=\"wp-block-paragraph\">Peki modern \u00e7a\u011f\u0131n teknolojiyle donat\u0131lm\u0131\u015f, her \u015feye eri\u015febilen insanlar\u0131 a\u015fka ula\u015fabiliyor mu? Herkesin diledi\u011fi, u\u011fruna mum yakt\u0131\u011f\u0131, adak adad\u0131\u011f\u0131 a\u015fk nerede? Nas\u0131l bulaca\u011f\u0131z onu? A\u015fk\u0131 kim, nereye saklad\u0131? Bir matemati\u011fi var m\u0131? Demet Cengiz, sorular\u0131na birlikte cevaplar ararken, &#8220;Romantizmden Robotizme A\u015fk&#8221;\u0131 anlat\u0131yor.<\/p>\r\n\r\n\r\n\r\n<p class=\"wp-block-paragraph\">Tarih:\u00a020 Haziran 2019<br \/>Saat:\u00a017:00-19:00<br \/>Yer:\u00a010 Karak\u00f6y\u00a0&#8211;\u00a0M\u00fceyyedzade Mahallesi, Kemeralt\u0131 Cd. No:10, 34425\u00dccret:\u00a0120 TL<\/p>\r\n\r\n\r\n\r\n<p class=\"wp-block-paragraph\">Banka hesap bilgilerimiz:<\/p>\r\n\r\n\r\n\r\n<p class=\"wp-block-paragraph\">ASAMANYA TUR\u0130ZM E\u011e\u0130T\u0130M ORG.VE T\u0130C.LTD.\u015eT\u013056424464 -YAPI KRED\u0130\/KIZILTOPRAK \u015eubesi<br \/>TR 62 0006 7010 0000 00564 24464<\/p>\r\n\r\n\r\n\r\n<p class=\"wp-block-paragraph\">Karak\u00f6y \/\u0130stanbul<\/p>\r\n","protected":false},"excerpt":{"rendered":"<p>Yazarla Randevu\u00a0etkinliklerimizin d\u00f6rd\u00fcnc\u00fcs\u00fc ile siz sanatseverlerle yeniden bulu\u015fuyoruz. 23 y\u0131l\u0131 a\u015fk\u0131n s\u00fcredir gazeteci ve yazar olarak tan\u0131d\u0131\u011f\u0131m\u0131z Demet Cengiz ile 20 Haziran Per\u015fembe g\u00fcn\u00fc bir s\u00f6yle\u015fi ger\u00e7ekle\u015ftirece\u011fiz. Bug\u00fcne kadar 5 kitab\u0131 yay\u0131mlananyazar, son iki\u00a0kitab\u0131nda otobiyografik kesit kaleme alm\u0131\u015f; a\u015fk\u0131, ya\u015fam\u0131 ve manay\u0131 sorgulam\u0131\u015ft\u0131r. A\u015fk Seni Bulur ve A\u015fk Olsun kitaplar\u0131yla ba\u015flad\u0131\u011f\u0131 G\u00f6n\u00fcl sohbetlerini t\u00fcm T\u00fcrkiye&#8217;de [&hellip;]<\/p>\n","protected":false},"author":1,"featured_media":7920,"comment_status":"open","ping_status":"open","sticky":false,"template":"","format":"standard","meta":{"footnotes":""},"categories":[1],"tags":[],"class_list":["post-6897","post","type-post","status-publish","format-standard","has-post-thumbnail","hentry","category-yazilar"],"_links":{"self":[{"href":"https:\/\/www.sanatlarandevu.com\/index.php?rest_route=\/wp\/v2\/posts\/6897","targetHints":{"allow":["GET"]}}],"collection":[{"href":"https:\/\/www.sanatlarandevu.com\/index.php?rest_route=\/wp\/v2\/posts"}],"about":[{"href":"https:\/\/www.sanatlarandevu.com\/index.php?rest_route=\/wp\/v2\/types\/post"}],"author":[{"embeddable":true,"href":"https:\/\/www.sanatlarandevu.com\/index.php?rest_route=\/wp\/v2\/users\/1"}],"replies":[{"embeddable":true,"href":"https:\/\/www.sanatlarandevu.com\/index.php?rest_route=%2Fwp%2Fv2%2Fcomments&post=6897"}],"version-history":[{"count":2,"href":"https:\/\/www.sanatlarandevu.com\/index.php?rest_route=\/wp\/v2\/posts\/6897\/revisions"}],"predecessor-version":[{"id":7921,"href":"https:\/\/www.sanatlarandevu.com\/index.php?rest_route=\/wp\/v2\/posts\/6897\/revisions\/7921"}],"wp:featuredmedia":[{"embeddable":true,"href":"https:\/\/www.sanatlarandevu.com\/index.php?rest_route=\/wp\/v2\/media\/7920"}],"wp:attachment":[{"href":"https:\/\/www.sanatlarandevu.com\/index.php?rest_route=%2Fwp%2Fv2%2Fmedia&parent=6897"}],"wp:term":[{"taxonomy":"category","embeddable":true,"href":"https:\/\/www.sanatlarandevu.com\/index.php?rest_route=%2Fwp%2Fv2%2Fcategories&post=6897"},{"taxonomy":"post_tag","embeddable":true,"href":"https:\/\/www.sanatlarandevu.com\/index.php?rest_route=%2Fwp%2Fv2%2Ftags&post=6897"}],"curies":[{"name":"wp","href":"https:\/\/api.w.org\/{rel}","templated":true}]}}