{"id":6898,"date":"2024-03-08T13:58:08","date_gmt":"2024-03-08T13:58:08","guid":{"rendered":"https:\/\/ww2.sanatlarandevu.com\/budapeste-de-sanat-ve-muzik-8-10-kasim-2019\/"},"modified":"2024-03-12T11:52:39","modified_gmt":"2024-03-12T11:52:39","slug":"budapeste-de-sanat-ve-muzik-8-10-kasim-2019","status":"publish","type":"post","link":"https:\/\/www.sanatlarandevu.com\/?p=6898","title":{"rendered":"BUDAPE\u015eTE \u2018de Sanat ve M\u00fczik 8-10 Kas\u0131m 2019"},"content":{"rendered":"\r\n<p class=\"wp-block-paragraph\"><strong>GEZ\u0130 PROGRAMIMIZ<\/strong><\/p>\r\n\r\n\r\n\r\n<p class=\"wp-block-paragraph\"><strong>1.\u00a0G\u00fcn \u0130stanbul \u2013\u00a0Budape\u015fte\/ 8 Kas\u0131m\u00a02019, Cuma<\/strong><\/p>\r\n\r\n\r\n\r\n<p class=\"wp-block-paragraph\">Siz de\u011ferli misafirlerimiz ile 10:30\u2019da bulu\u015fmam\u0131z\u0131n ard\u0131ndan pasaport i\u015flemlerimizi ger\u00e7ekle\u015ftiriyoruz ve THY\u2019n\u0131n TK1033 sefer say\u0131l\u0131,\u00a0saat 12:35\u00a0kalk\u0131\u015fl\u0131 u\u00e7a\u011f\u0131yla Budape\u015fte\u2019yehareket ediyoruz. Yerel saatle 12: 40\u2019te Budape\u015fte Havaalan\u0131\u2019na var\u0131\u015f\u0131m\u0131z\u0131n ard\u0131ndan bizi bekleyen arac\u0131m\u0131z ile Budape\u015fte \u015fehir turumuza ba\u015fl\u0131yoruz. Tarih a\u00e7\u0131s\u0131ndan Avrupa\u2019n\u0131n \u00e7ok \u00f6zel bir \u015fehri olan Budape\u015fte\u2019de Kahramanlar Meydan\u0131\u2019ndaki kahve molam\u0131zdan sonra ba\u015flayaca\u011f\u0131m\u0131z \u015fehir gezimizde g\u00f6rece\u011fimiz ba\u015fl\u0131ca noktalar; Budin Kalesi, \u015eehir Park\u0131,AndrassyCaddesi,\u00a0Opera Binas\u0131, Zincirli K\u00f6pr\u00fc, Bal\u0131k\u00e7\u0131lar Burcu, Gellert Tepesi olacakt\u0131r. Gezimiz sonras\u0131nda otelimize yerle\u015fiyoruz. Konaklamam\u0131z 5 y\u0131ld\u0131zl\u0131\u00a0Intercontinental\u00a0Otel\u2019de, Tuna nehri\u00a0manzaral\u0131 odalarda olacakt\u0131r.<\/p>\r\n\r\n\r\n\r\n<p class=\"wp-block-paragraph\">Ak\u015fam yeme\u011finin ard\u0131ndan, Budapest Festival Orkestras\u0131\u2019n\u0131n, Liszt Academy Concert Center\u2019da 19.45\u2019te ba\u015flayacak konseri i\u00e7in ayr\u0131l\u0131yoruz. \u015eef\u00a0Lahav Shani\u00a0y\u00f6netimindeki Budape\u015fte Festival Orkestras\u0131\u2019n\u0131n konserinde\u00a0Sergey Prokofyev ve Pyotr Ilyich Tchaikovsky\u2019nin eserleri \u00e7al\u0131nacakt\u0131r.<\/p>\r\n\r\n\r\n\r\n<p class=\"wp-block-paragraph\"><strong>2. G\u00fcn Budape\u015fte\u00a0<\/strong><strong>\/ 09\u00a0<\/strong><strong>Kas\u0131m 2019, Cuma<\/strong><strong>rtesi<\/strong><\/p>\r\n\r\n\r\n\r\n<p class=\"wp-block-paragraph\">Sabah kahvalt\u0131m\u0131z\u0131n ard\u0131ndan k\u0131sa bir sabah y\u00fcr\u00fcy\u00fc\u015f\u00fcyle kaleye \u00e7\u0131k\u0131yoruz, daha sonra \u00f6zel arac\u0131m\u0131zla s\u0131ras\u0131yla Macar Ulusal Galeri\u2019yi ziyaret edece\u011fiz ve \u00f6\u011fle yeme\u011fi i\u00e7in Avrupa\u2019n\u0131n en \u00fcnl\u00fc kafelerinden New York Cafe\u2019 de mola verece\u011fiz. Yemek sonras\u0131nda Sinagog gezilerimizin ard\u0131ndan otelimize d\u00f6n\u00fcyoruz.<\/p>\r\n\r\n\r\n\r\n<p class=\"wp-block-paragraph\">Ak\u015fam yeme\u011fi i\u00e7in 19.30\u2019da otelden ayr\u0131l\u0131p Tuna Nehri kenar\u0131nda \u015f\u0131k bir tekne\u00a0&#8211; restaurantolan Spoon\u2019a gidiyoruz. Yemekten sonra ise \u00f6zel tekne ile yapaca\u011f\u0131m\u0131z Tuna nehri gezimizde Budape\u015fte\u2019yi nehirden izleme imk\u00e2n\u0131 bulaca\u011f\u0131z.<\/p>\r\n\r\n\r\n\r\n<p class=\"wp-block-paragraph\">Konaklamam\u0131z Intercontinental Hotel\u2019de.<\/p>\r\n\r\n\r\n\r\n<p class=\"wp-block-paragraph\"><strong>3. G\u00fcn Budape\u015fte<\/strong><strong>&#8211;<\/strong><strong>\u0130<\/strong><strong>stanbul \/ 10\u00a0<\/strong><strong>Kas\u0131m\u00a0<\/strong><strong>2019, Pazar<\/strong><\/p>\r\n\r\n\r\n\r\n<p class=\"wp-block-paragraph\">Otelde alaca\u011f\u0131m\u0131z sabah kahvalt\u0131s\u0131n\u0131n ard\u0131ndan 9.30\u2019da check-out i\u015flemlerini tamamlay\u0131p s\u0131ras\u0131yla Budape\u015fte\u2019nin iki kanl\u0131 ter\u00f6r rejimi s\u0131ras\u0131nda tutsak al\u0131n\u0131p ya\u015famlar\u0131n\u0131 yitiren insanlar\u0131n an\u0131s\u0131n\u0131 ya\u015fatan ve o d\u00f6nemin Budape\u015fte\u2019sindeki ya\u015famdan izler ta\u015f\u0131yan etkileyici\u2018\u2019Terror Haza\u2019\u2019 m\u00fcze gezisi ger\u00e7ekle\u015ftirece\u011fiz. Ard\u0131ndan G\u00fczel Sanatlar M\u00fczesi\u2019nde Michelangelo salonunda sergilenen \u00fcnl\u00fc ressam Leonardo Da Vinci\u2019nin \u2018\u2019Budape\u015fte, Atlar ve Binicileri\u2019\u2019 adl\u0131 sergisini gezme f\u0131rsat\u0131 bulaca\u011f\u0131z. Szent Istvan Kilisesi etraf\u0131nda yenilecek \u00f6\u011fle yeme\u011fi sonras\u0131nda ise Ludwig Modern Sanat M\u00fczesi gezimiz ile yakla\u015f\u0131k saat 17.00\u2019de Budape\u015fte turumuzu sonland\u0131rmak \u00fczere havaalan\u0131na do\u011fru harekete ge\u00e7ece\u011fiz. G\u00fcmr\u00fck ve pasaport i\u015flerinin sonras\u0131nda THY\u2019nin TK1038 sefer say\u0131l\u0131, saat 20.05\u2019da kalkan u\u00e7a\u011f\u0131 ile Budape\u015fte\u2019den ayr\u0131l\u0131yoruz. \u0130stanbul\u2019a var\u0131\u015f saatimiz 00.10\u2019dur.<\/p>\r\n\r\n\r\n\r\n<p class=\"wp-block-paragraph\"><strong>REHBER\u0130M\u0130Z KENAN TAMER:<\/strong><\/p>\r\n\r\n\r\n\r\n<p class=\"wp-block-paragraph\">Kenan Tamer T\u00fcrk baba ve \u0130ngiliz annenin o\u011flu olarak 1969 y\u0131l\u0131nda Cheshire, \u0130ngiltere\u2019de d\u00fcnyaya geldi ve T\u00fcrkiye\u2019de b\u00fcy\u00fcd\u00fc. Lise \u00f6\u011frenimini Robert Kolej\u2019de tamamlad\u0131ktan sonra \u00fcniversite \u00f6\u011frenimine Bo\u011fazi\u00e7i \u00dcniversite\u2019sinin Ekonomi b\u00f6l\u00fcm\u00fcnde devam etti. \u00d6\u011freniminin\u00fc\u00e7\u00fcnc\u00fc y\u0131l\u0131nda, Amerika\u2019da Berry \u00dcniversite\u2019sinden tam burs kazand\u0131 ve ayn\u0131 \u00fcniversitenin ekonomi ve i\u015fletme programlar\u0131nda cifte lisans yaparak mezun oldu. Kazand\u0131\u011f\u0131 ba\u015fka bir burs ile Massachusetts \u00dcniversitesi\u2019nce Otel, Restoran ve Seyahat Y\u00f6neticili\u011fi b\u00f6l\u00fcm\u00fcnde y\u00fcksek lisans yapt\u0131.<\/p>\r\n\r\n\r\n\r\n<p class=\"wp-block-paragraph\">Kendisi edebiyat a\u015f\u0131\u011f\u0131, kitap kurdu, tatbilir ve tarih, k\u00fclt\u00fcr, klasik\/modern sanat tutkunu&#8230; T\u00fcrkiye i\u00e7i ve yurt d\u0131\u015f\u0131na yapt\u0131\u011f\u0131 say\u0131s\u0131z seyahatlerin sonunda tutkusunu, kariyerine d\u00f6n\u00fc\u015ft\u00fcrmeye karar verdi ve 27 y\u0131l \u00f6nce T\u00fcrkiye Cumhuriyeti K\u00fclt\u00fcr ve Turizm Bakanl\u0131\u011f\u0131\u2019ndan Profesyonel Turist Rehberi kokart\u0131n\u0131 almaya hak kazand\u0131.<\/p>\r\n\r\n\r\n\r\n<p class=\"wp-block-paragraph\">Kenan Tamer T\u00fcrkiye ve yurt d\u0131\u015f\u0131 tur rehberli\u011fi yap\u0131yor ve \u015fu ana kadar seyahat etti\u011fi \u00fclke say\u0131s\u0131 100\u2019\u00fcn \u00fczerinde. T\u00fcrkiye\u2019yi ziyaret eden \u00fcnl\u00fclerin, ba\u015fbakan ve bakan seviyesinde politikac\u0131lar\u0131n, m\u00fcze gruplar\u0131n\u0131n, generallerin, sanat duayenlerinin, \u00fcnl\u00fc i\u015f adamlar\u0131n\u0131n\/i\u015f kad\u0131nlar\u0131n\u0131n, arkeoloji derneklerinin rehberli\u011fini yap\u0131yor.<\/p>\r\n\r\n\r\n\r\n<p class=\"wp-block-paragraph\">Sekizinci g\u00f6bek \u0130stanbullu ve bu \u015fehrin g\u00f6nl\u00fcndeki yeri bir ba\u015fka&#8230; \u0130stanbul\u2019un tarihine, co\u015fkusuna, karmakar\u0131\u015f\u0131kl\u0131\u011f\u0131na, g\u00f6rm\u00fc\u015f ge\u00e7irmi\u015fli\u011fine, eski ile yeninin z\u0131tl\u0131klar\u0131na, tatlar\u0131na, anla\u015f\u0131lmazl\u0131\u011f\u0131na, \u00e7e\u015fitlili\u011fine \u00e2\u015f\u0131k&#8230; Hele bir de t\u00fcm bunlar\u0131 anlatabilece\u011fi, payla\u015fabilece\u011fi, ke\u015ffedebilece\u011fi gezginler ile birlikteyse de\u011fmeyin keyfine!<\/p>\r\n\r\n\r\n\r\n<p class=\"wp-block-paragraph\"><strong>U\u00c7U\u015e DETAYLARI<\/strong><\/p>\r\n\r\n\r\n\r\n<figure class=\"wp-block-image\"><img decoding=\"async\" class=\"wp-image-1309\" src=\"http:\/\/beta.sanatlarandevu.com\/wp-content\/uploads\/2019\/06\/Screen-Shot-2019-06-17-at-20.26.17.png\" alt=\"\" \/><\/figure>\r\n\r\n\r\n\r\n<p class=\"wp-block-paragraph\"><strong>GEZ\u0130M\u0130ZE DAH\u0130L OLAN H\u0130ZMETLER<\/strong><\/p>\r\n\r\n\r\n\r\n<ul class=\"wp-block-list\">\r\n<li>Belirtilen otelde oda kahvalt\u0131 konaklama<\/li>\r\n<li>Programda bulunan transferler<\/li>\r\n<li>\u015eehir gezileri<\/li>\r\n<li>Gezilerdeki giri\u015f \u00fccretleri<\/li>\r\n<li>Konser \u00fccreti<\/li>\r\n<li>\u00d6zel tekne turu<\/li>\r\n<li>2 ak\u015fam ve bir \u00f6\u011fle yeme\u011fi<\/li>\r\n<li>Zorunlu seyahat sigortas\u0131<\/li>\r\n<\/ul>\r\n\r\n\r\n\r\n<p class=\"wp-block-paragraph\"><strong>GEZ\u0130M\u0130ZE DAH\u0130L OLMAYAN H\u0130ZMETLER<\/strong><\/p>\r\n\r\n\r\n\r\n<ul class=\"wp-block-list\">\r\n<li>T\u00fcrk Havayollar\u0131 ile gidi\u015f d\u00f6n\u00fc\u015f u\u00e7ak bileti<\/li>\r\n<li>Yap\u0131lacak \u015fahsi harcamalar ve yemeklerde al\u0131nacak i\u00e7kiler<\/li>\r\n<li>Vize<\/li>\r\n<li>Yurt d\u0131\u015f\u0131 \u00e7\u0131k\u0131\u015f harc\u0131<\/li>\r\n<\/ul>\r\n\r\n\r\n\r\n<p class=\"wp-block-paragraph\"><strong>GEZ\u0130 \u00dcCRET\u0130M\u0130Z:<\/strong><\/p>\r\n\r\n\r\n\r\n<table class=\"wp-block-table\">\r\n<tbody>\r\n<tr>\r\n<td><strong>\u0130ki ki\u015filik odada ki\u015fi ba\u015f\u0131 \u00fccret<\/strong><\/td>\r\n<td>\u00a0<strong>1.120 EURO<\/strong><\/td>\r\n<\/tr>\r\n<tr>\r\n<td><strong>Tek ki\u015filik odada ki\u015fi ba\u015f\u0131 \u00fccret<\/strong><\/td>\r\n<td>\u00a0<strong>1.320 EURO<\/strong>\u00a0<\/td>\r\n<\/tr>\r\n<\/tbody>\r\n<\/table>\r\n\r\n\r\n\r\n<table class=\"wp-block-table\">\r\n<tbody>\r\n<tr>\r\n<td>\u00a0\u00a0\u00a0<strong>M\u00fc\u015fteri Ad\u0131 Soyad\u0131<\/strong><\/td>\r\n<td>ASAMANYA TUR\u0130ZM E\u011e\u0130T\u0130M ORG.VE T\u0130C.LTD.\u015eT\u0130.<\/td>\r\n<\/tr>\r\n<tr>\r\n<td>\u00a0<strong>YAPI KRED\u0130<\/strong>\u00a0<\/td>\r\n<td>EURO<\/td>\r\n<\/tr>\r\n<tr>\r\n<td><strong>\u015eube<\/strong><\/td>\r\n<td>058-KIZILTOPRAK \u015eUBES\u0130<\/td>\r\n<\/tr>\r\n<tr>\r\n<td>\u00a0\u00a0\u00a0<strong>IBAN\/Hesap No<\/strong>\u00a0\u00a0\u00a0<\/td>\r\n<td>TR74 0006 7010 0000 0056 4028 11\u00a0<\/td>\r\n<\/tr>\r\n<\/tbody>\r\n<\/table>\r\n\r\n\r\n\r\n<p class=\"wp-block-paragraph\"><strong>\u0130ptal ko\u015fullar\u0131:<\/strong><\/p>\r\n\r\n\r\n\r\n<p class=\"wp-block-paragraph\">Seyahat tarihine 60 g\u00fcn kala yap\u0131lan rezervasyon iptallerinde paket \u00fccretinin %30&#8217;u, 40 g\u00fcne kadar yap\u0131lan iptallerde paket \u00fccretinin %50&#8217;si, daha sonraki iptallerde paket \u00fccretinin tamam\u0131 yanar. Seyahat sigortas\u0131 iptalko\u015fullar\u0131ge\u00e7erlidir.<\/p>\r\n","protected":false},"excerpt":{"rendered":"<p>GEZ\u0130 PROGRAMIMIZ 1.\u00a0G\u00fcn \u0130stanbul \u2013\u00a0Budape\u015fte\/ 8 Kas\u0131m\u00a02019, Cuma Siz de\u011ferli misafirlerimiz ile 10:30\u2019da bulu\u015fmam\u0131z\u0131n ard\u0131ndan pasaport i\u015flemlerimizi ger\u00e7ekle\u015ftiriyoruz ve THY\u2019n\u0131n TK1033 sefer say\u0131l\u0131,\u00a0saat 12:35\u00a0kalk\u0131\u015fl\u0131 u\u00e7a\u011f\u0131yla Budape\u015fte\u2019yehareket ediyoruz. Yerel saatle 12: 40\u2019te Budape\u015fte Havaalan\u0131\u2019na var\u0131\u015f\u0131m\u0131z\u0131n ard\u0131ndan bizi bekleyen arac\u0131m\u0131z ile Budape\u015fte \u015fehir turumuza ba\u015fl\u0131yoruz. Tarih a\u00e7\u0131s\u0131ndan Avrupa\u2019n\u0131n \u00e7ok \u00f6zel bir \u015fehri olan Budape\u015fte\u2019de Kahramanlar Meydan\u0131\u2019ndaki kahve [&hellip;]<\/p>\n","protected":false},"author":1,"featured_media":7912,"comment_status":"open","ping_status":"open","sticky":false,"template":"","format":"standard","meta":{"footnotes":""},"categories":[121],"tags":[],"class_list":["post-6898","post","type-post","status-publish","format-standard","has-post-thumbnail","hentry","category-gezi"],"_links":{"self":[{"href":"https:\/\/www.sanatlarandevu.com\/index.php?rest_route=\/wp\/v2\/posts\/6898","targetHints":{"allow":["GET"]}}],"collection":[{"href":"https:\/\/www.sanatlarandevu.com\/index.php?rest_route=\/wp\/v2\/posts"}],"about":[{"href":"https:\/\/www.sanatlarandevu.com\/index.php?rest_route=\/wp\/v2\/types\/post"}],"author":[{"embeddable":true,"href":"https:\/\/www.sanatlarandevu.com\/index.php?rest_route=\/wp\/v2\/users\/1"}],"replies":[{"embeddable":true,"href":"https:\/\/www.sanatlarandevu.com\/index.php?rest_route=%2Fwp%2Fv2%2Fcomments&post=6898"}],"version-history":[{"count":2,"href":"https:\/\/www.sanatlarandevu.com\/index.php?rest_route=\/wp\/v2\/posts\/6898\/revisions"}],"predecessor-version":[{"id":7913,"href":"https:\/\/www.sanatlarandevu.com\/index.php?rest_route=\/wp\/v2\/posts\/6898\/revisions\/7913"}],"wp:featuredmedia":[{"embeddable":true,"href":"https:\/\/www.sanatlarandevu.com\/index.php?rest_route=\/wp\/v2\/media\/7912"}],"wp:attachment":[{"href":"https:\/\/www.sanatlarandevu.com\/index.php?rest_route=%2Fwp%2Fv2%2Fmedia&parent=6898"}],"wp:term":[{"taxonomy":"category","embeddable":true,"href":"https:\/\/www.sanatlarandevu.com\/index.php?rest_route=%2Fwp%2Fv2%2Fcategories&post=6898"},{"taxonomy":"post_tag","embeddable":true,"href":"https:\/\/www.sanatlarandevu.com\/index.php?rest_route=%2Fwp%2Fv2%2Ftags&post=6898"}],"curies":[{"name":"wp","href":"https:\/\/api.w.org\/{rel}","templated":true}]}}