{"id":6899,"date":"2024-03-08T13:58:08","date_gmt":"2024-03-08T13:58:08","guid":{"rendered":"https:\/\/ww2.sanatlarandevu.com\/fotograf-oykuleri-ile-lavanta-zamani-4-6-temmuz-2019\/"},"modified":"2024-03-12T11:56:30","modified_gmt":"2024-03-12T11:56:30","slug":"fotograf-oykuleri-ile-lavanta-zamani-4-6-temmuz-2019","status":"publish","type":"post","link":"https:\/\/www.sanatlarandevu.com\/?p=6899","title":{"rendered":"FOTO\u011eRAF \u00d6YK\u00dcLER\u0130 \u0130LE LAVANTA ZAMANI 4-6 Temmuz 2019"},"content":{"rendered":"\r\n<h6><strong>Gezi Program\u0131:<\/strong><\/h6>\r\n\r\n\r\n\r\n<p class=\"wp-block-paragraph\"><strong><em>1.G\u00fcn: \u0130STANBUL \/ ISPARTA \/ KUYUCAK K\u00d6Y\u00dc<\/em><\/strong><\/p>\r\n\r\n\r\n\r\n<p class=\"wp-block-paragraph\">De\u011ferli Sanatla Randevu Gezginleri ile \u0130stanbul Havaliman\u0131\u2019nda saat 12:00\u2019da, \u0130\u00e7 Hatlar Gidi\u015f Terminalinde bulu\u015fmam\u0131z\u0131n ard\u0131ndan, T\u00fcrk Hava Havayollar\u0131 TK2860 sefer say\u0131l\u0131 12:35 u\u00e7a\u011f\u0131 ile Isparta\u2019ya hareket ediyoruz. Isparta Havaliman\u0131\u2019na var\u0131\u015f\u0131m\u0131z\u0131n ard\u0131ndan \u00f6zel arac\u0131m\u0131z ile konaklayaca\u011f\u0131m\u0131z otelimiz var\u0131yor, e\u015fyalar\u0131m\u0131z\u0131 b\u0131rakarak g\u00fcn bat\u0131m\u0131 foto\u011fraf \u00e7ekimi T\u00fcrkiye\u2019nin lavanta cenneti Kuyucak k\u00f6y\u00fcne do\u011fru yola \u00e7\u0131k\u0131yoruz. Toroslar\u0131n ete\u011finde konu\u015flanm\u0131\u015f lavanta tarlalar\u0131n\u0131n mis gibi kokusu g\u00fcn bat\u0131m\u0131n\u0131n s\u0131cac\u0131k renkleri ile bizi bekliyor. G\u00fcne\u015fin bat\u0131\u015f\u0131na kadar Foto\u011fraf \u00d6yk\u00fcleri\u2019nden tan\u0131d\u0131\u011f\u0131m\u0131z Esin Karag\u00f6z hem foto\u011fraf \u00e7ekimi ile bilgiler veriyor hem de sizleri lavanta tarlalar\u0131n\u0131n aras\u0131nda foto\u011frafl\u0131yor.<\/p>\r\n\r\n\r\n\r\n<p class=\"wp-block-paragraph\">Ak\u015fam yeme\u011fimiz ve konaklamam\u0131z Kuyucak k\u00f6y\u00fcn\u00fcn ilk ve tek butik oteli olan Lavanta Villa\u2019da.<\/p>\r\n\r\n\r\n\r\n<p class=\"wp-block-paragraph\"><strong><em>2. G\u00fcn :KUYUCAK K\u00d6Y\u00dc\/E\u011e\u0130RD\u0130R G\u00d6L\u00dc\/ SAGALASSOS<\/em><\/strong><\/p>\r\n\r\n\r\n\r\n<p class=\"wp-block-paragraph\">G\u00fcne daha mutlu ba\u015flaman\u0131z\u0131 sa\u011flayacak muhte\u015fem g\u00fcn do\u011fumu foto\u011fraflar\u0131 \u00e7ekmek i\u00e7in otelimizden saat 4.30\u2019taayr\u0131l\u0131yoruz. Foto\u011fraf \u00e7ekiminin ard\u0131ndan g\u00fcn do\u011fumuna kat\u0131lan misafirlerimiz ile lavanta tarlalar\u0131n\u0131n i\u00e7inde bize \u00f6zel haz\u0131rlanm\u0131\u015f k\u00f6y kahvalt\u0131s\u0131 ediyoruz. Kahvalt\u0131 sonras\u0131nda Kuyucak k\u00f6y\u00fcn\u00fcn merkezine gidiyor ve serbest zamanda k\u00f6y\u00fcn keyfini \u00e7\u0131kart\u0131yoruz.<\/p>\r\n\r\n\r\n\r\n<p class=\"wp-block-paragraph\">Akabinde otele biraz dinlenmek i\u00e7in u\u011fruyor, 1 saat dinleme molas\u0131ndan T\u00fcrkiye\u2019nin ikinci en b\u00fcy\u00fck tatl\u0131 su g\u00f6l\u00fc olan E\u011fridir G\u00f6l\u2019\u00fcne hareket ediyoruz. E\u011fridir g\u00f6l\u00fcne var\u0131\u015f\u0131m\u0131z\u0131n ard\u0131ndan g\u00f6l \u00e7evresinde e\u015fsiz bir manzara e\u015fli\u011finde y\u00fcr\u00fcy\u00fc\u015f yap\u0131yoruz ve 2000 y\u0131ll\u0131k tarihe sahip olan Ye\u015fil Ada\u2019y\u0131 g\u00f6rme \u015fans\u0131 buluyoruz. Ye\u015fil Ada, Hristiyanlara g\u00f6re, Hristiyanl\u0131\u011f\u0131n ilk yay\u0131lmaya ba\u015flad\u0131\u011f\u0131 yerlerden biri. \u0130sa\u2019n\u0131n 12 havarisinden biri olan St. Paul yapm\u0131\u015f yayma i\u015fini. Bir bak\u0131ma Hristiyanl\u0131\u011f\u0131n be\u015fi\u011fi Ye\u015fil Ada gezimiz sonras\u0131nda \u00f6\u011flen yeme\u011fimizi g\u00f6l kenar\u0131nda yap\u0131yoruz.<\/p>\r\n\r\n\r\n\r\n<p class=\"wp-block-paragraph\">\u00d6\u011flen yeme\u011finin ard\u0131ndan yakla\u015f\u0131k 2 saat yolculuk sonras\u0131 Sagalassos Antik Kenti\u2019ne geliyoruz. \u0130lk olarak, 1706&#8217;da Frans\u0131z gezgin Paul Lucas taraf\u0131ndan ke\u015ffedilen Sagalassos&#8217;ta arkeolojik kaz\u0131lar 1990&#8217;da ba\u015flat\u0131lm\u0131\u015ft\u0131r. 1700 m rak\u0131mda meyilli araziye in\u015faa edilen bu kent Antik Yunan\u2019da Pisidya\u2019ya ba\u015fkentlik yapm\u0131\u015ft\u0131r. Bu antik kentin en \u00f6nemli \u00f6zellikleri, d\u00fcnyan\u0131n en y\u00fcksek rak\u0131ml\u0131 tiyatrosu ve Antik d\u00f6nemden buyana akan \u00e7e\u015fmeleridir. Antik kenti ke\u015ffimizde; d\u00fcnyan\u0131n en y\u00fcksek rak\u0131ml\u0131 tiyatrosunu, Mercellum (antik d\u00f6nemde Pazar), Meclis Binas\u0131, Antroninler \u00c7e\u015fmesi, Roma Hamam\u0131, Odeon , \u00c7\u00f6mlek\u00e7iler mahallesi, Agora, Neon K\u00fct\u00fcphanesi, antik d\u00f6nemden bu yana sular\u0131 halen akmakta olan Helenistik \u00e7e\u015fme ve \u015fehirdeki di\u011fer kal\u0131nt\u0131lar\u0131 g\u00f6r\u00fcyoruz ve foto\u011frafl\u0131yoruz.<\/p>\r\n\r\n\r\n\r\n<p class=\"wp-block-paragraph\">Ak\u015fam yeme\u011fimiz ve konaklamam\u0131z Sagalassos Lodge &amp; Spa\u2019da.<\/p>\r\n\r\n\r\n\r\n<p class=\"wp-block-paragraph\"><strong><em>3. G\u00fcn :SALDA G\u00d6L\u00dc<\/em><\/strong><\/p>\r\n\r\n\r\n\r\n<p class=\"wp-block-paragraph\">Kahvalt\u0131m\u0131z\u0131n ard\u0131ndan T\u00fcrkiye\u2019nin en berrak, en temiz ve en derin g\u00f6lleri aras\u0131nda 1. s\u0131rada olan Salda g\u00f6l\u00fcne do\u011fru yola \u00e7\u0131k\u0131yoruz. Salda G\u00f6l\u00fc\u2019n\u00fc \u00f6zel k\u0131lan bir di\u011fer \u00f6zellik ise D\u00fcnya\u2019da Mars ile ayn\u0131 \u00f6zellikleri ta\u015f\u0131yan iki yerden biri olmas\u0131. G\u00f6lde bulunan y\u00fcksek magnezyum i\u00e7erikli beyaz kaya\u00e7lar\u0131n Mars\u2019ta da bulundu\u011fu s\u00f6yleniyor. E\u015fine ender rastlanacak beyazl\u0131kta kumun \u00fczerinde k\u0131sa bir y\u00fcr\u00fcy\u00fc\u015f sonras\u0131 foto\u011fraf \u00e7ekimlerimizi yaparak oradan ayr\u0131l\u0131yoruz.<\/p>\r\n\r\n\r\n\r\n<p class=\"wp-block-paragraph\">\u00d6\u011flen yeme\u011fi i\u00e7in yolda mola verip 19.05 u\u00e7u\u015fu ile Denizli Havaliman\u0131ndan d\u00f6n\u00fc\u015f yoluna ge\u00e7iyoruz.<\/p>\r\n\r\n\r\n\r\n<ul class=\"wp-block-list\">\r\n<li><strong>Fiyat:<\/strong>\u00a01560,00 TL<\/li>\r\n<li><strong>Tek Ki\u015filik Fiyat:<\/strong>\u00a01910,00 TL<\/li>\r\n<\/ul>\r\n\r\n\r\n\r\n<p class=\"wp-block-paragraph\">U\u00e7ak Bilgileri<\/p>\r\n\r\n\r\n\r\n<ul class=\"wp-block-list\">\r\n<li>Gidi\u015f TK2974 04 Temmuz SAWAYT 12:35 Var\u0131\u015f 13:50<\/li>\r\n<li>D\u00f6n\u00fc\u015f TK2931 06 Temmuz AYTSAW 19:05 Var\u0131\u015f 20:15<\/li>\r\n<\/ul>\r\n\r\n\r\n\r\n<p class=\"wp-block-paragraph\"><strong><em>GEZ\u0130 F\u0130YATINA DAH\u0130L OLAN H\u0130ZMETLER<\/em><\/strong><\/p>\r\n\r\n\r\n\r\n<ul class=\"wp-block-list\">\r\n<li>\u00d6zel otob\u00fcs ile programda belirtilen t\u00fcm transferler<\/li>\r\n<li>Lavanta Villa\u2019da konaklama ve ak\u015fam yeme\u011fi<\/li>\r\n<li>Sagalassos Lodge &amp; Spa\u2019da\u00a0kahvalt\u0131 konaklama ve ak\u015fam yeme\u011fi<\/li>\r\n<li>2 \u00d6\u011fle Yeme\u011fi<\/li>\r\n<li>Sagalassos M\u00fcze-\u00d6ren yeri giri\u015fi \u00fccreti<\/li>\r\n<li>Seyahat Sigortas\u0131<\/li>\r\n<li>\u0130kramlar<\/li>\r\n<\/ul>\r\n\r\n\r\n\r\n<p class=\"wp-block-paragraph\"><strong><em>GEZ\u0130 F\u0130YATINA DAH\u0130L OLMAYAN VE EKSTRA ALINACAK H\u0130ZMETLER<\/em><\/strong><\/p>\r\n\r\n\r\n\r\n<ul class=\"wp-block-list\">\r\n<li>Ki\u015fisel harcamalar<\/li>\r\n<li>Istanbul-Isparta gidi\u015f, Denizli-\u0130stanbul d\u00f6n\u00fc\u015f u\u00e7ak bileti<\/li>\r\n<li>Yemekler s\u0131ras\u0131nda al\u0131nacak belirtilen men\u00fc d\u0131\u015f\u0131ndaki ekstralar<\/li>\r\n<\/ul>\r\n","protected":false},"excerpt":{"rendered":"<p>Gezi Program\u0131: 1.G\u00fcn: \u0130STANBUL \/ ISPARTA \/ KUYUCAK K\u00d6Y\u00dc De\u011ferli Sanatla Randevu Gezginleri ile \u0130stanbul Havaliman\u0131\u2019nda saat 12:00\u2019da, \u0130\u00e7 Hatlar Gidi\u015f Terminalinde bulu\u015fmam\u0131z\u0131n ard\u0131ndan, T\u00fcrk Hava Havayollar\u0131 TK2860 sefer say\u0131l\u0131 12:35 u\u00e7a\u011f\u0131 ile Isparta\u2019ya hareket ediyoruz. Isparta Havaliman\u0131\u2019na var\u0131\u015f\u0131m\u0131z\u0131n ard\u0131ndan \u00f6zel arac\u0131m\u0131z ile konaklayaca\u011f\u0131m\u0131z otelimiz var\u0131yor, e\u015fyalar\u0131m\u0131z\u0131 b\u0131rakarak g\u00fcn bat\u0131m\u0131 foto\u011fraf \u00e7ekimi T\u00fcrkiye\u2019nin lavanta cenneti [&hellip;]<\/p>\n","protected":false},"author":1,"featured_media":7924,"comment_status":"open","ping_status":"open","sticky":false,"template":"","format":"standard","meta":{"footnotes":""},"categories":[121],"tags":[],"class_list":["post-6899","post","type-post","status-publish","format-standard","has-post-thumbnail","hentry","category-gezi"],"_links":{"self":[{"href":"https:\/\/www.sanatlarandevu.com\/index.php?rest_route=\/wp\/v2\/posts\/6899","targetHints":{"allow":["GET"]}}],"collection":[{"href":"https:\/\/www.sanatlarandevu.com\/index.php?rest_route=\/wp\/v2\/posts"}],"about":[{"href":"https:\/\/www.sanatlarandevu.com\/index.php?rest_route=\/wp\/v2\/types\/post"}],"author":[{"embeddable":true,"href":"https:\/\/www.sanatlarandevu.com\/index.php?rest_route=\/wp\/v2\/users\/1"}],"replies":[{"embeddable":true,"href":"https:\/\/www.sanatlarandevu.com\/index.php?rest_route=%2Fwp%2Fv2%2Fcomments&post=6899"}],"version-history":[{"count":3,"href":"https:\/\/www.sanatlarandevu.com\/index.php?rest_route=\/wp\/v2\/posts\/6899\/revisions"}],"predecessor-version":[{"id":7925,"href":"https:\/\/www.sanatlarandevu.com\/index.php?rest_route=\/wp\/v2\/posts\/6899\/revisions\/7925"}],"wp:featuredmedia":[{"embeddable":true,"href":"https:\/\/www.sanatlarandevu.com\/index.php?rest_route=\/wp\/v2\/media\/7924"}],"wp:attachment":[{"href":"https:\/\/www.sanatlarandevu.com\/index.php?rest_route=%2Fwp%2Fv2%2Fmedia&parent=6899"}],"wp:term":[{"taxonomy":"category","embeddable":true,"href":"https:\/\/www.sanatlarandevu.com\/index.php?rest_route=%2Fwp%2Fv2%2Fcategories&post=6899"},{"taxonomy":"post_tag","embeddable":true,"href":"https:\/\/www.sanatlarandevu.com\/index.php?rest_route=%2Fwp%2Fv2%2Ftags&post=6899"}],"curies":[{"name":"wp","href":"https:\/\/api.w.org\/{rel}","templated":true}]}}