{"id":6901,"date":"2024-03-08T13:58:08","date_gmt":"2024-03-08T13:58:08","guid":{"rendered":"https:\/\/ww2.sanatlarandevu.com\/ilhan-eroglu-ile-fotograf-uzerine-soylesi\/"},"modified":"2024-03-12T11:57:53","modified_gmt":"2024-03-12T11:57:53","slug":"ilhan-eroglu-ile-fotograf-uzerine-soylesi","status":"publish","type":"post","link":"https:\/\/www.sanatlarandevu.com\/?p=6901","title":{"rendered":"\u0130lhan Ero\u011flu ile foto\u011fraf \u00fczerine s\u00f6yle\u015fi"},"content":{"rendered":"<h5><strong>\u0130lhan Bey sosyal medyada payla\u015ft\u0131\u011f\u0131n\u0131z manzara foto\u011fraflar\u0131n\u0131z ile tan\u0131n\u0131yor ve \u00e7ok seviliyorsunuz<\/strong><\/h5>\n<p><img loading=\"lazy\" decoding=\"async\" class=\"alignnone size-medium wp-image-7597\" src=\"https:\/\/www.sanatlarandevu.com\/wp-content\/uploads\/2024\/03\/LRG__DSC4366-e1587048936354-201x300.jpg\" alt=\"\" width=\"201\" height=\"300\" srcset=\"https:\/\/www.sanatlarandevu.com\/wp-content\/uploads\/2024\/03\/LRG__DSC4366-e1587048936354-201x300.jpg 201w, https:\/\/www.sanatlarandevu.com\/wp-content\/uploads\/2024\/03\/LRG__DSC4366-e1587048936354-685x1024.jpg 685w, https:\/\/www.sanatlarandevu.com\/wp-content\/uploads\/2024\/03\/LRG__DSC4366-e1587048936354-600x898.jpg 600w, https:\/\/www.sanatlarandevu.com\/wp-content\/uploads\/2024\/03\/LRG__DSC4366-e1587048936354.jpg 722w\" sizes=\"auto, (max-width: 201px) 100vw, 201px\" \/><\/p>\n<ul>\n<li><em>Sizi daha yak\u0131ndan tan\u0131mak isteriz. Cevab\u0131n\u0131 en \u00e7ok merak etti\u011fimiz ise foto\u011fraf tutkunuz nas\u0131l ba\u015flad\u0131?<\/em>\n<ul>\n<li style=\"list-style-type: none;\">\n<ol>\n<li style=\"list-style-type: none;\">\n<ol>1978 do\u011fumluyum, \u0130zmir\u2019de ya\u015f\u0131yorum ve evliyim. \u00c7ocuklu\u011fumdan beri en b\u00fcy\u00fck tutkum resim yapmakt\u0131. Ortaokul ve lise hayat\u0131m Matematik ve T\u00fcrk\u00e7e defterlerine resim yaparak ge\u00e7ti. \u00dcniversiteyi S\u00fcleyman Demirel \u00dcniversitesi G\u00fczel Sanatlar Fak\u00fcltesi Resim B\u00f6l\u00fcm\u00fc\u2019nde okudum. Mezuniyet sonras\u0131 bir d\u00f6nem tekstil sekt\u00f6r\u00fcnde, yo\u011fun bir tempoda \u00e7al\u0131\u015ft\u0131m. Zaman bulduk\u00e7a arkada\u015flar\u0131mla Avrupa\u2019y\u0131 geziyordum. Bu d\u00f6nemdeki hobim model araba koleksiyonu yapmakt\u0131. Evimde kurdu\u011fum k\u00fc\u00e7\u00fck bir st\u00fcdyoda bu arabalar\u0131n foto\u011fraflar\u0131n\u0131 \u00e7ekiyordum. Daha sonra sahip oldu\u011fum bu makineyi Avrupa seyahatlerime g\u00f6t\u00fcrmeye ba\u015flad\u0131m. O kadar g\u00fczel yerler g\u00f6r\u00fcyordum ki buralar\u0131 foto\u011fraflamak bana b\u00fcy\u00fck keyif veriyordu. \u0130lerleyen y\u0131llarda bu gezilerim sadece foto\u011fraf ama\u00e7l\u0131 oldu. Bir \u00fclkede g\u00fcn do\u011fumu \u00e7ekimi yaparken, ak\u015fam kendimi ba\u015fka bir \u00fclkede g\u00fcn bat\u0131m\u0131 \u00e7ekimi yaparken buluyordum. Seyahat etmek foto\u011fraf\u00e7\u0131l\u0131kta ilerlemem i\u00e7in b\u00fcy\u00fck bir motivasyon oldu. \u00c7ekti\u011fim foto\u011fraflar\u0131 d\u00fczenlerken resim bilgimi kulla<\/ol>\n<\/li>\n<\/ol>\n<ol>\n<li style=\"list-style-type: none;\">\n<ol>nd\u0131m ve kendi renk paletimi olu\u015fturdum.<\/ol>\n<\/li>\n<\/ol>\n<\/li>\n<\/ul>\n<\/li>\n<li><em>\u0130lk kulland\u0131\u011f\u0131n\u0131z foto\u011fraf makineniz neydi?<\/em>\n<ul>\n<li style=\"list-style-type: none;\">\n<ol>Canon D5 Mark 2 ilk foto\u011fraf makinemdi.<\/ol>\n<\/li>\n<\/ul>\n<\/li>\n<li><em>Y\u0131llard\u0131r d\u00fcnyan\u0131n farkl\u0131 co\u011frafyalar\u0131nda muhte\u015fem manzara foto\u011fraflar\u0131 \u00e7ekiyor ve bizlerle payla\u015f\u0131yorsunuz. Bizler hepsini hayranl\u0131kla izliyoruz. Zor bir soru olacak ama sizi en \u00e7ok heyecanland\u0131ran ilk 3 manzara noktas\u0131n\u0131 payla\u015f\u0131r m\u0131s\u0131n\u0131z?<\/em>\n<ul>\n<li style=\"list-style-type: none;\">\n<ol>Beni en \u00e7ok heyecanland\u0131ran manzaralar\u0131n ba\u015f\u0131nda Endonezya\u2019daki Bromo Yanarda\u011f\u0131 geliyor. Di\u011fer iki lokasyon ise \u0130nle G\u00f6l\u00fc, Myanmar ve Patagonya.<\/ol>\n<\/li>\n<\/ul>\n<\/li>\n<li><em>Benim ola\u011fan\u00fcst\u00fc hayranl\u0131k duydu\u011fum bir foto\u011fraf karesi pe\u015finden Bali\u2019ye yeniden s\u00fcr\u00fckleyen ki\u015fi S\u0130Z oldunuz. Sizi de yollara s\u00fcr\u00fckleyen bir foto\u011fraf karesi oldu mu? Oldu ise foto\u011fraf\u00e7\u0131n\u0131n ismini hat\u0131rlar m\u0131s\u0131n\u0131z?<\/em>\n<ul>\n<li style=\"list-style-type: none;\">\n<ol>Max Rive\u2019\u0131n Patagonya foto\u011fraflar\u0131 kesinlikle b\u00f6lgeye gitmemde b\u00fcy\u00fck rol oynad\u0131.<\/ol>\n<\/li>\n<\/ul>\n<\/li>\n<li><em>Foto\u011fraf merakl\u0131lar\u0131 ile d\u00fcnyan\u0131n ilgin\u00e7 b\u00f6lgelerine foto\u011fraf turlar\u0131 ne zaman ba\u015flad\u0131? Bu turlara kat\u0131lmak i\u00e7in profesyonel bilgi gerekli mi? Yeni ba\u015flayanlar da kat\u0131labiliyor mu?<\/em>\n<ul>\n<li style=\"list-style-type: none;\">\n<ol>Foto\u011fraf turlar\u0131na 2016 y\u0131l\u0131nda ba\u015flad\u0131m. Turlar foto\u011fraf odakl\u0131 ve profesyonel, amat\u00f6r foto\u011fraf\u00e7\u0131lar\u0131n yan\u0131 s\u0131ra sadece nefes kesici manzaralar\u0131n tad\u0131n\u0131 \u00e7\u0131karmak, o anlara \u015fahit olmak isteyenlerinde kat\u0131l\u0131m\u0131yla ger\u00e7ekle\u015fiyor.<\/ol>\n<\/li>\n<\/ul>\n<\/li>\n<\/ul>\n<p><img loading=\"lazy\" decoding=\"async\" class=\"alignnone size-medium wp-image-7601\" src=\"https:\/\/www.sanatlarandevu.com\/wp-content\/uploads\/2024\/03\/paagoniaface-2-240x300.jpg\" alt=\"\" width=\"240\" height=\"300\" srcset=\"https:\/\/www.sanatlarandevu.com\/wp-content\/uploads\/2024\/03\/paagoniaface-2-240x300.jpg 240w, https:\/\/www.sanatlarandevu.com\/wp-content\/uploads\/2024\/03\/paagoniaface-2-819x1024.jpg 819w, https:\/\/www.sanatlarandevu.com\/wp-content\/uploads\/2024\/03\/paagoniaface-2-768x960.jpg 768w, https:\/\/www.sanatlarandevu.com\/wp-content\/uploads\/2024\/03\/paagoniaface-2-600x750.jpg 600w, https:\/\/www.sanatlarandevu.com\/wp-content\/uploads\/2024\/03\/paagoniaface-2.jpg 840w\" sizes=\"auto, (max-width: 240px) 100vw, 240px\" \/><\/p>\n<ul>\n<li><em>Eminim her \u00e7ekim ayr\u0131 bir ser\u00fcven ve ilgin\u00e7 bir an\u0131y\u0131 da beraberinde getiriyordur. \u00c7ekimlerde ya\u015fad\u0131\u011f\u0131n\u0131z \u015fans\u0131zl\u0131k diyece\u011fimiz ya\u015fad\u0131\u011f\u0131n\u0131z bir an\u0131y\u0131 bizimle payla\u015fabilir misiniz? <\/em>\n<ul>\n<li style=\"list-style-type: none;\">\n<ol>Japonya\u2019ya gidip bir hafta boyunca beklememe ra\u011fmen sis y\u00fcz\u00fcnden Fuji Da\u011f\u0131\u2019n\u0131 foto\u011fraflayamamak b\u00fcy\u00fck \u015fans\u0131zl\u0131kt\u0131.<\/ol>\n<\/li>\n<\/ul>\n<\/li>\n<li><em>Son gezi rotalar\u0131n\u0131zdan Myanmar foto\u011fraflar\u0131n\u0131z b\u00fcy\u00fck ilgi g\u00f6rd\u00fc (THY dergisindeki g\u00f6rseller muhte\u015femdi). Bu mistik \u00fclkeye yolculuk karar\u0131 nas\u0131l geli\u015fti? Ve sizi en \u00e7ok etkileyen neler oldu? Unutamayaca\u011f\u0131n\u0131z bir an\u0131n\u0131z var m\u0131? <\/em>\n<ul>\n<li style=\"list-style-type: none;\">\n<ol>Uzun zamand\u0131r akl\u0131mda olan ve ke\u015ffetmek istedi\u011fim bir yerdi Myanmar. Bagan\u2019daki s\u0131cak hava balonlar\u0131 ve tap\u0131naklar ilgin\u00e7 g\u00f6r\u00fcn\u00fcyordu ger\u00e7ekten. Gitmeden hemen \u00f6nce \u00fclke ile ilgili daha fazla ara\u015ft\u0131rma yapt\u0131\u011f\u0131mda bu mistik \u00fclkenin daha fazlas\u0131n\u0131 vadetti\u011fini fark ettim. Seyahatim s\u0131ras\u0131nda Myanmar\u2019\u0131n 5 farkl\u0131 b\u00f6lgesine gittim, k\u00fclt\u00fcrel ve g\u00f6rsel zenginli\u011finin muazzam oldu\u011funu g\u00f6rd\u00fcm. Myanmar\u2019da beni en \u00e7ok etkileyen \u015fey \u0130nle G\u00f6l\u00fc\u2019ndeki ya\u015fam \u015fekli oldu. G\u00f6l\u00fcn \u00fczerine direkler \u00fczerinde in\u015fa ettikleri evlerdeki sade ya\u015fam, tek bacak k\u00fcrek\u00e7ilerinin geleneksel tahta kay\u0131klar\u0131n\u0131 v\u00fccutlar\u0131 ile adeta b\u00fct\u00fcnle\u015fmi\u015f gibi s\u00fcr\u00fc\u015fleri, teknelerin g\u00f6l\u00fcn \u00fczerindeki evlerin olu\u015fturdu\u011fu sokaklardan ge\u00e7i\u015fleri ger\u00e7ekten \u00e7ok etkileyiciydi.<\/ol>\n<\/li>\n<\/ul>\n<\/li>\n<li><em>Hangi ulusal ve\/veya uluslararas\u0131 markalar\/kurumlar i\u00e7in \u00e7ekimler yapt\u0131n\u0131z?<\/em>\n<ul>\n<li style=\"list-style-type: none;\">\n<ol>Sony foto\u011fraf makinelerinin global el\u00e7isiyim uzun zamand\u0131r birlikte projeler ger\u00e7ekle\u015ftiriyoruz. Ayr\u0131ca Haida Filtrelerinin de el\u00e7isi olarak \u00e7al\u0131\u015fmalar\u0131m\u0131 s\u00fcrd\u00fcr\u00fcyorum. Bunlar\u0131n d\u0131\u015f\u0131nda Luxury Collection grubuna ait yurti\u00e7i ve yurtd\u0131\u015f\u0131nda bir\u00e7ok otel ile projelerimiz oldu. \u00c7ekya Turizm Ofisi, Bat\u0131 Karadeniz Kalk\u0131nma Ajans\u0131 gibi turizm ofisleri ve Lipton, Ar\u00e7elik, Lokai, Harper &amp; Brooks gibi markalarla da \u00e7al\u0131\u015fmalar\u0131m oldu.<\/ol>\n<\/li>\n<\/ul>\n<\/li>\n<\/ul>\n<p><img loading=\"lazy\" decoding=\"async\" class=\"alignnone size-medium wp-image-7603\" src=\"https:\/\/www.sanatlarandevu.com\/wp-content\/uploads\/2024\/03\/DSC04723-1-scaled-1-300x277.jpg\" alt=\"\" width=\"300\" height=\"277\" srcset=\"https:\/\/www.sanatlarandevu.com\/wp-content\/uploads\/2024\/03\/DSC04723-1-scaled-1-300x277.jpg 300w, https:\/\/www.sanatlarandevu.com\/wp-content\/uploads\/2024\/03\/DSC04723-1-scaled-1-1024x945.jpg 1024w, https:\/\/www.sanatlarandevu.com\/wp-content\/uploads\/2024\/03\/DSC04723-1-scaled-1-768x709.jpg 768w, https:\/\/www.sanatlarandevu.com\/wp-content\/uploads\/2024\/03\/DSC04723-1-scaled-1-1536x1417.jpg 1536w, https:\/\/www.sanatlarandevu.com\/wp-content\/uploads\/2024\/03\/DSC04723-1-scaled-1-2048x1890.jpg 2048w, https:\/\/www.sanatlarandevu.com\/wp-content\/uploads\/2024\/03\/DSC04723-1-scaled-1-600x554.jpg 600w\" sizes=\"auto, (max-width: 300px) 100vw, 300px\" \/><\/p>\n<ul>\n<li><em>Foto\u011fraflar\u0131n\u0131z\u0131n yay\u0131nland\u0131\u011f\u0131 yerler, sergi ve \u00f6d\u00fclleriniz hakk\u0131nda bilgi payla\u015f\u0131r m\u0131s\u0131n\u0131z?<\/em>\n<ul>\n<li style=\"list-style-type: none;\">\n<ol>Foto\u011fraflar\u0131m National Geographic, Digital SLR Photography, Practical Photography, Digital Photo, H\u00fcrriyet, Alem, Bakka B\u00fclten, Magma, SkyLife, Onedio, 500px gibi bir\u00e7ok ulusal ve uluslararas\u0131 gazete, dergi, web sitesi ve seyahat blogunda yay\u0131nland\u0131, defalarca Y\u0131l\u0131n Foto\u011fraf\u0131, Ay\u0131n Foto\u011fraf\u0131 se\u00e7ildi.<\/ol>\n<\/li>\n<\/ul>\n<\/li>\n<li><em>G\u00fcn\u00fcm\u00fczde hepimiz foto\u011fraf \u00e7ekmek i\u00e7in cep telefonlar\u0131m\u0131z\u0131 kullan\u0131yoruz. Dijital teknoloji klasik fotograf\u00e7\u0131l\u0131\u011f\u0131 \u00f6ld\u00fcrd\u00fc m\u00fc sizce?<\/em>\n<ul>\n<li style=\"list-style-type: none;\">\n<ol>Teknoloji ilerledik\u00e7e her \u015fey yerini daha iyisine b\u0131rak\u0131yor. DSLR makinalar\u0131n yerini aynas\u0131z makinelere b\u0131rakt\u0131\u011f\u0131 gibi yeni bir teknolojinin \u00e7\u0131kmas\u0131 durumunda yerini bu yeni teknoloji alacakt\u0131r<\/ol>\n<\/li>\n<\/ul>\n<\/li>\n<li><em>Photosop tekni\u011fini ustaca kullanan ve foto\u011fraflar\u0131n\u0131z ile bizleri hayal d\u00fcnyas\u0131nda yolculu\u011fa \u00e7\u0131karan bir uzmans\u0131n\u0131z. Photoshop e\u011fitimi veriyor musunuz? Online e\u011fitimlere ba\u015flad\u0131n\u0131z m\u0131?<\/em>\n<ul>\n<li style=\"list-style-type: none;\">\n<ol>Evet, manzara foto\u011fraf\u00e7\u0131l\u0131\u011f\u0131 photoshop e\u011fitimi veriyorum. Seyahatlere ara vermi\u015fken de online e\u011fitimlere ba\u015flad\u0131m.<\/ol>\n<p><img loading=\"lazy\" decoding=\"async\" class=\"alignnone size-medium wp-image-7606\" src=\"https:\/\/www.sanatlarandevu.com\/wp-content\/uploads\/2024\/03\/DSC05985-1-300x242.jpg\" alt=\"\" width=\"300\" height=\"242\" srcset=\"https:\/\/www.sanatlarandevu.com\/wp-content\/uploads\/2024\/03\/DSC05985-1-300x242.jpg 300w, https:\/\/www.sanatlarandevu.com\/wp-content\/uploads\/2024\/03\/DSC05985-1-1024x826.jpg 1024w, https:\/\/www.sanatlarandevu.com\/wp-content\/uploads\/2024\/03\/DSC05985-1-768x620.jpg 768w, https:\/\/www.sanatlarandevu.com\/wp-content\/uploads\/2024\/03\/DSC05985-1-600x484.jpg 600w, https:\/\/www.sanatlarandevu.com\/wp-content\/uploads\/2024\/03\/DSC05985-1.jpg 1050w\" sizes=\"auto, (max-width: 300px) 100vw, 300px\" \/><\/li>\n<\/ul>\n<\/li>\n<\/ul>\n<ul>\n<li><em>En b\u00fcy\u00fck tutkunuz foto\u011fraf m\u0131? Foto\u011fraf kadar sizi heyecanland\u0131ran ba\u015fka neler var hayat\u0131n\u0131zda?<\/em>\n<ul>\n<li style=\"list-style-type: none;\">\n<ol>Seyahat etmek ve foto\u011fraf \u00e7ekmek hayat\u0131mdaki en b\u00fcy\u00fck tutkular\u0131m. \u0130kisi birbirine ba\u011fl\u0131 biraz, dedi\u011finiz gibi g\u00f6rd\u00fc\u011f\u00fcn\u00fcz bir foto\u011fraf\u0131n pe\u015finden o \u00fclkeye, b\u00f6lgeye gidiyorsunuz ve b\u00f6ylece \u015fahit oldu\u011funuz en etkileyici manzaralar\u0131 \u00f6l\u00fcms\u00fczle\u015ftirme \u015fans\u0131na sahip oluyorsunuz.<\/ol>\n<\/li>\n<\/ul>\n<\/li>\n<li><em>Foto\u011fraf \u00e7ekmeye ilgi duyan veya yeni ba\u015flayacak olanlara tavsiyeleriniz nelerdir?<\/em>\n<ul>\n<li style=\"list-style-type: none;\">\n<ol>Bol bol kompozisyon ve renk bilgisi \u00e7al\u0131\u015f\u0131lmas\u0131 gerekli bence en b\u00fcy\u00fck eksiklik bu.<\/ol>\n<\/li>\n<\/ul>\n<\/li>\n<li><em>Karantina g\u00fcnleri bitince ilk gitmek istedi\u011finiz \u00fclke neresi? <\/em>\n<ul>\n<li style=\"list-style-type: none;\">\n<ol>Karantina g\u00fcnleri bitince gitmek istedi\u011fim ilk yer Faroe Adalar\u0131.<\/ol>\n<\/li>\n<\/ul>\n<\/li>\n<\/ul>\n<p><strong>R\u00f6portaj @aysekaynarcali<\/strong><\/p>\n<p><a href=\"https:\/\/www.youtube.com\/watch?v=-GgGKu-mEpI\" target=\"_blank\" rel=\"noopener noreferrer\">Buraya t\u0131klayarak, \u0130lhan Ero\u011flu&#8217;nun muhte\u015fem foto\u011fraflar\u0131ndan olu\u015fan tan\u0131t\u0131m videomuzu izleyebilirsiniz. <\/a><\/p>\n","protected":false},"excerpt":{"rendered":"<p>\u0130lhan Bey sosyal medyada payla\u015ft\u0131\u011f\u0131n\u0131z manzara foto\u011fraflar\u0131n\u0131z ile tan\u0131n\u0131yor ve \u00e7ok seviliyorsunuz Sizi daha yak\u0131ndan tan\u0131mak isteriz. Cevab\u0131n\u0131 en \u00e7ok merak etti\u011fimiz ise foto\u011fraf tutkunuz nas\u0131l ba\u015flad\u0131? 1978 do\u011fumluyum, \u0130zmir\u2019de ya\u015f\u0131yorum ve evliyim. \u00c7ocuklu\u011fumdan beri en b\u00fcy\u00fck tutkum resim yapmakt\u0131. Ortaokul ve lise hayat\u0131m Matematik ve T\u00fcrk\u00e7e defterlerine resim yaparak ge\u00e7ti. \u00dcniversiteyi S\u00fcleyman Demirel \u00dcniversitesi [&hellip;]<\/p>\n","protected":false},"author":1,"featured_media":7928,"comment_status":"open","ping_status":"open","sticky":false,"template":"","format":"standard","meta":{"footnotes":""},"categories":[1],"tags":[],"class_list":["post-6901","post","type-post","status-publish","format-standard","has-post-thumbnail","hentry","category-yazilar"],"_links":{"self":[{"href":"https:\/\/www.sanatlarandevu.com\/index.php?rest_route=\/wp\/v2\/posts\/6901","targetHints":{"allow":["GET"]}}],"collection":[{"href":"https:\/\/www.sanatlarandevu.com\/index.php?rest_route=\/wp\/v2\/posts"}],"about":[{"href":"https:\/\/www.sanatlarandevu.com\/index.php?rest_route=\/wp\/v2\/types\/post"}],"author":[{"embeddable":true,"href":"https:\/\/www.sanatlarandevu.com\/index.php?rest_route=\/wp\/v2\/users\/1"}],"replies":[{"embeddable":true,"href":"https:\/\/www.sanatlarandevu.com\/index.php?rest_route=%2Fwp%2Fv2%2Fcomments&post=6901"}],"version-history":[{"count":3,"href":"https:\/\/www.sanatlarandevu.com\/index.php?rest_route=\/wp\/v2\/posts\/6901\/revisions"}],"predecessor-version":[{"id":7929,"href":"https:\/\/www.sanatlarandevu.com\/index.php?rest_route=\/wp\/v2\/posts\/6901\/revisions\/7929"}],"wp:featuredmedia":[{"embeddable":true,"href":"https:\/\/www.sanatlarandevu.com\/index.php?rest_route=\/wp\/v2\/media\/7928"}],"wp:attachment":[{"href":"https:\/\/www.sanatlarandevu.com\/index.php?rest_route=%2Fwp%2Fv2%2Fmedia&parent=6901"}],"wp:term":[{"taxonomy":"category","embeddable":true,"href":"https:\/\/www.sanatlarandevu.com\/index.php?rest_route=%2Fwp%2Fv2%2Fcategories&post=6901"},{"taxonomy":"post_tag","embeddable":true,"href":"https:\/\/www.sanatlarandevu.com\/index.php?rest_route=%2Fwp%2Fv2%2Ftags&post=6901"}],"curies":[{"name":"wp","href":"https:\/\/api.w.org\/{rel}","templated":true}]}}