{"id":6903,"date":"2024-03-08T13:58:08","date_gmt":"2024-03-08T13:58:08","guid":{"rendered":"https:\/\/ww2.sanatlarandevu.com\/sefa-yamak-ile-fotograf-uzerine-soylesi\/"},"modified":"2024-03-12T11:56:00","modified_gmt":"2024-03-12T11:56:00","slug":"sefa-yamak-ile-fotograf-uzerine-soylesi","status":"publish","type":"post","link":"https:\/\/www.sanatlarandevu.com\/?p=6903","title":{"rendered":"Sefa Yamak ile foto\u011fraf \u00fczerine s\u00f6yle\u015fi"},"content":{"rendered":"<h6>Sefa Bey sosyal medyada payla\u015ft\u0131\u011f\u0131n\u0131z portre foto\u011fraflar\u0131n\u0131z ile tan\u0131n\u0131yor ve \u00e7ok seviliyorsunuz.<\/h6>\n<ul>\n<li><strong>Sizi daha yak\u0131ndan tan\u0131mak isteriz. Cevab\u0131n\u0131 en \u00e7ok merak etti\u011fimiz ise foto\u011fraf tutkunuz nas\u0131l ba\u015flad\u0131?<\/strong>Foto\u011fraf tutkum \u00e7ok ufak ya\u015flarda kap\u0131 kom\u015fumuz Zeki Amca\u2019n\u0131n bana verdi\u011fi foto\u011fraf makineleri ile filmsiz bir \u015fekilde foto\u011fraf \u00e7ekme ile ba\u015flad\u0131. Daha sonras\u0131nda ilerleyen y\u0131llarda \u015fantiye hayat\u0131mda bo\u015f vakitlerimi de\u011ferlendirmek ad\u0131na \u00e7ekimler yapmaya ba\u015flad\u0131m.<\/li>\n<\/ul>\n<p>&nbsp;<\/p>\n<ul>\n<li><strong>Instagram, son d\u00f6nemin en pop\u00fcler foto\u011fraf payla\u015f\u0131m a\u011flar\u0131ndan biri, sizin instagramda payla\u015f\u0131lan foto\u011fraflar hakk\u0131nda g\u00f6r\u00fc\u015fleriniz nedir? Siz de instagram\u0131n g\u00fcc\u00fcne inananlardans\u0131n\u0131z, 927 bin takip\u00e7iniz var; inan\u0131lmaz bir takip\u00e7i say\u0131s\u0131 bunu nas\u0131l ba\u015far\u0131yorsunuz?<\/strong>Tabi ki her \u015fey gibi instagram da zaman i\u00e7erisinde i\u00e7erik a\u00e7\u0131s\u0131ndan bir d\u00fc\u015f\u00fc\u015f ya\u015famaya ba\u015flad\u0131. Algoritmalar de\u011fi\u015fti. Biz foto\u011fraf\u00e7\u0131lar a\u00e7\u0131s\u0131ndan daha da zor bir hal almaya ba\u015flad\u0131. \u00c7\u00fcnk\u00fc instagram\u0131n \u00f6nceli\u011fi pop\u00fcler k\u00fclt\u00fcr oldu. Ben de buray\u0131 bir i\u015fyeri olarak g\u00f6rd\u00fc\u011f\u00fcm i\u00e7in, takip\u00e7ilerimle s\u0131k\u0131 bir \u015fekilde etkile\u015fim halindeyim. Onlar\u0131n fikir ve d\u00fc\u015f\u00fcncelerinden fikir al\u0131yorum.<br \/>\nBunu da payla\u015ft\u0131\u011f\u0131m foto\u011fraflara olan reaksiyonlar\u0131ndan anlayabiliyorum.<\/li>\n<\/ul>\n<p><img loading=\"lazy\" decoding=\"async\" class=\"alignnone size-medium wp-image-7617\" src=\"https:\/\/www.sanatlarandevu.com\/wp-content\/uploads\/2024\/03\/KUCUKK-300x200.jpg\" alt=\"\" width=\"300\" height=\"200\" srcset=\"https:\/\/www.sanatlarandevu.com\/wp-content\/uploads\/2024\/03\/KUCUKK-300x200.jpg 300w, https:\/\/www.sanatlarandevu.com\/wp-content\/uploads\/2024\/03\/KUCUKK-1024x682.jpg 1024w, https:\/\/www.sanatlarandevu.com\/wp-content\/uploads\/2024\/03\/KUCUKK-768x512.jpg 768w, https:\/\/www.sanatlarandevu.com\/wp-content\/uploads\/2024\/03\/KUCUKK-1536x1024.jpg 1536w, https:\/\/www.sanatlarandevu.com\/wp-content\/uploads\/2024\/03\/KUCUKK-2048x1365.jpg 2048w, https:\/\/www.sanatlarandevu.com\/wp-content\/uploads\/2024\/03\/KUCUKK-1500x1000.jpg 1500w, https:\/\/www.sanatlarandevu.com\/wp-content\/uploads\/2024\/03\/KUCUKK-600x400.jpg 600w\" sizes=\"auto, (max-width: 300px) 100vw, 300px\" \/><\/p>\n<ul>\n<li><strong>Siz her zaman &#8220;hayat e\u015fittir an&#8221; diyorsunuz; nas\u0131l yakal\u0131yorsunuz \u201can\u201d\u0131?<\/strong><br \/>\n\u0130nan\u0131n o k\u0131sm\u0131 hi\u00e7 bilmiyorum.<\/li>\n<\/ul>\n<p>&nbsp;<\/p>\n<ul>\n<li><strong>\u0130stanbul zaman\u0131n en h\u0131zl\u0131 akt\u0131\u011f\u0131, olduk\u00e7a hareketli \u015fehirlerden bir tanesi. \u0130stanbul&#8217;da \u201can\u201d\u0131 yakalabiliyor musunuz? Daha sakin yerler mi tercih ediyorsunuz? Sizi en \u00e7ok etkileyen yurt i\u00e7i ve yurt d\u0131\u015f\u0131 rotalar\u0131n\u0131z nelerdir?<\/strong><strong>\u0130stanbul<\/strong> bamba\u015fka bir d\u00fcnya. \u201c<strong>&#8216;An&#8217;\u0131 yakalayabilece\u011fin en g\u00fczel \u015fehirlerden birisi.<\/strong>\u201d Hareketli yerleri tercih etmesem, 4 kez Hindistan\u2019a gitmezdim .<\/li>\n<\/ul>\n<p><img loading=\"lazy\" decoding=\"async\" class=\"alignnone size-medium wp-image-7623\" src=\"https:\/\/www.sanatlarandevu.com\/wp-content\/uploads\/2024\/03\/KUCUKKK-200x300.jpg\" alt=\"\" width=\"200\" height=\"300\" srcset=\"https:\/\/www.sanatlarandevu.com\/wp-content\/uploads\/2024\/03\/KUCUKKK-200x300.jpg 200w, https:\/\/www.sanatlarandevu.com\/wp-content\/uploads\/2024\/03\/KUCUKKK-682x1024.jpg 682w, https:\/\/www.sanatlarandevu.com\/wp-content\/uploads\/2024\/03\/KUCUKKK-768x1152.jpg 768w, https:\/\/www.sanatlarandevu.com\/wp-content\/uploads\/2024\/03\/KUCUKKK-1024x1536.jpg 1024w, https:\/\/www.sanatlarandevu.com\/wp-content\/uploads\/2024\/03\/KUCUKKK-1365x2048.jpg 1365w, https:\/\/www.sanatlarandevu.com\/wp-content\/uploads\/2024\/03\/KUCUKKK-600x900.jpg 600w, https:\/\/www.sanatlarandevu.com\/wp-content\/uploads\/2024\/03\/KUCUKKK.jpg 1632w\" sizes=\"auto, (max-width: 200px) 100vw, 200px\" \/><\/p>\n<ul>\n<li><strong>Muse Project Sanat Galerisi&#8217;nde instagram konseptli bir serginiz oldu. T\u00fcrkiye\u2019de ilk kez, Instagram foto\u011fraflar\u0131n\u0131z #Instart ad\u0131yla sergilendi. Bize bu sergiden bahsedebilir misiniz?<\/strong>Bu sergi bir influencer foto\u011fraf\u00e7\u0131 olarak payla\u015ft\u0131\u011f\u0131m foto\u011fraflar\u0131n ekran g\u00f6r\u00fcnt\u00fclerinden bask\u0131 al\u0131narak haz\u0131rlanm\u0131\u015f bir sergi oldu. <strong>D\u00fcnyada da ilk kez yap\u0131lan bir instagram sergisi oldu<\/strong>.<\/li>\n<\/ul>\n<p>&nbsp;<\/p>\n<ul>\n<li><strong>Sizi en \u00e7ok etkileyen yurt i\u00e7i ve yurt d\u0131\u015f\u0131 rotalar\u0131n\u0131z nelerdir?<\/strong><br \/>\nKuzey, Do\u011fu Anadolu ve G\u00fcney Asya \u00fclkeleri<\/li>\n<\/ul>\n<p>&nbsp;<\/p>\n<ul>\n<li><strong>Y\u0131llard\u0131r d\u00fcnyan\u0131n farkl\u0131 co\u011frafyalar\u0131nda muhte\u015fem portreler \u00e7ekiyor ve bizlerle payla\u015f\u0131yorsunuz; \u2018\u2019Untitled Portraits\u2019\u2019 olduk\u00e7a be\u011feni toplad\u0131. Bu serginizin esin kayna\u011f\u0131 ne oldu?<\/strong>\u0130nsanlar\u0131n ruhlar\u0131n\u0131 y\u00fczlerine yans\u0131tmaya \u00e7al\u0131\u015fma<\/li>\n<\/ul>\n<p>&nbsp;<\/p>\n<ul>\n<li><strong>T\u00fcm portreleriniz bizi bir hikayeye s\u00fcr\u00fckl\u00fcyor, bunu nas\u0131l <\/strong><strong>ba\u015far\u0131yorsunuz<\/strong><em><strong>?<\/strong><\/em>Ben sadece arac\u0131y\u0131m, hikayenin ana hatlar\u0131n\u0131 veriyorum ve sizler bir yazar olarak o hikayeyi yaz\u0131yorsunuz.<\/li>\n<\/ul>\n<p>&nbsp;<\/p>\n<ul>\n<li><strong>Eminim her \u00e7ekim ayr\u0131 bir ser\u00fcven ve ilgin\u00e7 bir an\u0131y\u0131 da beraberinde getiriyordur. \u00c7ekimlerde \u015fans ya da \u015fans\u0131zl\u0131k denelebilecek, ya\u015fad\u0131\u011f\u0131n\u0131z bir an\u0131y\u0131 bizimle payla\u015fabilir misiniz?<\/strong>2015 senesinde trenle Kars\u2019dan &#8211; Erzurum\u2019a d\u00f6n\u00fc\u015f seferim; pazar g\u00fcn\u00fc normalde direkt \u0130stanbul\u2019a d\u00f6necektim, ama Kars\u2019da tan\u0131\u015ft\u0131\u011f\u0131m bir arkada\u015f\u0131m pazartesi trenle Erzurum\u2019a git, oradan da u\u00e7akla ge\u00e7ersin demi\u015fti. Ben de 3 g\u00fcnd\u00fcr hi\u00e7 kar ya\u011fm\u0131yor, yar\u0131nda ya\u011fmaz, d\u00f6neyim diye s\u00f6ylenirken \u0131srar ve ikna etti beni ve kald\u0131m. Tren biletimi ald\u0131m hatta makinistin tan\u0131d\u0131k biri oldu\u011funu \u00f6\u011frendik. Pazartesi gece yar\u0131s\u0131 \u00f6yle bir kar ya\u011fd\u0131 ki sabah\u0131nda yollar kapanm\u0131\u015ft\u0131. Trenin sefer iptali bile olas\u0131 bir durumdu. Ama tren yola \u00e7\u0131kt\u0131, ben de en \u00f6nde markizde makinistlerle birlikte Erzurum\u2019a kadar gittim. Bir \u00e7ok dergiye kapak olmu\u015f me\u015fhur &#8220;<strong>Kars Treni<\/strong>&#8221; foto\u011fraf\u0131m\u0131 \u00e7ektim.<\/li>\n<\/ul>\n<p><img loading=\"lazy\" decoding=\"async\" class=\"alignnone size-medium wp-image-7630\" src=\"https:\/\/www.sanatlarandevu.com\/wp-content\/uploads\/2024\/03\/Kars-Treni-Sikistirilmis-300x200.jpg\" alt=\"\" width=\"300\" height=\"200\" srcset=\"https:\/\/www.sanatlarandevu.com\/wp-content\/uploads\/2024\/03\/Kars-Treni-Sikistirilmis-300x200.jpg 300w, https:\/\/www.sanatlarandevu.com\/wp-content\/uploads\/2024\/03\/Kars-Treni-Sikistirilmis-1024x683.jpg 1024w, https:\/\/www.sanatlarandevu.com\/wp-content\/uploads\/2024\/03\/Kars-Treni-Sikistirilmis-768x512.jpg 768w, https:\/\/www.sanatlarandevu.com\/wp-content\/uploads\/2024\/03\/Kars-Treni-Sikistirilmis-1536x1024.jpg 1536w, https:\/\/www.sanatlarandevu.com\/wp-content\/uploads\/2024\/03\/Kars-Treni-Sikistirilmis-2048x1365.jpg 2048w, https:\/\/www.sanatlarandevu.com\/wp-content\/uploads\/2024\/03\/Kars-Treni-Sikistirilmis-1500x1000.jpg 1500w, https:\/\/www.sanatlarandevu.com\/wp-content\/uploads\/2024\/03\/Kars-Treni-Sikistirilmis-600x400.jpg 600w\" sizes=\"auto, (max-width: 300px) 100vw, 300px\" \/><\/p>\n<ul>\n<li><strong>Sizi en \u00e7ok etkileyen foto\u011fraf\u00e7\u0131 <em>k<\/em>imdir?<\/strong>Steve Mccury, Sebastian Salgado<\/li>\n<\/ul>\n<p>&nbsp;<\/p>\n<ul>\n<li><strong>Portre foto\u011fraflar\u0131 \u00e7ekmeseydiniz, farkl\u0131 neleri foto\u011fraflamay\u0131 tercih ederdini<em>z <\/em>?<em><br \/>\n<\/em><\/strong>Mimari foto\u011fraflar \u00e7ekmek isterdim.<\/li>\n<\/ul>\n<p>&nbsp;<\/p>\n<ul>\n<li><strong>Foto\u011fraf merakl\u0131lar\u0131 ile foto\u011fraf turlar\u0131 ve\/veya workshop lar yap\u0131yor musunuz?<\/strong>Evet belli d\u00f6nemlerde birebir ve toplu e\u011fitimler, seminerler yap\u0131yorum.<\/li>\n<\/ul>\n<p>&nbsp;<\/p>\n<ul>\n<li><strong>Hangi ulusal ve\/veya uluslararas\u0131 markalar\/kurumlar i\u00e7in \u00e7ekimler yapt\u0131n\u0131z?<\/strong>Oppo, Samsung, LG, Seat, Ar\u00e7elik, 3. Havaliman\u0131, Filiz Makarna, Grundig, Kuveyt Havaliman\u0131, Pegasus, Qatar Airways, Eti A.\u015e., Crate &amp; Barrel, Carrefoursa, Dockers, Eczac\u0131ba\u015f\u0131 gibi bir \u00e7ok ulusal ve uluslararas\u0131 markalarla i\u015fbirliklerim var.<\/li>\n<\/ul>\n<p><img loading=\"lazy\" decoding=\"async\" class=\"alignnone size-medium wp-image-7634\" src=\"https:\/\/www.sanatlarandevu.com\/wp-content\/uploads\/2024\/03\/KUCUKKKK-300x200.jpg\" alt=\"\" width=\"300\" height=\"200\" srcset=\"https:\/\/www.sanatlarandevu.com\/wp-content\/uploads\/2024\/03\/KUCUKKKK-300x200.jpg 300w, https:\/\/www.sanatlarandevu.com\/wp-content\/uploads\/2024\/03\/KUCUKKKK-1024x682.jpg 1024w, https:\/\/www.sanatlarandevu.com\/wp-content\/uploads\/2024\/03\/KUCUKKKK-768x512.jpg 768w, https:\/\/www.sanatlarandevu.com\/wp-content\/uploads\/2024\/03\/KUCUKKKK-1536x1024.jpg 1536w, https:\/\/www.sanatlarandevu.com\/wp-content\/uploads\/2024\/03\/KUCUKKKK-2048x1365.jpg 2048w, https:\/\/www.sanatlarandevu.com\/wp-content\/uploads\/2024\/03\/KUCUKKKK-1500x1000.jpg 1500w, https:\/\/www.sanatlarandevu.com\/wp-content\/uploads\/2024\/03\/KUCUKKKK-600x400.jpg 600w\" sizes=\"auto, (max-width: 300px) 100vw, 300px\" \/><\/p>\n<ul>\n<li><strong>En b\u00fcy\u00fck tutkunuz foto\u011fraf m\u0131? Foto\u011fraf kadar sizi heyecanland\u0131ran ba\u015fka neler var hayat\u0131n\u0131zda?<\/strong>Kitap okumak (hayal d\u00fcnyam\u0131 g\u00fc\u00e7lendiriyor), seyahat etmek (yeni bir macera demek)<\/li>\n<\/ul>\n<p>&nbsp;<\/p>\n<ul>\n<li><strong>Foto\u011fraf \u00e7ekmeye ilgi duyan veya yeni ba\u015flayacak olanlara tavsiyeleriniz nelerdir?<\/strong>E\u011fitim almalar\u0131.<\/li>\n<\/ul>\n<p>&nbsp;<\/p>\n<ul>\n<li><strong>Karantina g\u00fcnleri bitince ilk gitmek istedi\u011finiz \u00fclke neresi?<\/strong>Mo\u011folistan<\/li>\n<\/ul>\n<p>&nbsp;<\/p>\n<p><strong>R\u00f6portaj @aysekaynarcali<\/strong><\/p>\n","protected":false},"excerpt":{"rendered":"<p>Sefa Bey sosyal medyada payla\u015ft\u0131\u011f\u0131n\u0131z portre foto\u011fraflar\u0131n\u0131z ile tan\u0131n\u0131yor ve \u00e7ok seviliyorsunuz. Sizi daha yak\u0131ndan tan\u0131mak isteriz. Cevab\u0131n\u0131 en \u00e7ok merak etti\u011fimiz ise foto\u011fraf tutkunuz nas\u0131l ba\u015flad\u0131?Foto\u011fraf tutkum \u00e7ok ufak ya\u015flarda kap\u0131 kom\u015fumuz Zeki Amca\u2019n\u0131n bana verdi\u011fi foto\u011fraf makineleri ile filmsiz bir \u015fekilde foto\u011fraf \u00e7ekme ile ba\u015flad\u0131. Daha sonras\u0131nda ilerleyen y\u0131llarda \u015fantiye hayat\u0131mda bo\u015f vakitlerimi [&hellip;]<\/p>\n","protected":false},"author":1,"featured_media":7922,"comment_status":"open","ping_status":"open","sticky":false,"template":"","format":"standard","meta":{"footnotes":""},"categories":[99,101],"tags":[],"class_list":["post-6903","post","type-post","status-publish","format-standard","has-post-thumbnail","hentry","category-roportajlar","category-sanata-dair"],"_links":{"self":[{"href":"https:\/\/www.sanatlarandevu.com\/index.php?rest_route=\/wp\/v2\/posts\/6903","targetHints":{"allow":["GET"]}}],"collection":[{"href":"https:\/\/www.sanatlarandevu.com\/index.php?rest_route=\/wp\/v2\/posts"}],"about":[{"href":"https:\/\/www.sanatlarandevu.com\/index.php?rest_route=\/wp\/v2\/types\/post"}],"author":[{"embeddable":true,"href":"https:\/\/www.sanatlarandevu.com\/index.php?rest_route=\/wp\/v2\/users\/1"}],"replies":[{"embeddable":true,"href":"https:\/\/www.sanatlarandevu.com\/index.php?rest_route=%2Fwp%2Fv2%2Fcomments&post=6903"}],"version-history":[{"count":3,"href":"https:\/\/www.sanatlarandevu.com\/index.php?rest_route=\/wp\/v2\/posts\/6903\/revisions"}],"predecessor-version":[{"id":7923,"href":"https:\/\/www.sanatlarandevu.com\/index.php?rest_route=\/wp\/v2\/posts\/6903\/revisions\/7923"}],"wp:featuredmedia":[{"embeddable":true,"href":"https:\/\/www.sanatlarandevu.com\/index.php?rest_route=\/wp\/v2\/media\/7922"}],"wp:attachment":[{"href":"https:\/\/www.sanatlarandevu.com\/index.php?rest_route=%2Fwp%2Fv2%2Fmedia&parent=6903"}],"wp:term":[{"taxonomy":"category","embeddable":true,"href":"https:\/\/www.sanatlarandevu.com\/index.php?rest_route=%2Fwp%2Fv2%2Fcategories&post=6903"},{"taxonomy":"post_tag","embeddable":true,"href":"https:\/\/www.sanatlarandevu.com\/index.php?rest_route=%2Fwp%2Fv2%2Ftags&post=6903"}],"curies":[{"name":"wp","href":"https:\/\/api.w.org\/{rel}","templated":true}]}}