{"id":6907,"date":"2024-03-08T13:58:08","date_gmt":"2024-03-08T13:58:08","guid":{"rendered":"https:\/\/ww2.sanatlarandevu.com\/mehmet-ali-yildiz-ile-guncel-sanat-uzerine-soylesi-halime-bulut\/"},"modified":"2024-03-12T11:53:20","modified_gmt":"2024-03-12T11:53:20","slug":"mehmet-ali-yildiz-ile-guncel-sanat-uzerine-soylesi-halime-bulut","status":"publish","type":"post","link":"https:\/\/www.sanatlarandevu.com\/?p=6907","title":{"rendered":"Mehmet Ali Y\u0131ld\u0131z ile G\u00fcncel Sanat \u00dczerine S\u00f6yle\u015fi-Halime Bulut"},"content":{"rendered":"<h5>One Arc Gallery temsiliyetindeki gen\u00e7 sanat\u00e7\u0131, <strong>Mehmet Ali YILDIZ<\/strong> ile g\u00fcncel sanat\u0131, \u00fcretim prati\u011fi ve projeleri \u00fczerine konu\u015ftuk.<\/h5>\n<p><img loading=\"lazy\" decoding=\"async\" class=\"alignnone size-medium wp-image-7581\" src=\"https:\/\/www.sanatlarandevu.com\/wp-content\/uploads\/2024\/03\/resize_mehmet-ali-yildiz-fotograf-scaled-1-300x225.jpg\" alt=\"\" width=\"300\" height=\"225\" srcset=\"https:\/\/www.sanatlarandevu.com\/wp-content\/uploads\/2024\/03\/resize_mehmet-ali-yildiz-fotograf-scaled-1-300x225.jpg 300w, https:\/\/www.sanatlarandevu.com\/wp-content\/uploads\/2024\/03\/resize_mehmet-ali-yildiz-fotograf-scaled-1-1024x768.jpg 1024w, https:\/\/www.sanatlarandevu.com\/wp-content\/uploads\/2024\/03\/resize_mehmet-ali-yildiz-fotograf-scaled-1-768x576.jpg 768w, https:\/\/www.sanatlarandevu.com\/wp-content\/uploads\/2024\/03\/resize_mehmet-ali-yildiz-fotograf-scaled-1-1536x1152.jpg 1536w, https:\/\/www.sanatlarandevu.com\/wp-content\/uploads\/2024\/03\/resize_mehmet-ali-yildiz-fotograf-scaled-1-2048x1536.jpg 2048w, https:\/\/www.sanatlarandevu.com\/wp-content\/uploads\/2024\/03\/resize_mehmet-ali-yildiz-fotograf-scaled-1-600x450.jpg 600w\" sizes=\"auto, (max-width: 300px) 100vw, 300px\" \/><\/p>\n<p><strong>T\u00fcrler aras\u0131 t\u00fcm ileti\u015fimler bir hiyerar\u015fi ile hareket eder. Nesnelerin t\u00fcm\u00fc belirli organizma \u00f6zellik-leri g\u00f6stererek y\u00f6ntemler ile etkile\u015fime girmektedir. Ben ve insan do\u011fas\u0131 ise bu ileti\u015fimi y\u00f6neten, iten ve \u00e7eken olarak konumlanmaktad\u0131r. Evcil ve yabani alanlar\u0131n ili\u015fkisindeki \u00fcretimler, asl\u0131nda sanat\u00e7\u0131 yap\u0131m\u0131 bir seleksiyon bar\u0131nd\u0131rmaktad\u0131r. Nesneler ve canl\u0131lar bu s\u00fcre\u00e7te anlam ve anlams\u0131zl\u0131k-lar\u0131n\u0131 tekrar tekrar kurmaktad\u0131r. \u0130nsan t\u00fcm yolda\u015f t\u00fcrleri i\u00e7in olu\u015f s\u00fcre\u00e7lerini belirler. Hayatta tutan, hayattan alan ya da ko\u015fullar\u0131 de\u011fi\u015ftiren canl\u0131, sanat\u00e7\u0131d\u0131r. Bu sebeple t\u00fcm i\u015fler bir temsil \u00fcr\u00fcn\u00fcnden \u00e7ok zaman ve olu\u015fa sahip k\u0131r\u0131n\u0131m sonu\u00e7lar\u0131d\u0131r.<\/strong><\/p>\n<p>&nbsp;<\/p>\n<ul>\n<li><strong>\u00d6ncelikle sizi ve sanat\u0131n\u0131z\u0131 daha iyi anlayabilmemiz i\u00e7in, kendinizden bahseder misiniz?<\/strong><br \/>\n1994 \u0130stanbul do\u011fumluyum. \u015eu an aktif olarak Marmara \u00dcniversitesi G\u00fczel Sanatlar Enstit\u00fcs\u00fc\u2019nde Y\u00fcksek Lisans program\u0131na devam ediyorum. \u0130\u015flerimi \u00fcretirken asl\u0131nda habitat alanlar\u0131yla insan do\u011fas\u0131 aras\u0131ndaki ileti\u015fimi baz almaya \u00e7al\u0131\u015f\u0131yorum. Buradaki biyopolitik ili\u015fkileri ve asl\u0131nda beden metaforunu farkl\u0131 canl\u0131 organizmalar aras\u0131nda kurmaya \u00e7al\u0131\u015f\u0131yorum.<\/li>\n<\/ul>\n<p>&nbsp;<\/p>\n<ul>\n<li><strong>Peki, bahsetti\u011finiz sanat e\u011filiminize g\u00f6re resimlerinizin bi\u00e7imsel karakterini nas\u0131l \u00f6zetlersiniz?<\/strong><br \/>\nEserlerimin bi\u00e7imsel yap\u0131s\u0131n\u0131 olu\u015ftururken her zaman ge\u00e7tikleri s\u00fcre\u00e7ler ve etkiler ile beraber kurgulamaya \u00e7al\u0131\u015f\u0131yorum. Bu sebeple i\u015flerim hem sanat nesnesi dinamiklerini ta\u015f\u0131rken hem de sanat\u0131n d\u0131\u015f\u0131nda olan bu deneyimlerin birer yans\u0131mas\u0131 ve k\u00f6pr\u00fcs\u00fc olarak ortaya \u00e7\u0131k\u0131yor. \u0130\u015flerimin sadece birer temsil \u00fcr\u00fcn\u00fc olmas\u0131ndan \u00e7ok, birer olu\u015f ve s\u00fcre\u00e7 nesnesi haline gelmesi i\u00e7in \u00e7abal\u0131yorum.<\/li>\n<\/ul>\n<p>&nbsp;<\/p>\n<ul>\n<li><strong>\u00c7al\u0131\u015fmalar\u0131n\u0131zda farkl\u0131 disiplinleri g\u00f6rmek m\u00fcmk\u00fcn. \u00d6zellikle resimlerinizi olu\u015ftururken nelere dikkat ediyorsunuz?<\/strong><br \/>\nResimlerimi olu\u015ftururken her zaman alan d\u0131\u015f\u0131 deneyimlerimle beslenen kendi s\u00fcre\u00e7lerini ya\u015fayan i\u015fler yapmaya \u00e7al\u0131\u015f\u0131yorum. Kuramsal olarak biriktirdi\u011fim deneyimlerim bu i\u015fleri olu\u015fturmamda \u00e7ok etkililer. Ayn\u0131 zamanda sanat yapma durumu bana g\u00f6re olduk\u00e7a spirit\u00fcel (ruh\u00e2ni) olan bir zaman\u0131 kapsar. Genellikle sanat \u00fcretimim bir alan ve zamansall\u0131\u011f\u0131 kaplayan birer sondaj hareketidir. Bir mek\u00e2n\u0131, zaman\u0131 ve onun i\u00e7indekiler ile do\u011frudan ilgilenir.<br \/>\nBen i\u015flerimi \u00fcretirken kendi deneyimlerimi cesur ve aktif \u015fekilde kullanmaya \u00e7abalar\u0131m. Bu orman\u0131n bir yerlerine yol a\u00e7mak, evin s\u0131n\u0131rlar\u0131n\u0131 belirlemek ya da canl\u0131lar ile ileti\u015fim kurmak olabilir. Bu i\u015fleri do\u011fa tutkumdan \u00e7ok beni \u00e7evreleyen ya\u015fant\u0131n\u0131n birer par\u00e7as\u0131 olarak kabul ediyorum. Ben yaln\u0131zca sanat olmayan ya\u015fant\u0131m\u0131 sanat birikimimle \u00e7arp\u0131\u015ft\u0131r\u0131p yeni alanlar ke\u015ffetmeye \u00e7al\u0131\u015f\u0131yorum. Bu sebeple bana en yak\u0131n olan \u015fey bana ilk dokunan oluyor.<\/li>\n<\/ul>\n<p>&nbsp;<\/p>\n<ul>\n<li><strong>Yak\u0131nl\u0131\u011f\u0131 bir deyi\u015fle size ilk dokunan \u015feyi daha iyi anlayabilmemiz i\u00e7in, \u00fcretim pratiklerinizden bahseder misiniz?<\/strong><br \/>\n\u00dcretimlerim her zaman do\u011fal s\u00fcre\u00e7ler ve olu\u015flarla beraber hareket eder. Bu durumu organizmalar ile insan do\u011fas\u0131 aras\u0131ndaki mutlak ileti\u015fimin bir meyvesi olarak tan\u0131mlayabilirim. Ontolojik olarak bizimle beraber canl\u0131l\u0131k g\u00f6steren her birimin bu eylemlere etkisi vard\u0131r. Bu sebeple ate\u015f, do\u011fa, organizmalar vs. do\u011frudan i\u015flerimle ilgilidirler. \u00d6rne\u011fin \u2018Mother\u2019 \u00e7al\u0131\u015fmam gibi sanat nesnesinin neli\u011fini zorlad\u0131\u011f\u0131m i\u015fler genelde kendi a\u011fa\u00e7lar\u0131mdan bir araya getirdi\u011fim do\u011fa asamblajlar\u0131 ile olu\u015fur. Bu bireysel olarak temas etti\u011fim, de\u011fer verdi\u011fim ya da biyolojik olarak da canl\u0131l\u0131\u011f\u0131 ile ilgilendi\u011fim bah\u00e7emin birimleridir. An\u0131tsal boyuttaki bu i\u015fi olu\u015fturup ate\u015fe vermek benim i\u00e7in bu hakikat ve kutsall\u0131k i\u00e7eren nesne ve sanat s\u00fcrecinin bir bile\u015fen ile yok etmesi ve u\u011furlanmas\u0131d\u0131r. Bu i\u015fi ate\u015fe vermek onun nas\u0131l-l\u0131\u011f\u0131n\u0131 de\u011fi\u015ftirirken, ne oldu\u011funu korumaya devam eder. Asl\u0131nda benim i\u00e7in bu resmin ard\u0131nda bir ger\u00e7ek yaratmaktad\u0131r.<\/li>\n<\/ul>\n<p><img loading=\"lazy\" decoding=\"async\" class=\"alignnone size-medium wp-image-7583\" src=\"https:\/\/www.sanatlarandevu.com\/wp-content\/uploads\/2024\/03\/Resim1-300x200.png\" alt=\"\" width=\"300\" height=\"200\" srcset=\"https:\/\/www.sanatlarandevu.com\/wp-content\/uploads\/2024\/03\/Resim1-300x200.png 300w, https:\/\/www.sanatlarandevu.com\/wp-content\/uploads\/2024\/03\/Resim1-600x400.png 600w, https:\/\/www.sanatlarandevu.com\/wp-content\/uploads\/2024\/03\/Resim1.png 756w\" sizes=\"auto, (max-width: 300px) 100vw, 300px\" \/><br \/>\nTuval \u00fczerine akrilik boya<br \/>\n9 adet b\u0131\u00e7ak, pantolon, ate\u015f<br \/>\n450 x 280 cm<\/p>\n<p><img loading=\"lazy\" decoding=\"async\" class=\"alignnone size-medium wp-image-7584\" src=\"https:\/\/www.sanatlarandevu.com\/wp-content\/uploads\/2024\/03\/Resim2-300x200.jpg\" alt=\"\" width=\"300\" height=\"200\" srcset=\"https:\/\/www.sanatlarandevu.com\/wp-content\/uploads\/2024\/03\/Resim2-300x200.jpg 300w, https:\/\/www.sanatlarandevu.com\/wp-content\/uploads\/2024\/03\/Resim2-768x512.jpg 768w, https:\/\/www.sanatlarandevu.com\/wp-content\/uploads\/2024\/03\/Resim2-600x400.jpg 600w, https:\/\/www.sanatlarandevu.com\/wp-content\/uploads\/2024\/03\/Resim2.jpg 1001w\" sizes=\"auto, (max-width: 300px) 100vw, 300px\" \/><\/p>\n<p>&nbsp;<\/p>\n<ul>\n<li><strong>\u00d6zellikle son \u00e7al\u0131\u015fmalar\u0131n\u0131zda monokrom canl\u0131 renkler a\u011f\u0131rl\u0131kta g\u00f6r\u00fcn\u00fcyor. Resimlerinizde rengin rol\u00fcn\u00fc siz nas\u0131l tan\u0131mlars\u0131n\u0131z?<\/strong><br \/>\nResimlerimde renkler analitik anlat\u0131m\u0131mdan \u00e7ok do\u011frudan kendi temas etti\u011fim duygusal zeminimle ili\u015fkililer. Sanat eserinden ba\u011f\u0131ms\u0131z olarak t\u00fcm bu bitkiler ile bulundu\u011fum temas benim hayat\u0131mdaki bir\u00e7ok duyguyu da hareket ettirmekte. Bu sebeple resimleri \u00fcretirken hem bu resimler aras\u0131ndaki duygusal ba\u011f\u0131m\u0131 yans\u0131t\u0131yor, hem de resimler aras\u0131nda hiyerar\u015fik bir ba\u011f kuruyorum.<br \/>\nRenkler bu i\u015flerin vurdu\u011fu noktay\u0131 do\u011frudan yans\u0131tmakta. Davran\u0131\u015flar\u0131m\u0131 kapsayan bu i\u015fler ayn\u0131 \u00e7i\u00e7eklerin renkleri gibi bir araya gelirken tekrar tekrar kurgulanmaktad\u0131r.<\/li>\n<\/ul>\n<p><img loading=\"lazy\" decoding=\"async\" class=\"alignnone size-medium wp-image-7585\" src=\"https:\/\/www.sanatlarandevu.com\/wp-content\/uploads\/2024\/03\/Yeni1-293x300.png\" alt=\"\" width=\"293\" height=\"300\" srcset=\"https:\/\/www.sanatlarandevu.com\/wp-content\/uploads\/2024\/03\/Yeni1-293x300.png 293w, https:\/\/www.sanatlarandevu.com\/wp-content\/uploads\/2024\/03\/Yeni1-1002x1024.png 1002w, https:\/\/www.sanatlarandevu.com\/wp-content\/uploads\/2024\/03\/Yeni1-768x785.png 768w, https:\/\/www.sanatlarandevu.com\/wp-content\/uploads\/2024\/03\/Yeni1-600x613.png 600w, https:\/\/www.sanatlarandevu.com\/wp-content\/uploads\/2024\/03\/Yeni1.png 1218w\" sizes=\"auto, (max-width: 293px) 100vw, 293px\" \/><\/p>\n<p>Tuval \u00fczerine kar\u0131\u015f\u0131k teknik bitkiler<br \/>\n70x100cm<\/p>\n<ul>\n<li><strong>Son d\u00f6nemde bah\u00e7enizde yeti\u015ftirdi\u011finiz bu \u00e7i\u00e7ekler \u00e7al\u0131\u015fmalar\u0131n\u0131za ilham oluyor diyebiliriz o h\u00e2lde. \u00d6zellikle \u015fu anda One Arc Gallery\u2019nin karma sergisinde yer alan \u2018\u2018Compassionate Red\u2019\u2019 isimli eserinizden yola \u00e7\u0131karsak, do\u011fa ve insan aras\u0131ndaki ili\u015fkiyi nas\u0131l tan\u0131mlars\u0131n\u0131z?<\/strong><br \/>\nDo\u011fa ve insan do\u011fas\u0131n\u0131 asl\u0131nda iki farkl\u0131 kavram olarak ele alm\u0131yorum. Bizler bu kavrama yabanc\u0131 olan canl\u0131lar de\u011filiz. Bizim i\u00e7in yabani ve evcil gibi nitelendirmelerle \u00f6r\u00fclen ancak t\u00fcm yapayl\u0131\u011f\u0131m\u0131za ra\u011fmen i\u00e7ine dahil oldu\u011fumuz bir do\u011fa var. Bu do\u011fa ne bizim sevgimizle ye\u015feren ne de nefretimizle \u00f6lebilecek kadar b\u00fcy\u00fck ve karma\u015f\u0131k bir yap\u0131. Bu sebeple ben insan\u0131 buna dahil olarak di\u011fer organizmalar ile hareket eden, onlar\u0131 zorlayan ve asl\u0131nda kavga eden bir canl\u0131 olarak g\u00f6r\u00fcyorum. Bu bo\u011fu\u015fman\u0131n i\u00e7erisinde fiziken ya da hukuken bir\u00e7ok \u00fcst\u00fcn gelme m\u00fccadelesi sergiliyoruz. \u0130nsan\u0131n kendini bu do\u011fadan d\u0131\u015far\u0131da olarak konumland\u0131rmas\u0131n\u0131n sonu\u00e7lar\u0131 benim i\u00e7in hiyerar\u015fik bir yap\u0131y\u0131 ve davran\u0131\u015flar\u0131 olu\u015fturuyor. Tam da bu noktada do\u011fadaki canl\u0131lar ile kendi ili\u015fkimi sorguluyor ve sistemlere maruz b\u0131rak\u0131yorum. Bah\u00e7e ve evimin \u00e7evresini kapsayan do\u011fa tam da burada benim beslendi\u011fim ve sondaj yapt\u0131\u011f\u0131m alan oluyor.<br \/>\nEvin s\u0131n\u0131rlar\u0131, bitki ve hayvanlar\u0131n ben ile olan yabani ya da evcil ili\u015fkileri benim beslendi\u011fim kuvvetli ili\u015fkileri olu\u015fturuyor. Bu denemeler sanat \u00fcretimi ba\u011flam\u0131nda ise antimekan davran\u0131\u015flar sergilemek i\u00e7in beni cesaretlendiriyor.<\/li>\n<\/ul>\n<p>&nbsp;<\/p>\n<ul>\n<li><strong>Son olarak, Mother \u00e7al\u0131\u015fman\u0131zla olu\u015fturdu\u011funuz s\u00fcrecin devam\u0131n\u0131 getiren projeleriniz var m\u0131, k\u0131saca bahseder misiniz l\u00fctfen?<\/strong><br \/>\nBu s\u00fcrecin devam\u0131nda \u2018Red Room\u2019 gibi do\u011frudan canl\u0131larla \u00e7al\u0131\u015ft\u0131\u011f\u0131m projeler de var. Bu i\u015flerde benimle benzer do\u011fay\u0131 payla\u015fan canl\u0131lar\u0131n ya\u015fam ko\u015fullar\u0131 hakk\u0131nda hukuksal bir sorgulama yapmaktay\u0131m. Bir sivri sinek larvas\u0131 ile evcil bir temas kurarak \u00f6nce pupa ard\u0131ndan ise sivrisine\u011fe d\u00f6n\u00fc\u015fmesine tan\u0131kl\u0131k etmekteyim. Bunlar olurken asl\u0131nda yapay bir ya\u015fam destek \u00fcnitesi kurmak bu i\u015fin ana fikrini olu\u015fturmak. Di\u011fer canl\u0131lar hakk\u0131nda ya\u015fama hakk\u0131n\u0131 kullanabilmek do\u011frudan politik bir mesele olarak da kar\u015f\u0131m\u0131za \u00e7\u0131kmakta. \u0130\u015fin sonunda sine\u011fin kendisi, t\u00fcm bu s\u00fcreci anlatan bir video ve s\u00fcre\u00e7teki sanatsal g\u00f6zlemlerimi i\u00e7eren desenleri bir yerle\u015ftirme haline getiriyorum.<br \/>\n\u0130\u015flerimin y\u00fczey taraf\u0131nda ise kendi yeti\u015ftirdi\u011fim bah\u00e7e bitkilerinin bir araya gelme durumunu tekrar sorguluyorum. Farkl\u0131 yap\u0131 ve yerlere ait bu bitkileri yeti\u015ftirdikten sonra kopar\u0131p sanat nesnesine bir sunak alan\u0131 olu\u015fturmak bu i\u015flerdeki amac\u0131m. \u00c7\u00fcnk\u00fc bu \u00e7i\u00e7ek ve bitkiler asl\u0131nda verdi\u011fim hayat\u0131n kendi ellerim ile al\u0131nmas\u0131n\u0131 da kan\u0131tlar nitelikte. \u00c7i\u00e7eklerin romantik ve renkli g\u00f6r\u00fcnt\u00fcs\u00fc onlar\u0131n zamanla \u00f6len ve \u00e7\u00fcr\u00fcyen yap\u0131lar\u0131 ile birlikte do\u011frudan \u00f6l\u00fcmleri ile \u00f6r\u00fclm\u00fc\u015f bir resmi olu\u015fturmaktad\u0131r.<\/li>\n<\/ul>\n<p><strong>PROJE: K\u0131rm\u0131z\u0131 Oda 2020<\/strong><br \/>\n<img loading=\"lazy\" decoding=\"async\" class=\"alignnone size-medium wp-image-7589\" src=\"https:\/\/www.sanatlarandevu.com\/wp-content\/uploads\/2024\/03\/Resim6-243x300.jpg\" alt=\"\" width=\"243\" height=\"300\" srcset=\"https:\/\/www.sanatlarandevu.com\/wp-content\/uploads\/2024\/03\/Resim6-243x300.jpg 243w, https:\/\/www.sanatlarandevu.com\/wp-content\/uploads\/2024\/03\/Resim6.jpg 327w\" sizes=\"auto, (max-width: 243px) 100vw, 243px\" \/><\/p>\n<p><strong>&#8220;Sinek&#8221; Tuval, epoksi ve benim sine\u011fim<\/strong><br \/>\n30&#215;20 cm<\/p>\n<p><strong>Havuzdan al\u0131nan bir miktar su<\/strong><\/p>\n<p><img loading=\"lazy\" decoding=\"async\" class=\"alignnone size-medium wp-image-7591\" src=\"https:\/\/www.sanatlarandevu.com\/wp-content\/uploads\/2024\/03\/Resim7-225x300.jpg\" alt=\"\" width=\"225\" height=\"300\" srcset=\"https:\/\/www.sanatlarandevu.com\/wp-content\/uploads\/2024\/03\/Resim7-225x300.jpg 225w, https:\/\/www.sanatlarandevu.com\/wp-content\/uploads\/2024\/03\/Resim7.jpg 303w\" sizes=\"auto, (max-width: 225px) 100vw, 225px\" \/><br \/>\n750 ml cam \u015fi\u015fe<\/p>\n<p><strong>\u00a0R\u00f6portaj: Halime BULUT \/ Arkeolog<\/strong><\/p>\n","protected":false},"excerpt":{"rendered":"<p>One Arc Gallery temsiliyetindeki gen\u00e7 sanat\u00e7\u0131, Mehmet Ali YILDIZ ile g\u00fcncel sanat\u0131, \u00fcretim prati\u011fi ve projeleri \u00fczerine konu\u015ftuk. T\u00fcrler aras\u0131 t\u00fcm ileti\u015fimler bir hiyerar\u015fi ile hareket eder. Nesnelerin t\u00fcm\u00fc belirli organizma \u00f6zellik-leri g\u00f6stererek y\u00f6ntemler ile etkile\u015fime girmektedir. Ben ve insan do\u011fas\u0131 ise bu ileti\u015fimi y\u00f6neten, iten ve \u00e7eken olarak konumlanmaktad\u0131r. Evcil ve yabani alanlar\u0131n ili\u015fkisindeki [&hellip;]<\/p>\n","protected":false},"author":1,"featured_media":7914,"comment_status":"open","ping_status":"open","sticky":false,"template":"","format":"standard","meta":{"footnotes":""},"categories":[101,1],"tags":[],"class_list":["post-6907","post","type-post","status-publish","format-standard","has-post-thumbnail","hentry","category-sanata-dair","category-yazilar"],"_links":{"self":[{"href":"https:\/\/www.sanatlarandevu.com\/index.php?rest_route=\/wp\/v2\/posts\/6907","targetHints":{"allow":["GET"]}}],"collection":[{"href":"https:\/\/www.sanatlarandevu.com\/index.php?rest_route=\/wp\/v2\/posts"}],"about":[{"href":"https:\/\/www.sanatlarandevu.com\/index.php?rest_route=\/wp\/v2\/types\/post"}],"author":[{"embeddable":true,"href":"https:\/\/www.sanatlarandevu.com\/index.php?rest_route=\/wp\/v2\/users\/1"}],"replies":[{"embeddable":true,"href":"https:\/\/www.sanatlarandevu.com\/index.php?rest_route=%2Fwp%2Fv2%2Fcomments&post=6907"}],"version-history":[{"count":3,"href":"https:\/\/www.sanatlarandevu.com\/index.php?rest_route=\/wp\/v2\/posts\/6907\/revisions"}],"predecessor-version":[{"id":7915,"href":"https:\/\/www.sanatlarandevu.com\/index.php?rest_route=\/wp\/v2\/posts\/6907\/revisions\/7915"}],"wp:featuredmedia":[{"embeddable":true,"href":"https:\/\/www.sanatlarandevu.com\/index.php?rest_route=\/wp\/v2\/media\/7914"}],"wp:attachment":[{"href":"https:\/\/www.sanatlarandevu.com\/index.php?rest_route=%2Fwp%2Fv2%2Fmedia&parent=6907"}],"wp:term":[{"taxonomy":"category","embeddable":true,"href":"https:\/\/www.sanatlarandevu.com\/index.php?rest_route=%2Fwp%2Fv2%2Fcategories&post=6907"},{"taxonomy":"post_tag","embeddable":true,"href":"https:\/\/www.sanatlarandevu.com\/index.php?rest_route=%2Fwp%2Fv2%2Ftags&post=6907"}],"curies":[{"name":"wp","href":"https:\/\/api.w.org\/{rel}","templated":true}]}}