{"id":6910,"date":"2024-03-08T13:58:08","date_gmt":"2024-03-08T13:58:08","guid":{"rendered":"https:\/\/ww2.sanatlarandevu.com\/sunay-akin-ile-ceplerimdeki-hayaller-gercek-oldu\/"},"modified":"2024-03-12T11:47:34","modified_gmt":"2024-03-12T11:47:34","slug":"sunay-akin-ile-ceplerimdeki-hayaller-gercek-oldu","status":"publish","type":"post","link":"https:\/\/www.sanatlarandevu.com\/?p=6910","title":{"rendered":"Sunay Ak\u0131n ile \u201cCeplerimdeki Hayaller Ger\u00e7ek Oldu\u201d"},"content":{"rendered":"<p>Y\u0131llard\u0131r derin hayranl\u0131k duydu\u011fum T\u00fcrk edebiyat\u0131n\u0131n de\u011ferli ismi Sunay Ak\u0131n\u2019la tan\u0131\u015fmam\u0131z yakla\u015f\u0131k \u00fc\u00e7 y\u0131l \u00f6ncesine dayan\u0131yor. 1700\u2019l\u00fc y\u0131llardan g\u00fcn\u00fcm\u00fcze oyuncak tarihinin en g\u00f6zde \u00f6rneklerinin sergilendi\u011fi \u0130stanbul Oyuncak M\u00fczesi\u2019nde bir araya gelmi\u015f ve Sanatla Randevu projelerimizi payla\u015fm\u0131\u015ft\u0131k.<br \/>\nBirlikte organize etti\u011fimiz toplant\u0131larda kendisini daha yak\u0131ndan tan\u0131ma f\u0131rsat\u0131 bulurken hepimizin bildi\u011fi \u015fair, yazar, gazeteci, ara\u015ft\u0131rmac\u0131 ve tiyatro oyuncusu s\u0131fatlar\u0131na ek olarak ince y\u00fcrekli, iyi bir baba, iyi bir e\u015f, iyi bir dost, hayat enerjisi y\u00fcksek, i\u00e7indeki \u00e7ocu\u011fu ya\u015fatan bir insan tan\u0131d\u0131m.<br \/>\nHer sohbetimizde derin bilgisinden yararlanma imkan\u0131 bulur, m\u00fctevaz\u0131 ki\u015fili\u011finin yan\u0131 s\u0131ra hitabet yetene\u011finin \u00e7evresindeki insanlar\u0131 nas\u0131l b\u00fcy\u00fcledi\u011fine de \u015fahit olurum.<br \/>\nGe\u00e7ti\u011fimiz Eyl\u00fcl ay\u0131nda zeytin a\u011fa\u00e7lar\u0131 ve \u00e7am ormanlar\u0131yla \u00e7evrili, mitolojinin be\u015fi\u011fi Kazda\u011flar\u0131\u2019n\u0131n Adatepe K\u00f6y\u00fc\u2019nde farkl\u0131 bir Sanatla Randevu etkinli\u011fi sayesinde Sunay Ak\u0131n\u2019la yeniden bir araya gelme f\u0131rsat\u0131m oldu.<br \/>\n<img loading=\"lazy\" decoding=\"async\" class=\"alignnone size-medium wp-image-7571\" src=\"https:\/\/www.sanatlarandevu.com\/wp-content\/uploads\/2024\/03\/Sunay-Akin-ve-Ayse-Kaynarcali-min-scaled-1-210x300.jpg\" alt=\"\" width=\"210\" height=\"300\" srcset=\"https:\/\/www.sanatlarandevu.com\/wp-content\/uploads\/2024\/03\/Sunay-Akin-ve-Ayse-Kaynarcali-min-scaled-1-210x300.jpg 210w, https:\/\/www.sanatlarandevu.com\/wp-content\/uploads\/2024\/03\/Sunay-Akin-ve-Ayse-Kaynarcali-min-scaled-1-718x1024.jpg 718w, https:\/\/www.sanatlarandevu.com\/wp-content\/uploads\/2024\/03\/Sunay-Akin-ve-Ayse-Kaynarcali-min-scaled-1-768x1095.jpg 768w, https:\/\/www.sanatlarandevu.com\/wp-content\/uploads\/2024\/03\/Sunay-Akin-ve-Ayse-Kaynarcali-min-scaled-1-1078x1536.jpg 1078w, https:\/\/www.sanatlarandevu.com\/wp-content\/uploads\/2024\/03\/Sunay-Akin-ve-Ayse-Kaynarcali-min-scaled-1-1437x2048.jpg 1437w, https:\/\/www.sanatlarandevu.com\/wp-content\/uploads\/2024\/03\/Sunay-Akin-ve-Ayse-Kaynarcali-min-scaled-1-600x855.jpg 600w, https:\/\/www.sanatlarandevu.com\/wp-content\/uploads\/2024\/03\/Sunay-Akin-ve-Ayse-Kaynarcali-min-scaled-1.jpg 1796w\" sizes=\"auto, (max-width: 210px) 100vw, 210px\" \/><\/p>\n<p>Gerek k\u00f6y\u00fcn tarihi okulu Ta\u015f Mektep\u2019te gerekse konaklad\u0131\u011f\u0131m\u0131z butik otelimizin bah\u00e7esinde ger\u00e7ekle\u015ftirdi\u011fimiz sohbetlerde Ak\u0131n\u2019\u0131 dinlerken b\u00fcy\u00fcl\u00fc, ger\u00e7ek\u00fcst\u00fc bir yolculu\u011fun i\u00e7erisinde bulduk kendimizi. B\u00fcy\u00fck bir co\u015fku ve heyecan ile ara\u015ft\u0131rmalar\u0131n\u0131, bilgi birikimini bizlerle payla\u015f\u0131rken g\u00f6z\u00fcm\u00fczde canland\u0131rd\u0131\u011f\u0131m\u0131z hikayeler sayesinde kah g\u00fcld\u00fck kah h\u00fcz\u00fcnlendik.<br \/>\nT\u00fcrkiye\u2019de ilk Oyuncak M\u00fczesi\u2019ni kuran ve m\u00fczecilik anlam\u0131nda b\u00fcy\u00fck de\u011fer yaratan \u00fcstad ile ger\u00e7ekle\u015ftirdi\u011fimiz r\u00f6portajda onu daha yak\u0131ndan tan\u0131y\u0131p \u00e7al\u0131\u015fkanl\u0131\u011f\u0131 ve azmi i\u00e7in bir kez daha hayran olacaks\u0131n\u0131z.<br \/>\n<strong>Bu de\u011ferli sohbet i\u00e7in sevgili Sunay Ak\u0131n\u2019a te\u015fekk\u00fcr ediyorum.<\/strong><\/p>\n<p>&nbsp;<\/p>\n<ul>\n<li><strong>1962 do\u011fumlu olman\u0131z\u0131n anlaml\u0131 oldu\u011funu s\u00f6yleyip \u201cSadece 62\u2019den tav\u015fan yap\u0131l\u0131r\u201d esprisi ile noktay\u0131 koyuyorsunuz. Bu mizah duygunuz Karadenizli olman\u0131n verdi\u011fi bir arma\u011fan m\u0131, yoksa genetik bir miras m\u0131?<\/strong>Anlat\u0131lan laz f\u0131kralar\u0131na g\u00fclmem ben, \u00e7\u00fcnk\u00fc Trabzon\u2019da hayat o f\u0131kralardan \u00e7ok daha komiktir. Do\u011fu Karadeniz\u2019de ya\u015famak kolay de\u011fildir; topo\u011frafya, iklim, do\u011fa ko\u015fullar\u0131 \u00e7ok zorlar insan\u0131. Bu y\u00fczden zeki, \u00e7al\u0131\u015fkan ve yarat\u0131c\u0131 omak zorundas\u0131n\u0131z, yoksa tutunamazs\u0131n\u0131z hayata. Anadolu insan\u0131 ince zekal\u0131, duyarl\u0131. \u00c7ok ama \u00e7ok g\u00fczeldir zaten. Bu zenginli\u011fi halk oyunlar\u0131nda, k\u0131yafetlerde, sofralarda, t\u00fcrk\u00fclerde g\u00f6r\u00fcrs\u00fcn\u00fcz. Biz Karadenizliler de bu g\u00fcne\u015fin sofras\u0131nda bir lezzet olabildi\u011fimiz i\u00e7in \u00e7ok \u015fansl\u0131y\u0131z. Yeter ki bu rengarenk kanat bilginin r\u00fczgar\u0131na a\u00e7\u0131ls\u0131n.<\/li>\n<\/ul>\n<p>&nbsp;<\/p>\n<ul>\n<li><strong>\u0130lkokul 1. s\u0131n\u0131fa giderken dolab\u0131n\u0131zdaki bo\u015f bir elbise ask\u0131s\u0131na \u015fiir yazm\u0131\u015fs\u0131n\u0131z. \u2018Hepsi doluydu ama o, oyuna al\u0131nmayan \u00e7ocuk gibiydi\u2019 diyorsunuz. O ya\u015flarda kendinizi b\u00f6yle mi tan\u0131ml\u0131yordunuz?<\/strong><br \/>\nBenden bir ya\u015f b\u00fcy\u00fck olan a\u011fabeyim okula ba\u015flay\u0131nca, ben de ak\u015famlar\u0131 ders \u00e7al\u0131\u015f\u0131rken yan\u0131nda oturur, onu g\u00f6zlemler, ka\u011f\u0131da yaz\u0131p \u00e7izerdim. Kendi kendime okuma ve yazmay\u0131 \u00f6\u011frendim b\u00f6ylelikle. Ilk \u015fiirimi de elbise dolab\u0131ndaki bo\u015f bir ask\u0131ya yazd\u0131m. \u2018\u2019\u00dc\u015f\u00fcm\u00fcyor musun?\u2019\u2019 diye sordu\u011fumu an\u0131ms\u0131yorum \u015fiirde. Oyunlarda ise hen senarist hem y\u00f6netmen hem de ba\u015froldeydim.<\/li>\n<\/ul>\n<p>&nbsp;<\/p>\n<ul>\n<li><strong>Tuncay Terzihanesi kitab\u0131n\u0131zda terzi olan baban\u0131z\u0131n annenize dikti\u011fi \u00fc\u00e7 d\u00fc\u011fmeli bordo ceketin ortanca d\u00fc\u011fmesi oldu\u011funuzu s\u00f6yl\u00fcyorsunuz. \u201cOrtanca d\u00fc\u011fme\u201d olmak hayat\u0131n\u0131z\u0131 nas\u0131l \u015fekillendirdi?<\/strong><br \/>\n\u00dc\u00e7\u00fcnc\u00fc d\u00fc\u011fme cekete eklendi\u011finde on ya\u015f\u0131ndayd\u0131m. On y\u0131l boyunca iki karde\u015f hep bir \u00f6rnek giydirildik, ayn\u0131 sevgi \u015femsiyesinin alt\u0131nda korunduk. Karde\u015fim \u0130stanbul\u2019da d\u00fcnyaya geldi. \u00dc\u00e7\u00fcm\u00fczde ayn\u0131 odada yatard\u0131k ama ben ortancay\u0131m diye ortada de\u011fil, pencere kenar\u0131ndaki yata\u011f\u0131 kapard\u0131m. Annem bir ceket diktirmek i\u00e7in gitmi\u015f babam\u0131n terzi d\u00fckkan\u0131na, \u00f6yle tan\u0131\u015fm\u0131\u015flar. Benim i\u00e7in terziler k\u0131l\u0131nc\u0131 diki\u015f i\u011fnesi, kalkan\u0131 y\u00fcks\u00fck olan hayat\u0131n emek\u00e7i kahramanlar\u0131ndand\u0131r.<\/li>\n<\/ul>\n<p>&nbsp;<\/p>\n<ul>\n<li><strong>Baban\u0131z\u0131n terzihanesinden ald\u0131\u011f\u0131n\u0131z kuma\u015f par\u00e7alar\u0131n\u0131 cebinizde ta\u015f\u0131r, o kuma\u015flara d\u00fcnya haritas\u0131n\u0131 \u00e7izer, her par\u00e7ay\u0131 bir \u00fclke yapar ve d\u00fcnyay\u0131 cebinizde ta\u015f\u0131d\u0131\u011f\u0131n\u0131za inan\u0131rm\u0131\u015fs\u0131n\u0131z. Hatta \u00f6\u011fretmeniniz sizi o kuma\u015f par\u00e7alar\u0131 ile yakalam\u0131\u015f ve k\u0131zm\u0131\u015f. Hayallerinizi ger\u00e7ekle\u015ftirip o \u00fclkelere gidebildiniz mi? <\/strong><br \/>\n\u00c7ok severdim babam\u0131n terzi d\u00fckkan\u0131n\u0131, kesip bi\u00e7ti\u011fi kuma\u015flardan arta kalan par\u00e7alar benim ilk oyuncaklar\u0131md\u0131r. \u00dclkelere benzetirdim onlar\u0131, bu g\u00fczel gezegenin rengarenk k\u00fclt\u00fcr\u00fcne \u00e7ok benziyorlard\u0131. Evet, o \u00fclkelerin \u00e7o\u011funa gittim, g\u00f6rd\u00fcm. \u00dclkelere benzeyen kuma\u015f par\u00e7alar\u0131n\u0131 ceplerimde ta\u015f\u0131rd\u0131m. Ceplerimdeki hayaller ger\u00e7ek oldu.<\/li>\n<\/ul>\n<p>&nbsp;<\/p>\n<ul>\n<li><strong>M\u00fcjdat Gezen Sanat Okulu\u2019ndan dersler ald\u0131n\u0131z, verdiniz ve tek ki\u015filik g\u00f6steriler yapt\u0131n\u0131z. Bizi, koltuklar\u0131m\u0131zda kemerlerimiz ba\u011fl\u0131, zihnimiz \u00f6zg\u00fcr, s\u00fcrprizlerle dolu yolculuklara \u00e7\u0131kar\u0131yorsunuz. \u0130\u00e7ine hapsoldu\u011fumuz d\u00fcnyadan ba\u015f\u0131m\u0131z\u0131 kald\u0131r\u0131p hayat\u0131n renklerini ke\u015ffetmeye, g\u00fczel tesad\u00fcflerle hayat\u0131m\u0131za ba\u011flamaya heveslendiriyorsunuz. Kitaplarla, \u015fiirlerle, sosyal medya arac\u0131l\u0131\u011f\u0131yla payla\u015ft\u0131klar\u0131n\u0131zla, sahnede olmak farkl\u0131 m\u0131?<\/strong><br \/>\nSahnenin ayr\u0131, apayr\u0131 bir dili vard\u0131r. Kitaplar\u0131mdaki \u00f6yk\u00fcleri drama tekni\u011fiyle seyircilerime aktar\u0131yorum. Tek ki\u015filik oyunlar\u0131mda bir yazar\u0131n kaleme ald\u0131\u011f\u0131 herhangi bir metni de\u011fil, kendi yazd\u0131klar\u0131m\u0131 sahneliyorum. San\u0131r\u0131m bu konuda kendime \u00f6zg\u00fc bir yol a\u00e7t\u0131m. Meddah gelene\u011finin g\u00fcn\u00fcm\u00fczdeki temsilcilerinden biriyim. Bir saate bin kitab\u0131n \u0131\u015f\u0131\u011f\u0131n\u0131 s\u0131\u011fd\u0131rmaya \u00e7al\u0131\u015f\u0131yorum.<\/li>\n<\/ul>\n<p><img loading=\"lazy\" decoding=\"async\" class=\"alignnone size-medium wp-image-7576\" src=\"https:\/\/www.sanatlarandevu.com\/wp-content\/uploads\/2024\/03\/Sunay-Akin2-min-300x259.jpg\" alt=\"\" width=\"300\" height=\"259\" srcset=\"https:\/\/www.sanatlarandevu.com\/wp-content\/uploads\/2024\/03\/Sunay-Akin2-min-300x259.jpg 300w, https:\/\/www.sanatlarandevu.com\/wp-content\/uploads\/2024\/03\/Sunay-Akin2-min-1024x883.jpg 1024w, https:\/\/www.sanatlarandevu.com\/wp-content\/uploads\/2024\/03\/Sunay-Akin2-min-768x662.jpg 768w, https:\/\/www.sanatlarandevu.com\/wp-content\/uploads\/2024\/03\/Sunay-Akin2-min-1536x1324.jpg 1536w, https:\/\/www.sanatlarandevu.com\/wp-content\/uploads\/2024\/03\/Sunay-Akin2-min-600x517.jpg 600w, https:\/\/www.sanatlarandevu.com\/wp-content\/uploads\/2024\/03\/Sunay-Akin2-min.jpg 1825w\" sizes=\"auto, (max-width: 300px) 100vw, 300px\" \/><\/p>\n<ul>\n<li>20 y\u0131ld\u0131r, tek ki\u015filik sahne oyunu alan\u0131nda en \u00e7ok g\u00f6steri yapanlardan biriyim; yurt i\u00e7i ve yurt d\u0131\u015f\u0131nda y\u00fczlerce kez sahne ald\u0131m. Sadece tiyatro salonlar\u0131nda de\u011fil, kent meydanlar\u0131na kurulan sahnelerde de oynad\u0131m. 20 bin ki\u015fiye oynad\u0131\u011f\u0131m\u0131 da biliyorum. Salon olarak trib\u00fcnlerinde 10 bin ki\u015finin oturdu\u011fu kapal\u0131 spor salonunda seyirci kar\u015f\u0131s\u0131na \u00e7\u0131kt\u0131m.Evet, M\u00fcjdat Gezen Tiyatro Okulu\u2019nda edebiyat ve yarat\u0131c\u0131 yazarl\u0131k dersleri verirken tiyatro sanat\u0131n\u0131n ustalar\u0131n\u0131n da derslerine giriyordum. Hem hocas\u0131 hem \u00f6\u011frencisiydim okulun. Tek bir sanat disiplinine ba\u011fl\u0131 kalam\u0131yorum ben, farkl\u0131 ve yeni diller denemek istiyorum.\n<p><strong>\u201cKaranl\u0131k dedi\u011fimiz yer, birileri \u0131\u015f\u0131\u011f\u0131 oraya ta\u015f\u0131mad\u0131\u011f\u0131 i\u00e7in vard\u0131r\u201d<\/strong><\/li>\n<\/ul>\n<p>&nbsp;<\/p>\n<ul>\n<li><strong>\u201cBir \u00fclkenin gelece\u011fi o \u00fclkedeki politikac\u0131lar\u0131n vaatlerinde de\u011fil, \u00e7ocuklar\u0131n hayallerindedir\u201d, diyor ve 23 Nisan 2005&#8217;te ailenizden kalan tarihi k\u00f6\u015fkten feragat ederek T\u00fcrkiye\u2019nin ilk \u201cOyuncak M\u00fczesi\u201dni hayata ge\u00e7irdiniz. M\u00fcze kurma fikri nereden do\u011fdu, nas\u0131l ba\u015flad\u0131? Oyuncak M\u00fczesi\u2019nin d\u00fcnyadaki benzerlerinden fark\u0131 nedir? <\/strong><br \/>\n<img loading=\"lazy\" decoding=\"async\" class=\"alignnone size-medium wp-image-7572\" src=\"https:\/\/www.sanatlarandevu.com\/wp-content\/uploads\/2024\/03\/Sunay-Akin1-min-scaled-1-300x169.jpg\" alt=\"\" width=\"300\" height=\"169\" srcset=\"https:\/\/www.sanatlarandevu.com\/wp-content\/uploads\/2024\/03\/Sunay-Akin1-min-scaled-1-300x169.jpg 300w, https:\/\/www.sanatlarandevu.com\/wp-content\/uploads\/2024\/03\/Sunay-Akin1-min-scaled-1-1024x576.jpg 1024w, https:\/\/www.sanatlarandevu.com\/wp-content\/uploads\/2024\/03\/Sunay-Akin1-min-scaled-1-768x432.jpg 768w, https:\/\/www.sanatlarandevu.com\/wp-content\/uploads\/2024\/03\/Sunay-Akin1-min-scaled-1-1536x864.jpg 1536w, https:\/\/www.sanatlarandevu.com\/wp-content\/uploads\/2024\/03\/Sunay-Akin1-min-scaled-1-2048x1152.jpg 2048w, https:\/\/www.sanatlarandevu.com\/wp-content\/uploads\/2024\/03\/Sunay-Akin1-min-scaled-1-600x338.jpg 600w\" sizes=\"auto, (max-width: 300px) 100vw, 300px\" \/><br \/>\nAlmanya\u2019n\u0131n Nurnberg kentinde ziyaret etmi\u015ftim ilk oyuncak m\u00fczesini. Oyuncak konulu bir kitap yazmaya karar verdim ve yakla\u015f\u0131k be\u015f y\u0131l oyuncak sanat ili\u015fkisinde ara\u015ft\u0131rmalar yapt\u0131m. Bu arada, oyuncak tarihini \u00f6\u011frettim, d\u00fcnyadaki di\u011fer oyuncak m\u00fczelerini gezdim\u2026 Ve ortaya \u2018\u2019K\u0131rd\u0131\u011f\u0131m\u0131z Oyuncaklar\u2019\u2019 adl\u0131 kitab\u0131m \u00e7\u0131kt\u0131.<br \/>\nOyuncak m\u00fczelerini gezerken g\u0131pta ettim, imrendim. K\u0131skand\u0131m, demiyorum. \u00c7\u00fcnk\u00fc ben k\u0131skanmam, k\u0131skan\u00e7l\u0131k kendine g\u00fcveni olmayan insanlar\u0131n i\u015fidir\u2026 Ama ben imrenirim, g\u0131pta ederim. Oyuncak m\u00fczelerini gezerken, neden benim \u00fclkem bu bilgi birikiminden, insanl\u0131k tarihinin bu haf\u0131zas\u0131ndan yoksun diye hay\u0131fland\u0131m. Sonunda, bir oyuncak m\u00fczesi kurmaya karar verdim. Sahne oyunlar\u0131m dolu dolu ge\u00e7iyor ve kitaplar\u0131m bask\u0131 \u00fcst\u00fcne bask\u0131 yap\u0131yordu; para kazan\u0131yord\u0131m a\u00e7\u0131k\u00e7as\u0131. Tuttum, o paralarla, her kuru\u015fu al\u0131n terimin hakk\u0131 olan sanat\u00e7\u0131 teliflerimle oyuncak tarihinin en de\u011ferli \u00f6rneklerini almaya ba\u015flad\u0131m. Ne de olsa hangi oyunca\u011f\u0131n m\u00fcze de\u011feri ta\u015f\u0131d\u0131\u011f\u0131n\u0131, hangisinin ta\u015f\u0131mad\u0131\u011f\u0131n\u0131 biliyordum.<br \/>\n2005 y\u0131l\u0131nda kurdu\u011fum \u0130stanbul Oyuncak M\u00fczesi\u2019ni benzerlerinden farkl\u0131 k\u0131lan \u00f6ncelikle sergilenen eserlerdir. Bu konuda en \u00f6zg\u00fcn ve en de\u011ferli eserleri sunuyoruz ziyaret\u00e7ilerimize. Sonra sergilenme bi\u00e7imi. Sahne tasar\u0131m sanat\u00e7\u0131lar\u0131yla kurgulad\u0131k m\u00fczeyi. Ayhan Do\u011fan ile iki y\u0131la yak\u0131n bir \u00e7al\u0131\u015fman\u0131n sonunda do\u011fdu. Bir \u015fair ve bir sahne tasar\u0131m sanat\u00e7\u0131s\u0131n\u0131n hayallerini birle\u015ftirmesiyle olu\u015fan bir sergi dili var m\u00fczenin, bu \u00f6zelli\u011fiyle de bir fark\u0131ndal\u0131k olu\u015fturuyor.<\/li>\n<\/ul>\n<p>&nbsp;<\/p>\n<ul>\n<li><strong>Sayenizde pek \u00e7ok m\u00fczemiz oldu. Oyuncak M\u00fczesi d\u0131\u015f\u0131nda Masal M\u00fczesi (Kartal), Oyun M\u00fczesi (Ata\u015fehir) ve Okul M\u00fczesi&#8217;nin (Ata\u015fehir Enstit\u00fc Koleji) kap\u0131lar\u0131n\u0131 a\u00e7t\u0131n\u0131z. Ayr\u0131ca Gaziantep&#8217;te, Antalya&#8217;da ve Samsun&#8217;da Oyuncak M\u00fczeleri ile Bar\u0131\u015f Man\u00e7o M\u00fczesi&#8217;ni kurdunuz. \u00d6zel m\u00fczelerin kurulmas\u0131 ve ya\u015fat\u0131lmas\u0131 olduk\u00e7a emek isteyen bir s\u00fcre\u00e7. Zorluklar ya\u015fad\u0131n\u0131z m\u0131?<\/strong><br \/>\nZorluklar elbette ya\u015fad\u0131m ama \u015fikayet\u00e7i de\u011filim. \u00d6zel m\u00fczecilik konusunda \u00fclkemde bir kar makinesi gibi yol a\u00e7maya \u00e7al\u0131\u015ft\u0131\u011f\u0131m\u0131 biliyorum. Zorluklar\u0131n ne oldu\u011funu anlatmak istemiyorum, sorunlar\u0131 \u00e7ok iyi biliyor ve bilginin \u0131\u015f\u0131\u011f\u0131yla \u00e7\u00f6zmeye, daha do\u011frusu \u00e7\u00f6z\u00fcm \u00fcretmeye \u00e7al\u0131\u015f\u0131yorum. Eline \u0131\u015f\u0131k ta\u015f\u0131yan karanl\u0131\u011f\u0131n \u00fcst\u00fcne y\u00fcr\u00fcs\u00fcn. \u00c7\u00fcnk\u00fc karanl\u0131k dedi\u011fimiz yer, birileri \u0131\u015f\u0131\u011f\u0131 oraya ta\u015f\u0131mad\u0131\u011f\u0131 i\u00e7in vard\u0131r.<strong>\u201c\u00c7\u00fcnk\u00fc oyuncak \u00fcretildi\u011fi d\u00f6nemin tan\u0131\u011f\u0131d\u0131r\u201d<\/strong><\/li>\n<\/ul>\n<p>&nbsp;<\/p>\n<ul>\n<li><strong>\u201cM\u00fczeler toplumun haf\u0131zas\u0131d\u0131r. Bunu anlayamayan bir \u00fclke bilin ki Alzheimer olmu\u015ftur. Bu hastal\u0131\u011fa yakalanan bir \u00fclke nereden geldi\u011fini ve nereye gidece\u011fini bilemez. T\u00fcrkiye, Alzheimer olma yolundad\u0131r\u2019\u2019 diyorsunuz. Alzheimer olmamam\u0131z i\u00e7in farkl\u0131 m\u00fcze projeleriniz var m\u0131? <\/strong>\u00c7ok var. K\u00fclt\u00fcr politikas\u0131 konusunda \u00fclkemde ne yap\u0131lmas\u0131 gerekti\u011fini biliyorum. Hayvan sevgisi ve do\u011fa korumac\u0131l\u0131\u011f\u0131n\u0131 i\u00e7eren bir m\u00fcze kurmak i\u00e7in 10 y\u0131l\u0131 a\u015fk\u0131n bir s\u00fcredir \u00e7al\u0131\u015f\u0131yorum. Bir Kedi M\u00fczesi kazand\u0131r\u0131yorum \u00fclkeme. Masal, \u00e7izgi roman, oyun ve oyuncak tarihindeki kediler ilk kez bir m\u00fczenin \u00e7at\u0131s\u0131 alt\u0131nda bulu\u015facak.<br \/>\nM\u00fczenin i\u00e7inde ayr\u0131ca bir m\u00fcze daha olacak: \u2019\u2019Nuh\u2019un Gemisi M\u00fczesi\u2019\u2019\u2026 Sanat ve oyuncak konulu bir m\u00fcze i\u00e7in de belge ve bilgi topluyorum. \u00c7ocuklar\u0131n hayat\u0131nda sanat, oyun ve oyuncak k\u00fclt\u00fcr\u00fcyle nas\u0131l bir yer edinmi\u015f? Bu sorunun yan\u0131t\u0131n\u0131 haf\u0131zaya kaydedecek ve benzeri olmayan bir m\u00fcze olacak \u2018\u2019Sanat\u0131n Oyuncaklar\u0131 M\u00fczesi\u2019\u2019\u2026 Unutmadan bir de \u00e7evre duyarl\u0131\u011f\u0131n\u0131, ekoloji konusunda bir m\u00fcze \u00fczerinde \u00e7al\u0131\u015f\u0131yorum. O da \u2018\u2019Kardan Adam M\u00fczesi\u2019\u2019 olacak. Dedim ya y\u00fczlerce m\u00fcze gezdim ben, ara\u015ft\u0131rmalarda, incelemelerde bulundum. Sadece \u00fclkem i\u00e7in de\u011fil, bu alanda d\u00fcnyada e\u015fsiz ve yeni olabilecek m\u00fcze i\u00e7eriklerini d\u00fc\u015f\u00fcn\u00fcyor ve hayata kazand\u0131rmak istiyorum. Daha da \u00e7ok m\u00fcze hayalim var.<\/li>\n<\/ul>\n<p>&nbsp;<\/p>\n<ul>\n<li><strong>Gidip g\u00f6rd\u00fc\u011f\u00fcn\u00fcz \u00fclkelerden en \u00e7ok etkilendi\u011finiz m\u00fczeler hangileri?<\/strong><br \/>\nO kadar \u00e7ok ki\u2026 M\u00fczelerden d\u0131\u015far\u0131 \u00e7\u0131kmam ben, orada ya\u015far\u0131m, kahvemi orada i\u00e7er, kitab\u0131m\u0131 m\u00fczelerde okurum. Antikac\u0131lar, sahaflar da en \u00e7ok sevdi\u011fim mekanlard\u0131r. Birini s\u00f6ylemem gerekirse N\u00fcrnberg Oyuncak M\u00fczesi\u2019nin ad\u0131n\u0131 verebilirim. 1990\u2019lar\u0131n ba\u015f\u0131nda ziyaret etmi\u015ftim ilk kez\u2026 O kadar \u00e7ok etkilenmi\u015ftim ki, bir hafta sonra yeniden gitmi\u015ftim N\u00fcrnberg\u2019e. Oyunca\u011f\u0131n, tarihi mimarinin, modan\u0131n, sanayi devriminin, uzay\u0131n fethinin tarihidir; hi\u00e7bir m\u00fcze bir oyuncak m\u00fczesi kadar uygarl\u0131\u011f\u0131n tarihinin bir araya getiremez. \u00c7\u00fcnk\u00fc oyuncak \u00fcretildi\u011fi d\u00f6nemin tan\u0131\u011f\u0131d\u0131r.<\/li>\n<\/ul>\n<p>&nbsp;<\/p>\n<ul>\n<li><strong>Bir\u00e7ok okulda, sivil toplum \u00f6rg\u00fctlerinde ve hatta hapistanelerde s\u00f6yle\u015fi yap\u0131yorsunuz? Dinleyicilerin anlatt\u0131klar\u0131n\u0131za yakla\u015f\u0131m\u0131 ve tepkisi nas\u0131l oluyor?<\/strong><br \/>\nNe yaz\u0131k ki bu t\u00fcr davetlere zaman olarak yeti\u015femiyorum. Gitmek \u00e7ok istiyorum ama 100 tane olsam, yine de pek \u00e7o\u011funu geri \u00e7evirmek zorunda kal\u0131r\u0131m. Oysa hay\u0131r demeyi hi\u00e7 sevmem, gitmek isterim\u2026 Ama davetlerin \u00e7oklu\u011fu bunu olanaks\u0131z k\u0131l\u0131yor.<br \/>\nHapishanelerden gelen davetleri ayr\u0131 tutuyor ve gerekirse davet ettikleri g\u00fcnde bir ba\u015fka program\u0131m varsa erteliyorum. \u00c7\u00fcnk\u00fc dedim ya bilginin \u0131\u015f\u0131\u011f\u0131n\u0131 sanat\u0131n g\u00fcc\u00fcyle karanl\u0131\u011fa ta\u015f\u0131mam beni \u00e7ok mutlu ediyor. San\u0131r\u0131m bu yo\u011funluk, dinleyicilerin anlatt\u0131klar\u0131ma tepkisini de somut olarak ele veriyor.<\/li>\n<\/ul>\n<p><img loading=\"lazy\" decoding=\"async\" class=\"alignnone size-medium wp-image-7573\" src=\"https:\/\/www.sanatlarandevu.com\/wp-content\/uploads\/2024\/03\/Sunay-Akin-ve-Ayse-min-225x300.jpg\" alt=\"\" width=\"225\" height=\"300\" srcset=\"https:\/\/www.sanatlarandevu.com\/wp-content\/uploads\/2024\/03\/Sunay-Akin-ve-Ayse-min-225x300.jpg 225w, https:\/\/www.sanatlarandevu.com\/wp-content\/uploads\/2024\/03\/Sunay-Akin-ve-Ayse-min.jpg 434w\" sizes=\"auto, (max-width: 225px) 100vw, 225px\" \/><\/p>\n<ul>\n<li><strong>Corona g\u00fcnlerinde hepimiz farkl\u0131 d\u00f6n\u00fc\u015f\u00fcmler, fark\u0131ndal\u0131klar ya\u015fad\u0131k. Sizdeki etkisini merak ediyoruz?<\/strong><br \/>\nD\u00fcnyan\u0131n neresinde olursa olsun, kaybetti\u011fimiz insanlar i\u00e7in \u00e7ok \u00fcz\u00fcld\u00fcm\u2026 Ve her zaman takdir etti\u011fim, de\u011ferini bildi\u011fim sa\u011fl\u0131k \u00e7al\u0131\u015fanlar\u0131m\u0131za hayran oldum. Onlara \u00e7ok \u015fey bor\u00e7luyuz.<br \/>\nHep derim, hayat\u0131n zenginli\u011fi hisse senetlerinde de\u011fil, hissi senetlerdedir. San\u0131r\u0131m bu ger\u00e7ek daha da \u0131\u015f\u0131ldad\u0131.<\/li>\n<\/ul>\n<p>&nbsp;<\/p>\n<ul>\n<li><strong>Pandemi sonras\u0131 yurt d\u0131\u015f\u0131 k\u0131s\u0131tlar\u0131 kalkt\u0131\u011f\u0131nda ilk gitmek istedi\u011finiz yer neresi olacak?<\/strong><br \/>\nDe\u011fil saatlerce, g\u00fcnlerce i\u00e7inden \u00e7\u0131kamayaca\u011f\u0131m m\u00fczeleri, kitap\u00e7\u0131lar\u0131, antikac\u0131lar\u0131 ve sahaflar\u0131yla Paris\u2026<\/li>\n<\/ul>\n<p><strong>\u00a0R\u00f6portaj ; Ay\u015fe KAYNARCALI<\/strong><\/p>\n","protected":false},"excerpt":{"rendered":"<p>Y\u0131llard\u0131r derin hayranl\u0131k duydu\u011fum T\u00fcrk edebiyat\u0131n\u0131n de\u011ferli ismi Sunay Ak\u0131n\u2019la tan\u0131\u015fmam\u0131z yakla\u015f\u0131k \u00fc\u00e7 y\u0131l \u00f6ncesine dayan\u0131yor. 1700\u2019l\u00fc y\u0131llardan g\u00fcn\u00fcm\u00fcze oyuncak tarihinin en g\u00f6zde \u00f6rneklerinin sergilendi\u011fi \u0130stanbul Oyuncak M\u00fczesi\u2019nde bir araya gelmi\u015f ve Sanatla Randevu projelerimizi payla\u015fm\u0131\u015ft\u0131k. Birlikte organize etti\u011fimiz toplant\u0131larda kendisini daha yak\u0131ndan tan\u0131ma f\u0131rsat\u0131 bulurken hepimizin bildi\u011fi \u015fair, yazar, gazeteci, ara\u015ft\u0131rmac\u0131 ve tiyatro oyuncusu [&hellip;]<\/p>\n","protected":false},"author":1,"featured_media":7900,"comment_status":"open","ping_status":"open","sticky":false,"template":"","format":"standard","meta":{"footnotes":""},"categories":[99,101],"tags":[],"class_list":["post-6910","post","type-post","status-publish","format-standard","has-post-thumbnail","hentry","category-roportajlar","category-sanata-dair"],"_links":{"self":[{"href":"https:\/\/www.sanatlarandevu.com\/index.php?rest_route=\/wp\/v2\/posts\/6910","targetHints":{"allow":["GET"]}}],"collection":[{"href":"https:\/\/www.sanatlarandevu.com\/index.php?rest_route=\/wp\/v2\/posts"}],"about":[{"href":"https:\/\/www.sanatlarandevu.com\/index.php?rest_route=\/wp\/v2\/types\/post"}],"author":[{"embeddable":true,"href":"https:\/\/www.sanatlarandevu.com\/index.php?rest_route=\/wp\/v2\/users\/1"}],"replies":[{"embeddable":true,"href":"https:\/\/www.sanatlarandevu.com\/index.php?rest_route=%2Fwp%2Fv2%2Fcomments&post=6910"}],"version-history":[{"count":4,"href":"https:\/\/www.sanatlarandevu.com\/index.php?rest_route=\/wp\/v2\/posts\/6910\/revisions"}],"predecessor-version":[{"id":7901,"href":"https:\/\/www.sanatlarandevu.com\/index.php?rest_route=\/wp\/v2\/posts\/6910\/revisions\/7901"}],"wp:featuredmedia":[{"embeddable":true,"href":"https:\/\/www.sanatlarandevu.com\/index.php?rest_route=\/wp\/v2\/media\/7900"}],"wp:attachment":[{"href":"https:\/\/www.sanatlarandevu.com\/index.php?rest_route=%2Fwp%2Fv2%2Fmedia&parent=6910"}],"wp:term":[{"taxonomy":"category","embeddable":true,"href":"https:\/\/www.sanatlarandevu.com\/index.php?rest_route=%2Fwp%2Fv2%2Fcategories&post=6910"},{"taxonomy":"post_tag","embeddable":true,"href":"https:\/\/www.sanatlarandevu.com\/index.php?rest_route=%2Fwp%2Fv2%2Ftags&post=6910"}],"curies":[{"name":"wp","href":"https:\/\/api.w.org\/{rel}","templated":true}]}}