{"id":6911,"date":"2024-03-08T13:58:08","date_gmt":"2024-03-08T13:58:08","guid":{"rendered":"https:\/\/ww2.sanatlarandevu.com\/genc-grafik-tasarimcisi-burak-vardar-ile-sanati-uzerine-soylesi\/"},"modified":"2024-03-12T11:49:25","modified_gmt":"2024-03-12T11:49:25","slug":"genc-grafik-tasarimcisi-burak-vardar-ile-sanati-uzerine-soylesi","status":"publish","type":"post","link":"https:\/\/www.sanatlarandevu.com\/?p=6911","title":{"rendered":"Gen\u00e7 Grafik Tasar\u0131mc\u0131s\u0131 Burak Vardar ile Sanat\u0131 \u00dczerine S\u00f6yle\u015fi"},"content":{"rendered":"<h5>BURAK VARDAR \u00c7ok gen\u00e7 bir grafik tasar\u0131mc\u0131<\/h5>\n<p><img loading=\"lazy\" decoding=\"async\" class=\"alignnone size-medium wp-image-7736\" src=\"https:\/\/www.sanatlarandevu.com\/wp-content\/uploads\/2024\/03\/Burak-Vardar-300x300.jpg\" alt=\"\" width=\"300\" height=\"300\" srcset=\"https:\/\/www.sanatlarandevu.com\/wp-content\/uploads\/2024\/03\/Burak-Vardar-300x300.jpg 300w, https:\/\/www.sanatlarandevu.com\/wp-content\/uploads\/2024\/03\/Burak-Vardar-150x150.jpg 150w, https:\/\/www.sanatlarandevu.com\/wp-content\/uploads\/2024\/03\/Burak-Vardar-768x768.jpg 768w, https:\/\/www.sanatlarandevu.com\/wp-content\/uploads\/2024\/03\/Burak-Vardar-600x600.jpg 600w, https:\/\/www.sanatlarandevu.com\/wp-content\/uploads\/2024\/03\/Burak-Vardar-100x100.jpg 100w, https:\/\/www.sanatlarandevu.com\/wp-content\/uploads\/2024\/03\/Burak-Vardar.jpg 804w\" sizes=\"auto, (max-width: 300px) 100vw, 300px\" \/><\/p>\n<p>18 ya\u015f\u0131nda ve 4 y\u0131ld\u0131r grafik tasar\u0131m yap\u0131yor, uluslararas\u0131 MSI CREATOR AWARD&#8217;da \u00fclkemizi temsil eden en gen\u00e7 tasar\u0131mc\u0131; <strong>Burak VARDAR. @artvardar<\/strong> olarak da tan\u0131n\u0131yor. Burak Vardar ile g\u00fcncel sanat\u0131, \u00fcretim prati\u011fi ve projeleri \u00fczerine konu\u015ftuk.<\/p>\n<p><img loading=\"lazy\" decoding=\"async\" class=\"alignnone size-medium wp-image-7740\" src=\"https:\/\/www.sanatlarandevu.com\/wp-content\/uploads\/2024\/03\/Burak-Vardar4-239x300.jpg\" alt=\"\" width=\"239\" height=\"300\" srcset=\"https:\/\/www.sanatlarandevu.com\/wp-content\/uploads\/2024\/03\/Burak-Vardar4-239x300.jpg 239w, https:\/\/www.sanatlarandevu.com\/wp-content\/uploads\/2024\/03\/Burak-Vardar4-817x1024.jpg 817w, https:\/\/www.sanatlarandevu.com\/wp-content\/uploads\/2024\/03\/Burak-Vardar4-768x962.jpg 768w, https:\/\/www.sanatlarandevu.com\/wp-content\/uploads\/2024\/03\/Burak-Vardar4-600x752.jpg 600w, https:\/\/www.sanatlarandevu.com\/wp-content\/uploads\/2024\/03\/Burak-Vardar4.jpg 1079w\" sizes=\"auto, (max-width: 239px) 100vw, 239px\" \/><\/p>\n<ul>\n<li><strong>\u00d6ncelikle sizi ve sanat\u0131n\u0131z\u0131 daha iyi anlayabilmemiz i\u00e7in, kendinizden bahseder misiniz?<\/strong>Merhaba ben Burak Vardar di\u011fer bir deyi\u015fle <strong>artvardar<\/strong>, 18 ya\u015f\u0131nday\u0131m ve yakla\u015f\u0131k 4 y\u0131ld\u0131r grafik tasar\u0131m ile u\u011fra\u015f\u0131yorum. Gezmeyi ve hayal kurmay\u0131 \u00e7ok seven bir insan\u0131m. Grafik tasar\u0131ma olan d\u00fc\u015fk\u00fcnl\u00fc\u011f\u00fcm lise hayat\u0131mda yine bu i\u015fi yapan \u00fcstadlar\u0131m\u0131n eserlerini g\u00f6r\u00fcnce ba\u015flad\u0131. Hayal kurmay\u0131 \u00e7ok seven biri olarak hayallerim ile ger\u00e7e\u011fi ince bir k\u00f6pr\u00fc ile birle\u015ftirdi\u011fim grafik tasar\u0131m alan\u0131na bu sayede ba\u015flad\u0131m. A\u015f\u0131r\u0131 merakl\u0131 bir tip oldu\u011fumdan bu alanda h\u0131zl\u0131 bir ilerleme kaydettim. Sanat\u0131mda ise her zaman hayal ile ger\u00e7ekli\u011fi bir araya getirmeye \u00e7al\u0131\u015ft\u0131m. Ne sadece hayal ile ne de sadece ger\u00e7ek ile bir i\u015fim olmad\u0131. Bana g\u00f6re yapt\u0131\u011f\u0131m \u015fey sadece hayalimi ger\u00e7e\u011fe d\u00f6n\u00fc\u015ft\u00fcrmekti. Belkide bu y\u00fczden bu i\u015fi yapmay\u0131 ger\u00e7ekten \u00e7ok seviyorum.<\/li>\n<\/ul>\n<p><img loading=\"lazy\" decoding=\"async\" class=\"alignnone size-medium wp-image-7743\" src=\"https:\/\/www.sanatlarandevu.com\/wp-content\/uploads\/2024\/03\/Burak-Vardar5-240x300.jpg\" alt=\"\" width=\"240\" height=\"300\" srcset=\"https:\/\/www.sanatlarandevu.com\/wp-content\/uploads\/2024\/03\/Burak-Vardar5-240x300.jpg 240w, https:\/\/www.sanatlarandevu.com\/wp-content\/uploads\/2024\/03\/Burak-Vardar5-818x1024.jpg 818w, https:\/\/www.sanatlarandevu.com\/wp-content\/uploads\/2024\/03\/Burak-Vardar5-768x962.jpg 768w, https:\/\/www.sanatlarandevu.com\/wp-content\/uploads\/2024\/03\/Burak-Vardar5-600x751.jpg 600w, https:\/\/www.sanatlarandevu.com\/wp-content\/uploads\/2024\/03\/Burak-Vardar5.jpg 1078w\" sizes=\"auto, (max-width: 240px) 100vw, 240px\" \/><\/p>\n<ul>\n<li><strong>\u00c7ok gen\u00e7siniz, uluslararas\u0131 bir yar\u0131\u015fmada T\u00fcrkiye\u2019yi temsil ettiniz. Kendinizi nas\u0131l geli\u015ftirdiniz?<\/strong>4 y\u0131l boyunca yapt\u0131\u011f\u0131m b\u00fcy\u00fckl\u00fc, ufakl\u0131 i\u015flerden \u015funu \u00e7ok iyi anlad\u0131m: Biz insanlar ger\u00e7ekten sevdi\u011fimiz, bize mutluluk, heyecan veren i\u015flerde \u00e7ok ba\u015far\u0131l\u0131y\u0131z. \u00c7\u00fcnk\u00fc bu tip i\u015flerde bizi durdurabilecek bir g\u00fc\u00e7 olmuyor. Zaman\u0131n nas\u0131l ge\u00e7ti\u011fini anlam\u0131yoruz, bize gelen k\u00f6t\u00fc ve haks\u0131z ele\u015ftirileri dikkate alm\u0131yoruz, sadece bize mutluluk veren i\u015fimize odaklan\u0131yoruz ve zaman ge\u00e7tik\u00e7e geli\u015fiyoruz. Ben de tasar\u0131m\u0131 ger\u00e7ekten \u00e7ok seviyorum, bu sebeple kendimi geli\u015ftirmek bana mutluluk veriyor. S\u00fcrekli benden daha tecr\u00fcbeli abilerimin eserlerini inceledim, onlar\u0131 dinledim, takip ettim. Gezmeyi seven bir insan oldu\u011fum i\u00e7in hem sanat alan\u0131nda, hem de ba\u015fka alanlarda bir\u00e7ok eseri yerinde inceleyip ufak ufak notlar \u00e7\u0131kard\u0131m. Belki de bu sayede bu kadar gen\u00e7 ya\u015f\u0131ma ra\u011fmen \u00fclkemi temsil etme gururuna sahip olabildim.<\/li>\n<\/ul>\n<ul>\n<li><strong>Tasar\u0131m s\u00fcreciniz nas\u0131l i\u015fliyor?<\/strong>Bence bizim tasar\u0131mlar\u0131m\u0131zda etkileyicilik \u00f6n planda olmal\u0131. \u0130nsanlar bizim eserlerimizi g\u00f6r\u00fcnce hemen sayfay\u0131 ge\u00e7memeli tam tersine eserlerimiz onlar\u0131 \u015fa\u015f\u0131rtmal\u0131, mutlu etmeli.<br \/>\nBundan dolay\u0131 ben tasar\u0131mlar\u0131m\u0131 3 a\u015famada yapar\u0131m:<br \/>\n1.a\u015fama hayal a\u015famas\u0131d\u0131r; bu a\u015famada bir hayalimi d\u00fc\u015f\u00fcn\u00fcr\u00fcm, etkileyici ve benim gibi bir\u00e7ok insana mutluluk verecek hayal.<br \/>\n2.a\u015fama ise ger\u00e7eklik a\u015famas\u0131d\u0131r; \u00e7\u00fcnk\u00fc benim as\u0131l i\u015fim bence hayalleri ger\u00e7e\u011fe d\u00f6n\u00fc\u015ft\u00fcrebilmektir, bu a\u015famada eserim i\u00e7in gerekli foto\u011fraflar\u0131 haz\u0131rlar ve onu en iyi \u015fekilde ger\u00e7ek ile birle\u015ftiririm.<br \/>\n3.a\u015fama ise son a\u015famamd\u0131r; eserim ortaya \u00e7\u0131kt\u0131\u011f\u0131 bu a\u015fama beni en mutlu eden a\u015famad\u0131r<\/li>\n<\/ul>\n<p><img loading=\"lazy\" decoding=\"async\" class=\"alignnone size-medium wp-image-7745\" src=\"https:\/\/www.sanatlarandevu.com\/wp-content\/uploads\/2024\/03\/Burak-Vardar2-239x300.jpg\" alt=\"\" width=\"239\" height=\"300\" srcset=\"https:\/\/www.sanatlarandevu.com\/wp-content\/uploads\/2024\/03\/Burak-Vardar2-239x300.jpg 239w, https:\/\/www.sanatlarandevu.com\/wp-content\/uploads\/2024\/03\/Burak-Vardar2-815x1024.jpg 815w, https:\/\/www.sanatlarandevu.com\/wp-content\/uploads\/2024\/03\/Burak-Vardar2-768x966.jpg 768w, https:\/\/www.sanatlarandevu.com\/wp-content\/uploads\/2024\/03\/Burak-Vardar2-600x754.jpg 600w, https:\/\/www.sanatlarandevu.com\/wp-content\/uploads\/2024\/03\/Burak-Vardar2.jpg 1077w\" sizes=\"auto, (max-width: 239px) 100vw, 239px\" \/><\/p>\n<ul>\n<li><strong>\u00c7al\u0131\u015fmalar\u0131n\u0131z\u0131 nas\u0131l tan\u0131ml\u0131yorsunuz?<\/strong>\u0130lk g\u00f6r\u00fc\u015fte insan\u0131 bir duraklatmal\u0131 ve bakt\u0131k\u00e7a ona mutlulu\u011fu, hayallerini vermeli. Eserim kendisi ile \u00e7eli\u015fmemeli ve her kesim insana hitap edebilmeli. Hayal ile ger\u00e7e\u011fi tam k\u0131vamda bir arada bulundurmal\u0131 ve her ne olursa olsun tek bir konuyu \u00e7a\u011fr\u0131\u015ft\u0131rmamal\u0131. Her ne kadar sade tasar\u0131mlar sevsemde insanlara bir \u00e7ok anlam \u00e7a\u011fr\u0131\u015ft\u0131rmal\u0131 \u00e7\u00fcnk\u00fc biz insanlar sevdi\u011fimiz, de\u011fer verdi\u011fimiz e\u015fyalara ve canl\u0131lara anlam y\u00fckleriz, bence bizim i\u00e7in de\u011ferli olan o anlamd\u0131r, bu sebeple eserim bir\u00e7ok anlama a\u00e7\u0131k olmal\u0131.<\/li>\n<\/ul>\n<p><img loading=\"lazy\" decoding=\"async\" class=\"alignnone size-medium wp-image-7748\" src=\"https:\/\/www.sanatlarandevu.com\/wp-content\/uploads\/2024\/03\/Burak-Vardar1-239x300.jpg\" alt=\"\" width=\"239\" height=\"300\" srcset=\"https:\/\/www.sanatlarandevu.com\/wp-content\/uploads\/2024\/03\/Burak-Vardar1-239x300.jpg 239w, https:\/\/www.sanatlarandevu.com\/wp-content\/uploads\/2024\/03\/Burak-Vardar1-817x1024.jpg 817w, https:\/\/www.sanatlarandevu.com\/wp-content\/uploads\/2024\/03\/Burak-Vardar1-768x963.jpg 768w, https:\/\/www.sanatlarandevu.com\/wp-content\/uploads\/2024\/03\/Burak-Vardar1-600x752.jpg 600w, https:\/\/www.sanatlarandevu.com\/wp-content\/uploads\/2024\/03\/Burak-Vardar1.jpg 1077w\" sizes=\"auto, (max-width: 239px) 100vw, 239px\" \/><\/p>\n<ul>\n<li><strong>Sizce Dijital Sanat\u2019\u0131 gelecekte neler bekliyor?<\/strong>Teknoloji h\u0131zla geli\u015ftik\u00e7e hayat\u0131m\u0131za yeni bulu\u015flar, icatlar giriyor. Dijital sanat ta bunlardan biri, Genel olarak sanat\u0131n i\u015fi hi\u00e7bir zaman kolay olmam\u0131\u015ft\u0131r. \u00c7\u00fcnk\u00fc sanat her ne olursa olsun ger\u00e7e\u011fi harmanlayan bir yap\u0131ya sahiptir. Ger\u00e7ekle i\u015fi olmayan\u0131n sanatla da i\u015fi olmaz bence ve t\u00fcm ger\u00e7e\u011fi ilgi alan\u0131na alan sanat baz\u0131 kesimler taraf\u0131ndan her zaman engellenmeye \u00e7al\u0131\u015f\u0131lacakt\u0131r. Lakin bu \u00e7al\u0131\u015fma ister dijital sanat olsun ister sanat\u0131n ba\u015fka dallar\u0131 olsun bence ba\u015far\u0131l\u0131 olamayacakt\u0131r.Ben dijital sanat\u0131n gelece\u011fini \u00e7ok a\u00e7\u0131k g\u00f6renlerdenim, h\u0131zla ilerleyen teknolojimiz dijital sanat\u0131 da ivmeli bir \u015fekilde y\u00fckseltecektir.<\/li>\n<\/ul>\n<p>&nbsp;<\/p>\n<ul>\n<li><strong>Dijital Sanat&#8217;a yeni ba\u015flayan gen\u00e7lere ne \u00f6nerirsiniz?<\/strong>Sanat bir yolculuktur ve yolculu\u011fun en iyisi, kral\u0131 olmaz. Bu alana gelen ya\u015f\u0131tlar\u0131m veya abilerim sab\u0131rl\u0131 olsunlar ve asla yapt\u0131klar\u0131 i\u015fi maddi a\u00e7\u0131dan d\u00fc\u015f\u00fcnmesinler.Bu alanda tecr\u00fcbeli ki\u015filer ile konu\u015fabilir ve onlardan yard\u0131m alabilirler. Bizim tek ba\u015far\u0131m\u0131z hayat\u0131m\u0131z boyunca devam edecek bu yola bir imza b\u0131rakabilmektir, bu y\u00fczden genel yan\u0131lg\u0131ya d\u00fc\u015f\u00fcp ben yapam\u0131yorum demek yerine zamanla tecr\u00fcbe kazan\u0131p yapt\u0131m diyebilmeliler. Hi\u00e7bir ele\u015ftiriyi kabul etmemek yerine ger\u00e7ekten gelen ele\u015ftirileri kabul etmeli ve de\u011fi\u015fime a\u00e7\u0131k olmal\u0131lar. Unutulmamal\u0131 ki sanat bir bilim de\u011fil ve kesin do\u011frular\u0131 yok bu y\u00fczden hata yapmaktan korkmas\u0131nlar ileride anlayacaklar ki onlara tecr\u00fcbeyi veren yapt\u0131klar\u0131 hatalard\u0131r.<\/li>\n<\/ul>\n<p>&nbsp;<\/p>\n<p><strong>R\u00f6portaj: Ay\u015fe KAYNARCALI \/ Sanatla Randevu Kurucu Orta\u011f\u0131<\/strong><\/p>\n","protected":false},"excerpt":{"rendered":"<p>BURAK VARDAR \u00c7ok gen\u00e7 bir grafik tasar\u0131mc\u0131 18 ya\u015f\u0131nda ve 4 y\u0131ld\u0131r grafik tasar\u0131m yap\u0131yor, uluslararas\u0131 MSI CREATOR AWARD&#8217;da \u00fclkemizi temsil eden en gen\u00e7 tasar\u0131mc\u0131; Burak VARDAR. @artvardar olarak da tan\u0131n\u0131yor. Burak Vardar ile g\u00fcncel sanat\u0131, \u00fcretim prati\u011fi ve projeleri \u00fczerine konu\u015ftuk. \u00d6ncelikle sizi ve sanat\u0131n\u0131z\u0131 daha iyi anlayabilmemiz i\u00e7in, kendinizden bahseder misiniz?Merhaba ben Burak [&hellip;]<\/p>\n","protected":false},"author":1,"featured_media":7902,"comment_status":"open","ping_status":"open","sticky":false,"template":"","format":"standard","meta":{"footnotes":""},"categories":[99,101],"tags":[],"class_list":["post-6911","post","type-post","status-publish","format-standard","has-post-thumbnail","hentry","category-roportajlar","category-sanata-dair"],"_links":{"self":[{"href":"https:\/\/www.sanatlarandevu.com\/index.php?rest_route=\/wp\/v2\/posts\/6911","targetHints":{"allow":["GET"]}}],"collection":[{"href":"https:\/\/www.sanatlarandevu.com\/index.php?rest_route=\/wp\/v2\/posts"}],"about":[{"href":"https:\/\/www.sanatlarandevu.com\/index.php?rest_route=\/wp\/v2\/types\/post"}],"author":[{"embeddable":true,"href":"https:\/\/www.sanatlarandevu.com\/index.php?rest_route=\/wp\/v2\/users\/1"}],"replies":[{"embeddable":true,"href":"https:\/\/www.sanatlarandevu.com\/index.php?rest_route=%2Fwp%2Fv2%2Fcomments&post=6911"}],"version-history":[{"count":3,"href":"https:\/\/www.sanatlarandevu.com\/index.php?rest_route=\/wp\/v2\/posts\/6911\/revisions"}],"predecessor-version":[{"id":7903,"href":"https:\/\/www.sanatlarandevu.com\/index.php?rest_route=\/wp\/v2\/posts\/6911\/revisions\/7903"}],"wp:featuredmedia":[{"embeddable":true,"href":"https:\/\/www.sanatlarandevu.com\/index.php?rest_route=\/wp\/v2\/media\/7902"}],"wp:attachment":[{"href":"https:\/\/www.sanatlarandevu.com\/index.php?rest_route=%2Fwp%2Fv2%2Fmedia&parent=6911"}],"wp:term":[{"taxonomy":"category","embeddable":true,"href":"https:\/\/www.sanatlarandevu.com\/index.php?rest_route=%2Fwp%2Fv2%2Fcategories&post=6911"},{"taxonomy":"post_tag","embeddable":true,"href":"https:\/\/www.sanatlarandevu.com\/index.php?rest_route=%2Fwp%2Fv2%2Ftags&post=6911"}],"curies":[{"name":"wp","href":"https:\/\/api.w.org\/{rel}","templated":true}]}}