{"id":6912,"date":"2024-03-08T13:58:08","date_gmt":"2024-03-08T13:58:08","guid":{"rendered":"https:\/\/ww2.sanatlarandevu.com\/aslihan-sondrio-ile-sanati-ve-projeleri-uzerine-konustuk\/"},"modified":"2024-03-12T11:50:08","modified_gmt":"2024-03-12T11:50:08","slug":"aslihan-sondrio-ile-sanati-ve-projeleri-uzerine-konustuk","status":"publish","type":"post","link":"https:\/\/www.sanatlarandevu.com\/?p=6912","title":{"rendered":"Asl\u0131han Sondrio \u0130le Sanat\u0131 ve Projeleri \u00dczerine Konu\u015ftuk"},"content":{"rendered":"<h5>ASLIHAN SONDR\u0130O \u0130le Sanat\u0131 ve Projeleri \u00dczerine S\u00f6yle\u015fi<br \/>\n<img loading=\"lazy\" decoding=\"async\" class=\"alignnone size-medium wp-image-7715\" src=\"https:\/\/www.sanatlarandevu.com\/wp-content\/uploads\/2024\/03\/Aslihan-Sondrio4-169x300.jpg\" alt=\"\" width=\"169\" height=\"300\" srcset=\"https:\/\/www.sanatlarandevu.com\/wp-content\/uploads\/2024\/03\/Aslihan-Sondrio4-169x300.jpg 169w, https:\/\/www.sanatlarandevu.com\/wp-content\/uploads\/2024\/03\/Aslihan-Sondrio4-577x1024.jpg 577w, https:\/\/www.sanatlarandevu.com\/wp-content\/uploads\/2024\/03\/Aslihan-Sondrio4-768x1364.jpg 768w, https:\/\/www.sanatlarandevu.com\/wp-content\/uploads\/2024\/03\/Aslihan-Sondrio4-865x1536.jpg 865w, https:\/\/www.sanatlarandevu.com\/wp-content\/uploads\/2024\/03\/Aslihan-Sondrio4-600x1066.jpg 600w, https:\/\/www.sanatlarandevu.com\/wp-content\/uploads\/2024\/03\/Aslihan-Sondrio4.jpg 938w\" sizes=\"auto, (max-width: 169px) 100vw, 169px\" \/><\/h5>\n<p><strong>Asl\u0131han Sondrio<\/strong>, BELS\u2019den University of Cambridge\u2019in IGCSE sertifikalar\u0131yla ve Uluslararas\u0131 Bakalorya Diploma Program\u0131\u2019nda G\u00f6rsel Sanatlar (IBDP High Level Visual Arts) okuyarak, \u201c<em>G\u00f6rme Engelleri: Frans\u0131z Empresyonizminin Arkas\u0131ndaki S\u0131r<\/em>\u201d ba\u015fl\u0131kl\u0131 tezi ile mezun oldu. 2015 y\u0131l\u0131nda ilk sergisi olan \u201c<strong>Kaos<\/strong>\u201d ger\u00e7ekle\u015ftikten sonra Milano Politecnico \u00dcniversitesinde Mimarl\u0131k B\u00f6l\u00fcm\u00fcn\u00fc kazanmas\u0131yla \u0130talya\u2019ya ta\u015f\u0131nd\u0131. \u015eu anda Milano Brera G\u00fczel Sanatlar Akademisinde Resim B\u00f6l\u00fcm\u00fcndedir ve ikinci sergisi \u201c<strong>Kosmos<\/strong>\u201d i\u00e7in haz\u0131rlanmaktad\u0131r. Profesyonel sanat\u00e7\u0131l\u0131\u011f\u0131n yan\u0131 s\u0131ra, bir \u00e7ok k\u00fclt\u00fcr sanat, aile e\u011fitim merkezinde sanat tarihi i\u00e7erikli at\u00f6lyeler ger\u00e7ekle\u015ftirmi\u015ftir. Seminerlerini T\u00fcrkiye\u2019de online olarak \u00e7e\u015fitli platformlarda devam ettirmektedir.<\/p>\n<p><strong>Kendinizi nas\u0131l tan\u0131mlars\u0131n\u0131z?<\/strong><\/p>\n<ul>\n<li>Kendimi her \u015feyden \u00f6nce bir sanat\u00e7\u0131, daha sonra da sanat\u0131n yer ald\u0131\u011f\u0131 her konuyu ara\u015ft\u0131ran ve bilgilerini aktaran bir anlat\u0131c\u0131 olarak g\u00f6r\u00fcyorum. 24 ya\u015f\u0131nday\u0131m, aslen \u0130stanbul&#8217;luyum ve yakla\u015f\u0131k 6 y\u0131ld\u0131r Milano\u2019da ya\u015f\u0131yorum.<\/li>\n<\/ul>\n<p>&nbsp;<\/p>\n<ul>\n<li><strong>Neden Milano?<\/strong>\u0130talya\u2019ya kendimi bildim bileli bir yak\u0131nl\u0131k hissettim. \u00c7ocuklu\u011fumun ba\u015f\u0131ndan beri ailem hep yurt d\u0131\u015f\u0131nda okumam\u0131 ve orada hayat kurmam\u0131 \u00f6ng\u00f6rerek hareket etmi\u015fti. Avrupa\u2019daki sanat ve tasar\u0131m okullar\u0131n\u0131 ara\u015ft\u0131r\u0131rken Milano Politeknik \u00dcniversitesi kar\u015f\u0131ma \u00e7\u0131kt\u0131, Mimarl\u0131k as\u0131l tutkum olmamas\u0131na ra\u011fmen \u0130talya\u2019n\u0131n \u00e7ekicili\u011fine kap\u0131larak buraya gelebilmek i\u00e7in her \u015feyi yapt\u0131m. Bilmedi\u011fim, Milano\u2019nun tipik bir \u0130talyan \u015fehri olmad\u0131\u011f\u0131yd\u0131 ama ona da al\u0131\u015ft\u0131m art\u0131k! Okumak i\u00e7in geldi\u011fim bu \u015fehir, daha sonra i\u015f hayat\u0131 nedeniyle, daha sonras\u0131nda ise yeni kurdu\u011fum ailem nedeniyle kald\u0131\u011f\u0131m evime d\u00f6n\u00fc\u015ft\u00fc.<\/li>\n<\/ul>\n<p>&nbsp;<\/p>\n<ul>\n<li><strong>\u0130talya\u2019da hayat nas\u0131l? <\/strong>\u0130talya\u2019da hayat, e\u011fer \u00e7al\u0131\u015fmaktan ya\u015famaya zaman ay\u0131rabiliyorsan\u0131z ger\u00e7ekten \u00e7ok g\u00fczel. Bu \u00fclke de bizim \u00fclkemiz gibi \u00e7e\u015fitlili\u011fe sahip; g\u00f6recek, tadacak, yapacak \u015fey \u00e7ok. Tabii, T\u00fcrkiye\u2019yi \u00f6zlemiyorum da de\u011fil. B\u00fcrokratik bir i\u015finiz \u00e7\u0131kmad\u0131\u011f\u0131 s\u00fcrece, \u0130talya bir cennet, \u00e7\u0131kt\u0131\u011f\u0131nda ise&#8230; felaket!<br \/>\nKarantina g\u00fcnlerini atlatabilmek i\u00e7in Cinque Terre\u2019ye ta\u015f\u0131nm\u0131\u015ft\u0131k, fakat bu d\u00f6nemde, insan\u0131n nerede oldu\u011fu ger\u00e7ekten \u00f6nemsiz, \u00e7\u00fcnk\u00fc hangi \u015fehirde olursak olal\u0131m hepimiz evdeyiz!<\/li>\n<\/ul>\n<p>&nbsp;<\/p>\n<ul>\n<li><strong>Sanat a\u015fk\u0131n\u0131z ne zaman ba\u015flad\u0131? <\/strong>Sanat a\u015fk\u0131m kendimi bildim bileli var. K\u00fc\u00e7\u00fckken evimizin duvarlar\u0131ndan tutun, kendime kadar her \u015feyi boyar, \u00e7izermi\u015fim, annem halen anlat\u0131r. Her zaman \u00e7izim yapard\u0131m ama ilk ger\u00e7ek tablomu 14 ya\u015f\u0131ndayken yapt\u0131m; akrilik boyayla tan\u0131\u015fmam b\u00f6yle oldu, o zamandan beri yerini ba\u015fka hi\u00e7 bir materyal tutmuyor benim i\u00e7in. Sanat\u00e7\u0131lar\u0131n hikayeleri, hayatlar\u0131 da daima ilgimi \u00e7ok \u00e7ekerdi ve bo\u015f zamanlar\u0131mda ilgiyle ara\u015ft\u0131r\u0131rd\u0131m, \u00fczerine d\u00fc\u015f\u00fcn\u00fcrd\u00fcm.<\/li>\n<\/ul>\n<p>&nbsp;<\/p>\n<ul>\n<li><strong>Milano\u2019da ya\u015faman\u0131n sanat\u0131n\u0131za katk\u0131s\u0131 ne oldu? <\/strong>Milano\u2019da ya\u015faman\u0131n, sanat tarihinde daha az tan\u0131nan \u0130talyan sanat\u00e7\u0131lar\u0131 tan\u0131mama sebep olmas\u0131n\u0131n yan\u0131 s\u0131ra estetik anlay\u0131\u015f\u0131m\u0131 daha da geli\u015ftirmeye \u00e7ok katk\u0131s\u0131 oldu. Tabii buras\u0131 modan\u0131n \u015fehri. Benim i\u00e7in moda, stil hepsi sanat ba\u015fl\u0131\u011f\u0131 alt\u0131nda, hepsi estetik anlay\u0131\u015f\u0131na ve zevke ba\u011fl\u0131 \u00e7\u00fcnk\u00fc.<\/li>\n<\/ul>\n<p><img loading=\"lazy\" decoding=\"async\" class=\"alignnone size-medium wp-image-7719\" src=\"https:\/\/www.sanatlarandevu.com\/wp-content\/uploads\/2024\/03\/Aslihan-Sondrio-Resim-Calismasi3-scaled-1-215x300.jpg\" alt=\"\" width=\"215\" height=\"300\" srcset=\"https:\/\/www.sanatlarandevu.com\/wp-content\/uploads\/2024\/03\/Aslihan-Sondrio-Resim-Calismasi3-scaled-1-215x300.jpg 215w, https:\/\/www.sanatlarandevu.com\/wp-content\/uploads\/2024\/03\/Aslihan-Sondrio-Resim-Calismasi3-scaled-1-735x1024.jpg 735w, https:\/\/www.sanatlarandevu.com\/wp-content\/uploads\/2024\/03\/Aslihan-Sondrio-Resim-Calismasi3-scaled-1-768x1070.jpg 768w, https:\/\/www.sanatlarandevu.com\/wp-content\/uploads\/2024\/03\/Aslihan-Sondrio-Resim-Calismasi3-scaled-1-1103x1536.jpg 1103w, https:\/\/www.sanatlarandevu.com\/wp-content\/uploads\/2024\/03\/Aslihan-Sondrio-Resim-Calismasi3-scaled-1-1470x2048.jpg 1470w, https:\/\/www.sanatlarandevu.com\/wp-content\/uploads\/2024\/03\/Aslihan-Sondrio-Resim-Calismasi3-scaled-1-600x836.jpg 600w, https:\/\/www.sanatlarandevu.com\/wp-content\/uploads\/2024\/03\/Aslihan-Sondrio-Resim-Calismasi3-scaled-1.jpg 1838w\" sizes=\"auto, (max-width: 215px) 100vw, 215px\" \/><\/p>\n<ul>\n<li><strong>Tablolar\u0131n\u0131z \u00e7ok renkli. T\u00fcm bu renkler size ne ifade ediyor?<\/strong>\u0130lk tablolar\u0131mda bu kadar \u00e7ok renk yoktu; daha siyahlar, koyu maviler, k\u0131rm\u0131z\u0131lar s\u00f6z konusuydu, daha k\u0131s\u0131tl\u0131 bir renk paletim vard\u0131, diyelim. Bu renklilik son bir ka\u00e7 y\u0131ld\u0131r var, ve san\u0131r\u0131m \u00f6zledi\u011fim T\u00fcrkiye ve \u00e7ocuklu\u011fumun rengarenk bah\u00e7elerinden, do\u011fas\u0131ndan geliyor.<\/li>\n<\/ul>\n<p><img loading=\"lazy\" decoding=\"async\" class=\"alignnone size-medium wp-image-7723\" src=\"https:\/\/www.sanatlarandevu.com\/wp-content\/uploads\/2024\/03\/Aslihan-Sondrio-Resim-Calismasi1-scaled-1-300x300.jpg\" alt=\"\" width=\"300\" height=\"300\" srcset=\"https:\/\/www.sanatlarandevu.com\/wp-content\/uploads\/2024\/03\/Aslihan-Sondrio-Resim-Calismasi1-scaled-1-300x300.jpg 300w, https:\/\/www.sanatlarandevu.com\/wp-content\/uploads\/2024\/03\/Aslihan-Sondrio-Resim-Calismasi1-scaled-1-1024x1024.jpg 1024w, https:\/\/www.sanatlarandevu.com\/wp-content\/uploads\/2024\/03\/Aslihan-Sondrio-Resim-Calismasi1-scaled-1-150x150.jpg 150w, https:\/\/www.sanatlarandevu.com\/wp-content\/uploads\/2024\/03\/Aslihan-Sondrio-Resim-Calismasi1-scaled-1-768x768.jpg 768w, https:\/\/www.sanatlarandevu.com\/wp-content\/uploads\/2024\/03\/Aslihan-Sondrio-Resim-Calismasi1-scaled-1-1536x1536.jpg 1536w, https:\/\/www.sanatlarandevu.com\/wp-content\/uploads\/2024\/03\/Aslihan-Sondrio-Resim-Calismasi1-scaled-1-2048x2048.jpg 2048w, https:\/\/www.sanatlarandevu.com\/wp-content\/uploads\/2024\/03\/Aslihan-Sondrio-Resim-Calismasi1-scaled-1-600x600.jpg 600w, https:\/\/www.sanatlarandevu.com\/wp-content\/uploads\/2024\/03\/Aslihan-Sondrio-Resim-Calismasi1-scaled-1-100x100.jpg 100w\" sizes=\"auto, (max-width: 300px) 100vw, 300px\" \/><\/p>\n<ul>\n<li><strong>\u0130lk serginizin ard\u0131ndan, 2. sergi haz\u0131rl\u0131klar\u0131 var m\u0131?<\/strong>\u0130lk sergimi T\u00fcrkiye\u2019den ayr\u0131lmadan hemen \u00f6nce ger\u00e7ekle\u015ftirmi\u015ftim. \u015eu anda ikinci sergim i\u00e7in haz\u0131rlanmaktay\u0131m. Pandemiden hemen \u00f6nce Milano\u2019da bir galeri ile anla\u015fm\u0131\u015ft\u0131m, sonra olan biten her \u015fey y\u00fcz\u00fcnden ertelemek zorunda kald\u0131k. Umar\u0131m en k\u0131sa zamanda ger\u00e7ekle\u015ftirebiliriz!<\/li>\n<\/ul>\n<p>&nbsp;<\/p>\n<ul>\n<li><strong>Etkilendi\u011finiz sanat\u00e7\u0131lar var m\u0131?<\/strong>Yirminci y\u00fczy\u0131l\u0131n t\u00fcm b\u00fcy\u00fck sanat\u00e7\u0131lar\u0131 dersem, biraz fazla genel bir cevap olur san\u0131r\u0131m. Ama hepsinin beni etkiledi\u011fini s\u00f6yleyebilirim. Bu aralar neredeyse hi\u00e7 tan\u0131nmayan ama tan\u0131nmas\u0131 gereken Hilma af Klint\u2019in eserleri beni \u00e7ok etkiliyor; zira af Klint soyut sanat\u0131n \u00f6nc\u00fcleri kabul edilen Kandinsky\u2019den, Mondrian\u2019dan seneler \u00f6nce soyut resim yapmaya ba\u015flam\u0131\u015f, fakat hi\u00e7 tan\u0131nmam\u0131\u015f. Onun ele ald\u0131\u011f\u0131 konular ve renklere, \u015fekillere y\u00fckledi\u011fi anlamlar beni \u00e7ok etkiliyor.<\/li>\n<\/ul>\n<p><img loading=\"lazy\" decoding=\"async\" class=\"alignnone size-medium wp-image-7727\" src=\"https:\/\/www.sanatlarandevu.com\/wp-content\/uploads\/2024\/03\/Aslihan-Sondrio-Resim-Calismasi4-scaled-1-300x300.jpg\" alt=\"\" width=\"300\" height=\"300\" srcset=\"https:\/\/www.sanatlarandevu.com\/wp-content\/uploads\/2024\/03\/Aslihan-Sondrio-Resim-Calismasi4-scaled-1-300x300.jpg 300w, https:\/\/www.sanatlarandevu.com\/wp-content\/uploads\/2024\/03\/Aslihan-Sondrio-Resim-Calismasi4-scaled-1-1024x1024.jpg 1024w, https:\/\/www.sanatlarandevu.com\/wp-content\/uploads\/2024\/03\/Aslihan-Sondrio-Resim-Calismasi4-scaled-1-150x150.jpg 150w, https:\/\/www.sanatlarandevu.com\/wp-content\/uploads\/2024\/03\/Aslihan-Sondrio-Resim-Calismasi4-scaled-1-768x768.jpg 768w, https:\/\/www.sanatlarandevu.com\/wp-content\/uploads\/2024\/03\/Aslihan-Sondrio-Resim-Calismasi4-scaled-1-1536x1536.jpg 1536w, https:\/\/www.sanatlarandevu.com\/wp-content\/uploads\/2024\/03\/Aslihan-Sondrio-Resim-Calismasi4-scaled-1-2048x2048.jpg 2048w, https:\/\/www.sanatlarandevu.com\/wp-content\/uploads\/2024\/03\/Aslihan-Sondrio-Resim-Calismasi4-scaled-1-600x600.jpg 600w, https:\/\/www.sanatlarandevu.com\/wp-content\/uploads\/2024\/03\/Aslihan-Sondrio-Resim-Calismasi4-scaled-1-100x100.jpg 100w\" sizes=\"auto, (max-width: 300px) 100vw, 300px\" \/><\/p>\n<ul>\n<li><strong>Tasar\u0131m s\u00fcreciniz nas\u0131l i\u015fliyor? <\/strong>Tasvir edebilece\u011fim bir yol yok. Bazen akl\u0131mda sadece bir renk paleti oluyor. Bir renkle ba\u015fl\u0131yorum; renkler, \u015fekiller ve dokular dengelenene, i\u00e7imden bir ses \u201cTamam, bitti, daha fazla dokunma!\u201d diyene kadar renk, \u015fekil ve doku eklemeye devam ediyorum. San\u0131r\u0131m bu sanat\u00e7\u0131 olsa da olmasa da herkesin bilebilece\u011fi bir hissiyat, bir \u00e7i\u00e7ek buketi de d\u00fczenliyor olabilir insan, ne yapmaya \u00e7al\u0131\u015ft\u0131\u011f\u0131n\u0131 tam olarak bilmeden, ta ki farkl\u0131 renk ve boydaki \u00e7icekler \u201cdengeli\u201d bir buket olu\u015fturana kadar.<\/li>\n<li><strong>Sizin alan\u0131n\u0131zda kendini geli\u015ftirmek isteyen yeni nesil sanat\u00e7\u0131lara ne tavsiye edersiniz?<\/strong>Hata yapmaktan korkmamak. \u00c7ok kli\u015fe oldu belki de ama yeni bir sanat\u00e7\u0131yken insan ister istemez kendini \u00e7ok k\u0131s\u0131tlayabiliyor. Materyal israf etmekten \u00e7ekiniyor, orijinal olmamas\u0131ndan \u00e7ekiniyor, vesaire&#8230; \u00c7ekinmemek, sadece yapmak laz\u0131m. Bu konuda Amerikal\u0131 sanat\u00e7\u0131 Chuck Close\u2019un bir s\u00f6z\u00fc var; \u201c\u0130lham amat\u00f6rler i\u00e7indir. Geri kalan\u0131m\u0131z sadece kalk\u0131p i\u015fe koyuluyoruz. G\u00f6kte bulutlar\u0131n ayr\u0131lmas\u0131n\u0131 ve beyninizde bir \u015fim\u015fe\u011fin \u00e7akmas\u0131n\u0131 beklerseniz, \u00e7ok fazla i\u015f \u00e7\u0131karamazs\u0131n\u0131z. En iyi fikirler s\u00fcre\u00e7ten \u00e7\u0131kar; i\u015fin kendisinden \u00e7\u0131kar.\u201d. Bu beni etkileyen bir s\u00f6z, maalesef ben de her g\u00fcn kalk\u0131p resme koyulamasam da hi\u00e7 de\u011filse daima resim \u00fczerine d\u00fc\u015f\u00fcn\u00fcyorum.<\/li>\n<\/ul>\n<p>&nbsp;<\/p>\n<p><strong>R\u00f6portaj: Ay\u015fe KAYNARCALI \/ Sanatla Randevu Kurucu Orta\u011f\u0131<\/strong><\/p>\n","protected":false},"excerpt":{"rendered":"<p>ASLIHAN SONDR\u0130O \u0130le Sanat\u0131 ve Projeleri \u00dczerine S\u00f6yle\u015fi Asl\u0131han Sondrio, BELS\u2019den University of Cambridge\u2019in IGCSE sertifikalar\u0131yla ve Uluslararas\u0131 Bakalorya Diploma Program\u0131\u2019nda G\u00f6rsel Sanatlar (IBDP High Level Visual Arts) okuyarak, \u201cG\u00f6rme Engelleri: Frans\u0131z Empresyonizminin Arkas\u0131ndaki S\u0131r\u201d ba\u015fl\u0131kl\u0131 tezi ile mezun oldu. 2015 y\u0131l\u0131nda ilk sergisi olan \u201cKaos\u201d ger\u00e7ekle\u015ftikten sonra Milano Politecnico \u00dcniversitesinde Mimarl\u0131k B\u00f6l\u00fcm\u00fcn\u00fc kazanmas\u0131yla \u0130talya\u2019ya [&hellip;]<\/p>\n","protected":false},"author":1,"featured_media":7904,"comment_status":"open","ping_status":"open","sticky":false,"template":"","format":"standard","meta":{"footnotes":""},"categories":[99,101],"tags":[],"class_list":["post-6912","post","type-post","status-publish","format-standard","has-post-thumbnail","hentry","category-roportajlar","category-sanata-dair"],"_links":{"self":[{"href":"https:\/\/www.sanatlarandevu.com\/index.php?rest_route=\/wp\/v2\/posts\/6912","targetHints":{"allow":["GET"]}}],"collection":[{"href":"https:\/\/www.sanatlarandevu.com\/index.php?rest_route=\/wp\/v2\/posts"}],"about":[{"href":"https:\/\/www.sanatlarandevu.com\/index.php?rest_route=\/wp\/v2\/types\/post"}],"author":[{"embeddable":true,"href":"https:\/\/www.sanatlarandevu.com\/index.php?rest_route=\/wp\/v2\/users\/1"}],"replies":[{"embeddable":true,"href":"https:\/\/www.sanatlarandevu.com\/index.php?rest_route=%2Fwp%2Fv2%2Fcomments&post=6912"}],"version-history":[{"count":3,"href":"https:\/\/www.sanatlarandevu.com\/index.php?rest_route=\/wp\/v2\/posts\/6912\/revisions"}],"predecessor-version":[{"id":7905,"href":"https:\/\/www.sanatlarandevu.com\/index.php?rest_route=\/wp\/v2\/posts\/6912\/revisions\/7905"}],"wp:featuredmedia":[{"embeddable":true,"href":"https:\/\/www.sanatlarandevu.com\/index.php?rest_route=\/wp\/v2\/media\/7904"}],"wp:attachment":[{"href":"https:\/\/www.sanatlarandevu.com\/index.php?rest_route=%2Fwp%2Fv2%2Fmedia&parent=6912"}],"wp:term":[{"taxonomy":"category","embeddable":true,"href":"https:\/\/www.sanatlarandevu.com\/index.php?rest_route=%2Fwp%2Fv2%2Fcategories&post=6912"},{"taxonomy":"post_tag","embeddable":true,"href":"https:\/\/www.sanatlarandevu.com\/index.php?rest_route=%2Fwp%2Fv2%2Ftags&post=6912"}],"curies":[{"name":"wp","href":"https:\/\/api.w.org\/{rel}","templated":true}]}}