{"id":6914,"date":"2024-03-08T13:58:08","date_gmt":"2024-03-08T13:58:08","guid":{"rendered":"https:\/\/ww2.sanatlarandevu.com\/okan-ozel-ile-sanati-uzerine-soylesi\/"},"modified":"2024-03-12T11:51:30","modified_gmt":"2024-03-12T11:51:30","slug":"okan-ozel-ile-sanati-uzerine-soylesi","status":"publish","type":"post","link":"https:\/\/www.sanatlarandevu.com\/?p=6914","title":{"rendered":"Okan \u00d6zel \u0130le Sanat\u0131 \u00dczerine S\u00f6yle\u015fi"},"content":{"rendered":"<h5>OKAN \u00d6ZEL&#8221; \u0130le Sanat\u0131 \u00dczerine S\u00f6yle\u015fi<\/h5>\n<h5><img loading=\"lazy\" decoding=\"async\" class=\"alignnone size-medium wp-image-7694\" src=\"https:\/\/www.sanatlarandevu.com\/wp-content\/uploads\/2024\/03\/Okan-Ozel-min-scaled-1-200x300.jpg\" alt=\"\" width=\"200\" height=\"300\" srcset=\"https:\/\/www.sanatlarandevu.com\/wp-content\/uploads\/2024\/03\/Okan-Ozel-min-scaled-1-200x300.jpg 200w, https:\/\/www.sanatlarandevu.com\/wp-content\/uploads\/2024\/03\/Okan-Ozel-min-scaled-1-683x1024.jpg 683w, https:\/\/www.sanatlarandevu.com\/wp-content\/uploads\/2024\/03\/Okan-Ozel-min-scaled-1-768x1152.jpg 768w, https:\/\/www.sanatlarandevu.com\/wp-content\/uploads\/2024\/03\/Okan-Ozel-min-scaled-1-1024x1536.jpg 1024w, https:\/\/www.sanatlarandevu.com\/wp-content\/uploads\/2024\/03\/Okan-Ozel-min-scaled-1-1366x2048.jpg 1366w, https:\/\/www.sanatlarandevu.com\/wp-content\/uploads\/2024\/03\/Okan-Ozel-min-scaled-1-600x900.jpg 600w, https:\/\/www.sanatlarandevu.com\/wp-content\/uploads\/2024\/03\/Okan-Ozel-min-scaled-1.jpg 1707w\" sizes=\"auto, (max-width: 200px) 100vw, 200px\" \/><\/h5>\n<ul>\n<li><strong>\u00d6ncelikle sizi ve sanat\u0131n\u0131z\u0131 daha iyi anlayabilmemiz i\u00e7in, kendinizden bahseder misiniz?<\/strong>Ben Okan, 28 ya\u015f\u0131nday\u0131m. 2011 y\u0131l\u0131ndan beri grafik tasar\u0131m sekt\u00f6r\u00fcnde i\u015fler yapmaya \u00e7al\u0131\u015f\u0131yorum. As\u0131l mesle\u011fim foto\u011fraf\u00e7\u0131l\u0131k. Kendi \u00e7ekti\u011fim foto\u011fraflara edit, color yapmak bana yetmemeye ba\u015flad\u0131\u011f\u0131nda hayal g\u00fcc\u00fcm\u00fc ger\u00e7ekle\u015ftirebilece\u011fim bir alan ararken foto manip\u00fclasyon alan\u0131n\u0131 ke\u015ffettim ve \u00e7ekti\u011fim foto\u011fraflar yerine kendi g\u00f6rmek istedi\u011fim ger\u00e7ekli\u011fi tasarlamak, daha mant\u0131kl\u0131 gelmeye ba\u015flad\u0131 zamanla. K\u0131sacas\u0131 ger\u00e7ekler biraz s\u0131k\u0131c\u0131, o y\u00fczden kendi d\u00fcnyamdaki ger\u00e7e\u011fi tasarlamaya devam ediyorum.<\/li>\n<\/ul>\n<p><img loading=\"lazy\" decoding=\"async\" class=\"alignnone size-medium wp-image-7698\" src=\"https:\/\/www.sanatlarandevu.com\/wp-content\/uploads\/2024\/03\/YENI-POST-copy-240x300.jpg\" alt=\"\" width=\"240\" height=\"300\" srcset=\"https:\/\/www.sanatlarandevu.com\/wp-content\/uploads\/2024\/03\/YENI-POST-copy-240x300.jpg 240w, https:\/\/www.sanatlarandevu.com\/wp-content\/uploads\/2024\/03\/YENI-POST-copy-819x1024.jpg 819w, https:\/\/www.sanatlarandevu.com\/wp-content\/uploads\/2024\/03\/YENI-POST-copy-768x960.jpg 768w, https:\/\/www.sanatlarandevu.com\/wp-content\/uploads\/2024\/03\/YENI-POST-copy-600x750.jpg 600w, https:\/\/www.sanatlarandevu.com\/wp-content\/uploads\/2024\/03\/YENI-POST-copy.jpg 1080w\" sizes=\"auto, (max-width: 240px) 100vw, 240px\" \/><\/p>\n<ul>\n<li><strong>T\u00fcrkiyeyi temsil ettiniz, kendinizi nas\u0131l geli\u015ftirdiniz?<\/strong>Tabii ki \u0130nstagram platformunda olsa b\u00fcy\u00fck bir sayfada payla\u015f\u0131lanlardan biri olmak mutluluk veriyor. Basit g\u00f6rseller haz\u0131rl\u0131yordum ama biraz ara\u015ft\u0131rma yapt\u0131\u011f\u0131mda benden daha iyi, en az\u0131ndan bir \u015feyler anlatan g\u00f6rsellerin yap\u0131ld\u0131\u011f\u0131n\u0131 g\u00f6rd\u00fcm. Daha fazla ara\u015ft\u0131r\u0131p daha farkl\u0131 teknikler ke\u015ffetmeye ba\u015flad\u0131m. \u00c7ok\u00e7a pratik yapt\u0131m diyebilirim ta ki hayal etti\u011fim g\u00f6rselleri \u00e7\u0131karmaya ba\u015flayana kadar. Hala bo\u015f zamanlar\u0131mda ara\u015ft\u0131r\u0131p, takip ederim s\u00fcrreal sanat\u00e7\u0131lar\u0131.<\/li>\n<\/ul>\n<p>&nbsp;<\/p>\n<ul>\n<li><strong>Tasar\u0131m s\u00fcreciniz nas\u0131l i\u015fliyor?<\/strong>G\u00f6rsellerimde bir hikaye anlatma veyahut herhangi bir duyguyu uyand\u0131rma kayg\u0131m oldu\u011fu i\u00e7in en uzun evresi o fikri bulmak oluyor. Bazen g\u00fcndemi takip edip ona g\u00f6re bir g\u00f6rsel haz\u0131rl\u0131yorum, bazen de en b\u00fcy\u00fck kayna\u011f\u0131m r\u00fcyalar\u0131m oluyor. Sonra zaten gerekli foto\u011fraflar\u0131 al\u0131p g\u00fczel bir m\u00fczik listesi ile i\u015fe koyuluyorum.<\/li>\n<\/ul>\n<p><img loading=\"lazy\" decoding=\"async\" class=\"alignnone size-medium wp-image-7700\" src=\"https:\/\/www.sanatlarandevu.com\/wp-content\/uploads\/2024\/03\/GIZLI-BIR-GECIT-300x300.jpg\" alt=\"\" width=\"300\" height=\"300\" srcset=\"https:\/\/www.sanatlarandevu.com\/wp-content\/uploads\/2024\/03\/GIZLI-BIR-GECIT-300x300.jpg 300w, https:\/\/www.sanatlarandevu.com\/wp-content\/uploads\/2024\/03\/GIZLI-BIR-GECIT-1024x1024.jpg 1024w, https:\/\/www.sanatlarandevu.com\/wp-content\/uploads\/2024\/03\/GIZLI-BIR-GECIT-150x150.jpg 150w, https:\/\/www.sanatlarandevu.com\/wp-content\/uploads\/2024\/03\/GIZLI-BIR-GECIT-768x768.jpg 768w, https:\/\/www.sanatlarandevu.com\/wp-content\/uploads\/2024\/03\/GIZLI-BIR-GECIT-600x600.jpg 600w, https:\/\/www.sanatlarandevu.com\/wp-content\/uploads\/2024\/03\/GIZLI-BIR-GECIT-100x100.jpg 100w, https:\/\/www.sanatlarandevu.com\/wp-content\/uploads\/2024\/03\/GIZLI-BIR-GECIT.jpg 1080w\" sizes=\"auto, (max-width: 300px) 100vw, 300px\" \/><\/p>\n<p><strong>\u00c7al\u0131\u015fmalar\u0131n\u0131z\u0131 nas\u0131l tan\u0131ml\u0131yorsunuz?<\/strong><\/p>\n<p>Hem \u00e7ok yapay hem de bir o kadar ger\u00e7ek diyebiliriz. \u0130nsanlar \u00e7o\u011funlukla ben bunu r\u00fcyamda g\u00f6rm\u00fc\u015ft\u00fcm diyor. Bu beni tasar\u0131m yapmaya daha da te\u015fvik ediyor, i\u015fte amac\u0131ma ula\u015ft\u0131m diyorum. R\u00fcya ile ger\u00e7eklik aras\u0131nda gidip gelmelerini istiyorum.<\/p>\n<p>&nbsp;<\/p>\n<p><img loading=\"lazy\" decoding=\"async\" class=\"size-medium wp-image-7701 alignleft\" src=\"https:\/\/www.sanatlarandevu.com\/wp-content\/uploads\/2024\/03\/ALIP-GOTUREN-KITAPLAR-min-scaled-1-230x300.jpg\" alt=\"\" width=\"230\" height=\"300\" srcset=\"https:\/\/www.sanatlarandevu.com\/wp-content\/uploads\/2024\/03\/ALIP-GOTUREN-KITAPLAR-min-scaled-1-230x300.jpg 230w, https:\/\/www.sanatlarandevu.com\/wp-content\/uploads\/2024\/03\/ALIP-GOTUREN-KITAPLAR-min-scaled-1-785x1024.jpg 785w, https:\/\/www.sanatlarandevu.com\/wp-content\/uploads\/2024\/03\/ALIP-GOTUREN-KITAPLAR-min-scaled-1-768x1002.jpg 768w, https:\/\/www.sanatlarandevu.com\/wp-content\/uploads\/2024\/03\/ALIP-GOTUREN-KITAPLAR-min-scaled-1-1177x1536.jpg 1177w, https:\/\/www.sanatlarandevu.com\/wp-content\/uploads\/2024\/03\/ALIP-GOTUREN-KITAPLAR-min-scaled-1-1570x2048.jpg 1570w, https:\/\/www.sanatlarandevu.com\/wp-content\/uploads\/2024\/03\/ALIP-GOTUREN-KITAPLAR-min-scaled-1-600x783.jpg 600w, https:\/\/www.sanatlarandevu.com\/wp-content\/uploads\/2024\/03\/ALIP-GOTUREN-KITAPLAR-min-scaled-1.jpg 1962w\" sizes=\"auto, (max-width: 230px) 100vw, 230px\" \/><\/p>\n<ul>\n<li><strong>Sizce Dijital Sanat\u2019\u0131 gelecekte neler bekliyor?<br \/>\n<\/strong>Teknoloji h\u0131zla geli\u015fiyor, insanlar istedi\u011fi bilgiye, istedi\u011fi e\u011fitime online platformlar arac\u0131l\u0131\u011f\u0131yla ula\u015fabiliyorlar. Gelecekte insanlar\u0131n dijital sanata y\u00f6nelece\u011fini d\u00fc\u015f\u00fcn\u00fcyorum. Heleki pandemi d\u00f6neminde oldu\u011fumuz i\u00e7in insanlar bir \u015feyler \u00fcretmeyi sevmeye ba\u015flad\u0131lar ama tavsiyem \u00e7abuk vazge\u00e7mesinler. Sadece NFT ve benzeri platformlara maddiyata \u00e7evirmek i\u00e7in u\u011fra\u015fmas\u0131nlar.<\/li>\n<\/ul>\n<p><strong>\u00a0<\/strong><br \/>\n<strong>\u00a0<\/strong><\/p>\n<p>&nbsp;<\/p>\n<p><strong>Rop\u00f6rtaj: Ay\u015fe KAYNARCALI \/ Sanatla Randevu Kurucu Orta\u011f\u0131<\/strong><\/p>\n","protected":false},"excerpt":{"rendered":"<p>OKAN \u00d6ZEL&#8221; \u0130le Sanat\u0131 \u00dczerine S\u00f6yle\u015fi \u00d6ncelikle sizi ve sanat\u0131n\u0131z\u0131 daha iyi anlayabilmemiz i\u00e7in, kendinizden bahseder misiniz?Ben Okan, 28 ya\u015f\u0131nday\u0131m. 2011 y\u0131l\u0131ndan beri grafik tasar\u0131m sekt\u00f6r\u00fcnde i\u015fler yapmaya \u00e7al\u0131\u015f\u0131yorum. As\u0131l mesle\u011fim foto\u011fraf\u00e7\u0131l\u0131k. Kendi \u00e7ekti\u011fim foto\u011fraflara edit, color yapmak bana yetmemeye ba\u015flad\u0131\u011f\u0131nda hayal g\u00fcc\u00fcm\u00fc ger\u00e7ekle\u015ftirebilece\u011fim bir alan ararken foto manip\u00fclasyon alan\u0131n\u0131 ke\u015ffettim ve \u00e7ekti\u011fim foto\u011fraflar yerine [&hellip;]<\/p>\n","protected":false},"author":1,"featured_media":7908,"comment_status":"open","ping_status":"open","sticky":false,"template":"","format":"standard","meta":{"footnotes":""},"categories":[99],"tags":[],"class_list":["post-6914","post","type-post","status-publish","format-standard","has-post-thumbnail","hentry","category-roportajlar"],"_links":{"self":[{"href":"https:\/\/www.sanatlarandevu.com\/index.php?rest_route=\/wp\/v2\/posts\/6914","targetHints":{"allow":["GET"]}}],"collection":[{"href":"https:\/\/www.sanatlarandevu.com\/index.php?rest_route=\/wp\/v2\/posts"}],"about":[{"href":"https:\/\/www.sanatlarandevu.com\/index.php?rest_route=\/wp\/v2\/types\/post"}],"author":[{"embeddable":true,"href":"https:\/\/www.sanatlarandevu.com\/index.php?rest_route=\/wp\/v2\/users\/1"}],"replies":[{"embeddable":true,"href":"https:\/\/www.sanatlarandevu.com\/index.php?rest_route=%2Fwp%2Fv2%2Fcomments&post=6914"}],"version-history":[{"count":4,"href":"https:\/\/www.sanatlarandevu.com\/index.php?rest_route=\/wp\/v2\/posts\/6914\/revisions"}],"predecessor-version":[{"id":7909,"href":"https:\/\/www.sanatlarandevu.com\/index.php?rest_route=\/wp\/v2\/posts\/6914\/revisions\/7909"}],"wp:featuredmedia":[{"embeddable":true,"href":"https:\/\/www.sanatlarandevu.com\/index.php?rest_route=\/wp\/v2\/media\/7908"}],"wp:attachment":[{"href":"https:\/\/www.sanatlarandevu.com\/index.php?rest_route=%2Fwp%2Fv2%2Fmedia&parent=6914"}],"wp:term":[{"taxonomy":"category","embeddable":true,"href":"https:\/\/www.sanatlarandevu.com\/index.php?rest_route=%2Fwp%2Fv2%2Fcategories&post=6914"},{"taxonomy":"post_tag","embeddable":true,"href":"https:\/\/www.sanatlarandevu.com\/index.php?rest_route=%2Fwp%2Fv2%2Ftags&post=6914"}],"curies":[{"name":"wp","href":"https:\/\/api.w.org\/{rel}","templated":true}]}}