{"id":6915,"date":"2024-03-08T13:58:08","date_gmt":"2024-03-08T13:58:08","guid":{"rendered":"https:\/\/ww2.sanatlarandevu.com\/janset-jewellery-art-ile-soylesi\/"},"modified":"2024-03-12T11:52:01","modified_gmt":"2024-03-12T11:52:01","slug":"janset-jewellery-art-ile-soylesi","status":"publish","type":"post","link":"https:\/\/www.sanatlarandevu.com\/?p=6915","title":{"rendered":"Janset Jewellery &#038; Art ile S\u00f6yle\u015fi"},"content":{"rendered":"<h5>Heykeltra\u015f ve tak\u0131 tasar\u0131mc\u0131s\u0131 EL\u0130F JANSET KILI\u00c7TA\u015e\u00a0 &#8220;ile m\u00fccevher sanat\u0131n\u0131, nelerden ilham ald\u0131\u011f\u0131n\u0131, heykel \u00e7al\u0131\u015fmalar\u0131n\u0131 ve \u00e7ok daha fazlas\u0131n\u0131 konu\u015ftuk.<\/h5>\n<p><img loading=\"lazy\" decoding=\"async\" class=\"alignnone size-medium wp-image-7655\" src=\"https:\/\/www.sanatlarandevu.com\/wp-content\/uploads\/2024\/03\/JansetJ11-225x300.jpg\" alt=\"\" width=\"225\" height=\"300\" srcset=\"https:\/\/www.sanatlarandevu.com\/wp-content\/uploads\/2024\/03\/JansetJ11-225x300.jpg 225w, https:\/\/www.sanatlarandevu.com\/wp-content\/uploads\/2024\/03\/JansetJ11-768x1024.jpg 768w, https:\/\/www.sanatlarandevu.com\/wp-content\/uploads\/2024\/03\/JansetJ11-600x800.jpg 600w, https:\/\/www.sanatlarandevu.com\/wp-content\/uploads\/2024\/03\/JansetJ11.jpg 960w\" sizes=\"auto, (max-width: 225px) 100vw, 225px\" \/><\/p>\n<p><strong>Elif Janset K\u0131l\u0131\u00e7ta\u015f<\/strong>, ilk m\u00fccevher sekt\u00f6r\u00fcne liseyi bitirdi\u011fi yaz d\u00f6neminde girdi. \u00c7ocukluk d\u00f6neminden itibaren aile bireyleri taraf\u0131ndan yetenekleri, sanata olan ilgisi desteklenerek tasarlad\u0131\u011f\u0131 giysiler ve m\u00fccevherler hayata ge\u00e7irilsin ve zanaat a\u015famas\u0131n\u0131 da idrak etsin diye Kapal\u0131\u00e7ars\u0131&#8217;da o zamanlar k\u00fc\u00e7\u00fck bir at\u00f6lye olan <strong>Sevan B\u0131\u00e7ak\u00e7\u0131 At\u00f6lyesi<\/strong>&#8216;ne kuyumculuk e\u011fitmenleri <strong>Mehmet Kaba\u015f<\/strong> ve <strong>Tamer K\u0131z\u0131la\u011fa\u00e7<\/strong> taraf\u0131ndan y\u00f6nlendirildi. \u00c7al\u0131\u015fmalar\u0131n\u0131 g\u00f6ren di\u011fer firmalar tasar\u0131mlar\u0131 fazla ayk\u0131r\u0131 bularak kendisi ile \u00e7al\u0131\u015fmak istemezken onlar\u0131n aksine Sevan B\u0131\u00e7ak\u00e7\u0131 hemen kendisi ile ba\u015flamas\u0131n\u0131 istedi. Kapal\u0131\u00e7ars\u0131n\u0131n o b\u00fcy\u00fcl\u00fc atmosferine girdikten 1 ay sonra Sevan B\u0131\u00e7ak\u00e7\u0131 ve B\u0131\u00e7ak\u00e7\u0131\u2019n\u0131n o zamanlarki orta\u011f\u0131 <strong>Osmanl\u0131 Koleksiyonu<\/strong> haz\u0131rlamas\u0131n\u0131 istedi.<\/p>\n<p>\u0130lk akl\u0131nda belirenler padi\u015fah kavuklar\u0131yd\u0131, tasarl\u0131yordu ve her tasarlad\u0131g\u0131n\u0131 Sevan ustas\u0131 \u00e7ok be\u011fenip at\u00f6lyede \u00fcretimine ba\u015flat\u0131yordu. O at\u00f6lye Janset\u2019e yaln\u0131zca imalat\u0131 \u00f6\u011fretmedi. Kapal\u0131\u00e7ars\u0131 adab\u0131n\u0131, hi\u00e7 bir okulda \u00f6\u011frenemeyece\u011fi o muazzam k\u00fclt\u00fcr\u00fc de \u00f6\u011fretti. Ustas\u0131 ona hala her nasihat etti\u011finde kendisini g\u00f6zleri dolarak dinleyen Janset 2005 senesinde hen\u00fcz \u00e7ok k\u00fc\u00e7\u00fck ya\u015fta olmas\u0131na ra\u011fmen AYA SOF\u0130A M\u00dcZES\u0130\u2019nde kendi ad\u0131na <strong>\u0130lahi D\u00f6ng\u00fc<\/strong> isimli bir M\u00fccevher sergisi a\u00e7t\u0131.<\/p>\n<p>Hemen sonras\u0131 Marmara \u00dcniversitesi G\u00fczel Sanatlar Fak\u00fcltesinde HEYKEL b\u00f6l\u00fcm\u00fcn\u00fc kazand\u0131 ve notlar\u0131 y\u00fcksek olunca ikinci b\u00f6l\u00fcm okuma \u015fans\u0131 yakalad\u0131. Tekstil Sanatlar\u0131 Moda Tasar\u0131m\u0131 b\u00f6l\u00fcm\u00fcnde ikinci diplomas\u0131n\u0131 alma hakk\u0131 kazand\u0131. Ancak Janset\u2019i kapal\u0131cars\u0131dan hi\u00e7 bir\u015fey uzakla\u015ft\u0131ramam\u0131\u015ft\u0131, okulunun yo\u011fun e\u011fitimi bile. O okul \u00e7\u0131k\u0131\u015flar\u0131nda m\u00fccevher i\u015fine devam etti. Bu s\u00fcre\u00e7te karma heykel sergilerine kat\u0131ld\u0131. 2012 de PERA M\u00dcZES\u0130\u2019nde Trienal kapsam\u0131nda <strong>&#8220;D\u00fcnyay\u0131 Gezen \u00c7antalar&#8221;<\/strong> isimli karma sergide, m\u00fcze kurulu taraf\u0131ndan begenilen \u00e7anta tasar\u0131m\u0131 g\u00f6rsel bas\u0131nda ve sergi afi\u015flerinde kullan\u0131ld\u0131.<\/p>\n<p>2012 senesinde \u00fcniversiteden mezun olunca 2013 yaz\u0131nda kapal\u0131\u00e7ar\u015f\u0131 b\u00f6lgesinde Had\u0131m Hasan Pa\u015fa Medresesi&#8217;nde ilk d\u00fckkan\u0131n\u0131 a\u00e7t\u0131. Yine ayn\u0131 sene Janset, ustas\u0131n\u0131n markas\u0131 ad\u0131na Sevan B\u0131\u00e7ak\u00e7\u0131\u2019n\u0131n \u00f6zel m\u00fc\u015fterilerine her sene g\u00f6nderdi\u011fi obje tasar\u0131m\u0131 ve imalat\u0131n\u0131 top gibi formlu nar, metal yaprakl\u0131 bir lokumluk olarak tasarlad\u0131. 2015-2018 y\u0131l\u0131nda \u0130stanbul S. Zaim \u00dcniversitesinde Tarih ve Medeniyet Ara\u015ft\u0131rmalar\u0131 B\u00f6l\u00fcm\u00fcnde Master e\u011fitimini \u201c15 ve 19. Yy Osmanl\u0131s\u0131nda Sanatta Adab\u201d tez konusu ile tamamlad\u0131.<\/p>\n<p>2018 y\u0131l\u0131nda da Bebek\u2019de bir m\u00fccevher ve sanat buti\u011fi a\u00e7t\u0131. Burada ki\u015fiye \u00f6zel m\u00fccevherler, kurumsal objeler tasarlanmakta ve ayn\u0131 zamanda heykel, resim e\u011fitimleri verilmektedir.<\/p>\n<p><img loading=\"lazy\" decoding=\"async\" class=\"alignnone size-medium wp-image-7657\" src=\"https:\/\/www.sanatlarandevu.com\/wp-content\/uploads\/2024\/03\/JansetJ18-225x300.jpg\" alt=\"\" width=\"225\" height=\"300\" srcset=\"https:\/\/www.sanatlarandevu.com\/wp-content\/uploads\/2024\/03\/JansetJ18-225x300.jpg 225w, https:\/\/www.sanatlarandevu.com\/wp-content\/uploads\/2024\/03\/JansetJ18-768x1024.jpg 768w, https:\/\/www.sanatlarandevu.com\/wp-content\/uploads\/2024\/03\/JansetJ18-1152x1536.jpg 1152w, https:\/\/www.sanatlarandevu.com\/wp-content\/uploads\/2024\/03\/JansetJ18-600x800.jpg 600w, https:\/\/www.sanatlarandevu.com\/wp-content\/uploads\/2024\/03\/JansetJ18.jpg 1512w\" sizes=\"auto, (max-width: 225px) 100vw, 225px\" \/><\/p>\n<ul>\n<li><strong>M\u00fccevher tasar\u0131m\u0131 konusunda yetene\u011finiz ile \u00f6ne \u00e7\u0131k\u0131yorsunuz. \u00c7ok b\u00fcy\u00fck bir \u00e7al\u0131\u015fma ve eme\u011fin kar\u015f\u0131l\u0131\u011f\u0131n\u0131 hayranl\u0131kla izliyoruz. Sizce m\u00fccevher tasar\u0131m\u0131nda yetene\u011fin pay\u0131 nedir?<\/strong>\u00d6ncelikle be\u011feniniz i\u00e7in \u00e7ok te\u015fekk\u00fcr ederim. Tasar\u0131m ve sanat alan\u0131nda yetenek \u00e7ok m\u00fchimdir. Bunun sebebi de m\u00fccevher, heykel, resim gibi tasar\u0131m ve sanat alanlar\u0131nda \u00fcretebilmeyi \u00f6\u011frenebilirsiniz. Bu zamanla ve tekrarla \u00f6\u011frenilen alanlard\u0131r. Ancak Tanr\u0131&#8217;dan gelen yarat\u0131 yetiniz yoksa \u00f6\u011frendikleriniz ve \u00fcrettikleriniz zanaat olarak kal\u0131r. Ne zaman ki ortaya koyduklar\u0131n\u0131zda \u00f6zg\u00fcn ve size \u00f6zel sunulan hayallerinizde \u00f6zg\u00fcr olursan\u0131z i\u015fte o zaman \u201cSANAT ve TASARIM\u201d yapm\u0131\u015f olursunuz.\u00c7a\u011f\u0131m\u0131zda tasar\u0131mc\u0131 ya da sanat\u00e7\u0131 olma arzusu \u00e7ok y\u00fcksek. \u00dcretmeyi \u00f6\u011frenen herkes tasar\u0131mc\u0131 ya da sanat\u00e7\u0131 olarak adland\u0131r\u0131lmak istiyor. Ama bazen sanat\u0131 ve tasar\u0131m\u0131 seven ki\u015fi olarak da izleyici kalabilmek \u00e7ok m\u00fchim. Sonu\u00e7 \u015fudur ki, sizinle do\u011farken birlikte gelen \u00f6zel yarat\u0131 yetileri olursa ve \u00fczerine de tasarlad\u0131\u011f\u0131n\u0131z alan\u0131n \u00fcretimini \u00e7ok iyi bilirseniz izleyici sizde hep g\u00fczeli g\u00f6recektir.<\/li>\n<\/ul>\n<p>&nbsp;<\/p>\n<ul>\n<li><strong>\u201cJanset Jewellery\u201d pek \u00e7ok ba\u015far\u0131l\u0131 \u00e7al\u0131\u015fmaya imza atmaya devam ediyor. Markan\u0131z\u0131n kurulu\u015f \u00f6yk\u00fcs\u00fcn\u00fc anlat\u0131r m\u0131s\u0131n\u0131z?<\/strong>Liseden hemen sonra Akademi \u0130stanbul&#8217;da <strong>\u201cM\u00fccevher Sanat\u0131\u201d<\/strong> \u00fczerine <strong>Mehmet Kaba\u015f, Hasan Kale<\/strong> ve <strong>Tamer K\u0131z\u0131la\u011fa\u00e7<\/strong> taraf\u0131ndan \u00fcretim e\u011fitimi ald\u0131m. Onlar beni <strong>Sevan B\u0131\u00e7ak\u00e7\u0131 At\u00f6lyesi<\/strong>&#8216;ne g\u00f6t\u00fcrd\u00fcler ve Sevan a\u011fabeyim tasar\u0131mlar\u0131mdan \u00e7ok etkilendi\u011fini s\u00f6yledi ve hemen onunla \u00e7al\u0131\u015fmam\u0131 istedi.2.5 sene bu at\u00f6lye i\u00e7in Osmanl\u0131 Koleksiyonunun ilk par\u00e7alar\u0131n\u0131 olu\u015fturdum.<br \/>\nKapal\u0131\u00e7ar\u015f\u0131&#8217;ya girip orada \u00e7al\u0131\u015fmak ya\u015fam\u0131mdaki b\u00fcy\u00fck \u015fanslardan.<br \/>\nOradan \u00fcniversite e\u011fitimim i\u00e7in ayr\u0131ld\u0131m. Bu s\u00fcre\u00e7te kendi ad\u0131ma m\u00fc\u015fterilerime \u00f6zel m\u00fccevherler tasarlad\u0131m ve \u00fcrettim. AYA SOFIA M\u00dcZES\u0130&#8217;nde kendi ad\u0131ma M\u00fccevher Sergisi a\u00e7t\u0131m. Sevan a\u011fabeye de tasarlad\u0131\u011f\u0131m m\u00fccevherlerde heykel formlar\u0131 vard\u0131. Yani i\u00e7imde sanat d\u00fcrt\u00fcs\u00fc \u00e7ok y\u00fcksekti hep. <strong>Ailemden ve halam Feride Binicio\u011flu<\/strong>\u2019ndan gelen iyi bir \u015fans bu benim i\u00e7in.<\/li>\n<li>Marmara G\u00fczel Sanatlar Fak\u00fcltesi\u2019nde Heykel B\u00f6l\u00fcm\u00fc ve Tekstil Sanatlar\u0131 B\u00f6l\u00fcm\u00fc\u2019n\u00fc bitirdi\u011fim sene, tarihi bir medrese olan Had\u0131m Hasan Pa\u015fa Medresesi\u2019nde ilk d\u00fckkan\u0131m\u0131 a\u00e7t\u0131m. O g\u00fcnden bug\u00fcne -asl\u0131nda 18 ya\u015f\u0131mdan beri- temelleri at\u0131lm\u0131\u015f bir marka ser\u00fcveni. Resmile\u015fmesi ise 2013 y\u0131l\u0131na dayan\u0131yor. \u201c<strong>Janset Jewellery<\/strong>\u201d olarak 2012\u2019de Tuvana B\u00fcy\u00fck\u00e7\u0131nar\u2019\u0131n \u0130stanbul Fashion Week defilesindeki t\u00fcm tak\u0131lar\u0131 tasarlayarak \u0130FW\u2019de de markam ve \u00fcr\u00fcnlerimle defileye dahil oldum.<\/li>\n<\/ul>\n<p>&nbsp;<\/p>\n<ul>\n<li><strong>M\u00fccevher tasar\u0131m\u0131nda sizi farkl\u0131 k\u0131lan ve tasar\u0131mlar\u0131n\u0131z\u0131 \u00f6n plana \u00e7\u0131karan noktalar nelerdir?<\/strong>.<img loading=\"lazy\" decoding=\"async\" class=\"alignnone size-medium wp-image-7661\" src=\"https:\/\/www.sanatlarandevu.com\/wp-content\/uploads\/2024\/03\/JansetJ9-225x300.jpg\" alt=\"\" width=\"225\" height=\"300\" srcset=\"https:\/\/www.sanatlarandevu.com\/wp-content\/uploads\/2024\/03\/JansetJ9-225x300.jpg 225w, https:\/\/www.sanatlarandevu.com\/wp-content\/uploads\/2024\/03\/JansetJ9-768x1024.jpg 768w, https:\/\/www.sanatlarandevu.com\/wp-content\/uploads\/2024\/03\/JansetJ9-600x800.jpg 600w, https:\/\/www.sanatlarandevu.com\/wp-content\/uploads\/2024\/03\/JansetJ9.jpg 896w\" sizes=\"auto, (max-width: 225px) 100vw, 225px\" \/> <img loading=\"lazy\" decoding=\"async\" class=\"alignnone size-medium wp-image-7664\" src=\"https:\/\/www.sanatlarandevu.com\/wp-content\/uploads\/2024\/03\/JansetJ8-240x300.jpg\" alt=\"\" width=\"240\" height=\"300\" srcset=\"https:\/\/www.sanatlarandevu.com\/wp-content\/uploads\/2024\/03\/JansetJ8-240x300.jpg 240w, https:\/\/www.sanatlarandevu.com\/wp-content\/uploads\/2024\/03\/JansetJ8-820x1024.jpg 820w, https:\/\/www.sanatlarandevu.com\/wp-content\/uploads\/2024\/03\/JansetJ8-768x959.jpg 768w, https:\/\/www.sanatlarandevu.com\/wp-content\/uploads\/2024\/03\/JansetJ8-1230x1536.jpg 1230w, https:\/\/www.sanatlarandevu.com\/wp-content\/uploads\/2024\/03\/JansetJ8-600x749.jpg 600w, https:\/\/www.sanatlarandevu.com\/wp-content\/uploads\/2024\/03\/JansetJ8.jpg 1242w\" sizes=\"auto, (max-width: 240px) 100vw, 240px\" \/> <img loading=\"lazy\" decoding=\"async\" class=\"alignnone size-medium wp-image-7666\" src=\"https:\/\/www.sanatlarandevu.com\/wp-content\/uploads\/2024\/03\/JansetJ5-139x300.png\" alt=\"\" width=\"139\" height=\"300\" srcset=\"https:\/\/www.sanatlarandevu.com\/wp-content\/uploads\/2024\/03\/JansetJ5-139x300.png 139w, https:\/\/www.sanatlarandevu.com\/wp-content\/uploads\/2024\/03\/JansetJ5-473x1024.png 473w, https:\/\/www.sanatlarandevu.com\/wp-content\/uploads\/2024\/03\/JansetJ5-600x1299.png 600w, https:\/\/www.sanatlarandevu.com\/wp-content\/uploads\/2024\/03\/JansetJ5.png 621w\" sizes=\"auto, (max-width: 139px) 100vw, 139px\" \/> <img loading=\"lazy\" decoding=\"async\" class=\"alignnone size-medium wp-image-7669\" src=\"https:\/\/www.sanatlarandevu.com\/wp-content\/uploads\/2024\/03\/JansetJ10-139x300.png\" alt=\"\" width=\"139\" height=\"300\" srcset=\"https:\/\/www.sanatlarandevu.com\/wp-content\/uploads\/2024\/03\/JansetJ10-139x300.png 139w, https:\/\/www.sanatlarandevu.com\/wp-content\/uploads\/2024\/03\/JansetJ10-473x1024.png 473w, https:\/\/www.sanatlarandevu.com\/wp-content\/uploads\/2024\/03\/JansetJ10-600x1299.png 600w, https:\/\/www.sanatlarandevu.com\/wp-content\/uploads\/2024\/03\/JansetJ10.png 621w\" sizes=\"auto, (max-width: 139px) 100vw, 139px\" \/><br \/>\nBenim tasarlad\u0131klar\u0131m\u0131 kullananlar ya da izleyenler genelde \u015fu s\u00f6zleri s\u00f6yl\u00fcyor: \u201c\u015eans getirdi senden ald\u0131klar\u0131m. \u00c7ok \u00f6zel ve gizemli ayr\u0131nt\u0131lar\u0131 var tasarlad\u0131klar\u0131n\u0131n\u2026\u201d Bu s\u00f6zler bir tasar\u0131mc\u0131 i\u00e7in paha bi\u00e7ilemez. \u0130nsanlara \u015fans ve mutluluk verebilmek beni en g\u00fc\u00e7lendiren \u015fey \u00e7\u00fcnk\u00fc.<\/li>\n<li>El i\u015f\u00e7ili\u011fi, ilkel y\u00f6ntemler kullan\u0131yorum. Tabii bazen \u00e7ok rastlanan \u00fcr\u00fcnler de yap\u0131p sat\u0131yorum talep do\u011frultusunda ama \u00f6zg\u00fcnl\u00fck ve her \u015feyden m\u00fchimi. Ben bir tasar\u0131m\u0131m\u0131 ortaya koyarken hakikaten onun ruhumda yo\u011furulmu\u015f, kar\u015f\u0131 tarafa da iyiliklerle g\u00f6nderilmi\u015f bir \u00fcr\u00fcn olmas\u0131n\u0131 hedef ediniyorum.Do\u011fru tasar\u0131m, do\u011fru malzeme ve do\u011fru teknik uygulamaya gayret ediyorum. E\u011fer ki\u015fiye \u00f6zel tasarl\u0131yorsam o ki\u015finin fiziki \u00f6zelliklerini ya\u015fam felsefesini, hareket kapasitesini de g\u00f6zlemleyerek tasarl\u0131yorum. Bazen kar\u015f\u0131n\u0131zdaki ki\u015fiye \u00f6zel tasar\u0131m yaparken kendi hayallerinize ra\u011fmen tasarlaman\u0131z gerekir ki o ki\u015fiye ait olsun.<\/li>\n<\/ul>\n<ul>\n<li><strong>Hem gen\u00e7 hem yetenekli bir sanat\u00e7\u0131 olarak tasar\u0131mc\u0131 olmak isteyen gen\u00e7lere ne s\u00f6ylemek istersiniz?<\/strong>Hayalinde tasar\u0131mc\u0131 olmak isteyen gen\u00e7 arkada\u015flar\u0131ma sadece g\u00f6zlerini tasarlanm\u0131\u015f \u00fcr\u00fcnlere kapat\u0131p kendi d\u00fc\u015flerine a\u00e7malar\u0131n\u0131 \u00f6neriyorum. \u00c7\u00fcnk\u00fc ister istemez o tasarlanm\u0131\u015f \u00fcr\u00fcnler bizim hayallerimizi etkiler ve bu da bizim \u00f6zg\u00fcnl\u00fc\u011f\u00fcm\u00fcz\u00fc buland\u0131r\u0131r. Oysa yetene\u011fi olan gen\u00e7 arkada\u015flar\u0131m\u0131n i\u00e7inde bi-bedel g\u00fczellikte yarat\u0131lar var. Ve hangi alanda tasar\u0131mc\u0131 olmak istiyorlarsa muhakkak \u00fcretimini \u00e7ok iyi \u00f6\u011frensinler. Unutmay\u0131n ki bir tasar\u0131mc\u0131 \u00fcretimi yapmak zorunda de\u011fil ama bilmek zorunda.<\/li>\n<\/ul>\n<p>&nbsp;<\/p>\n<ul>\n<li><strong>Tasar\u0131mlar\u0131n\u0131zda nelerden ilham al\u0131rs\u0131n\u0131z? \u00d6zellikle etkilendi\u011finiz \u015fehirler, d\u00f6nem ya da hikayeler var m\u0131?<\/strong>Tasar\u0131mlar\u0131mda ve heykellerimde en ilham veren etkileyici \u015fehir \u0130stanbul. \u00c7\u00fcnk\u00fc \u0130stanbul demek Bizans demek, Osmanl\u0131 demek, Cumhuriyet demek, leh\u00e7e demek, insan demek\u2026 15. yy. ile 19. yy. aras\u0131 beni etkiler d\u00f6nem olarak. Sanat\u0131n, yakla\u015f\u0131mlar\u0131n, ba\u015fkald\u0131r\u0131lar\u0131n olmaya ba\u015flad\u0131\u011f\u0131 d\u00f6nemlerdir sanatta da. Mesela tasarlarken okudu\u011fum ger\u00e7ek bir \u00f6yk\u00fc de bana sonsuz ilham verebiliyor. Hatta bu d\u00f6nemle ilgili master tezi yazd\u0131m. &#8220;15. ve 19. yy. Osmanl\u0131s\u0131\u2019nda Sanatta Adab\u201d. Yaz\u0131l\u0131 hikayeleri g\u00f6rselleyerek alg\u0131l\u0131yor beynim \u00e7o\u011fu zaman.<\/li>\n<\/ul>\n<p>&nbsp;<\/p>\n<ul>\n<li><strong>D\u00fcnya \u00e7ap\u0131nda \u00e7al\u0131\u015fmalar\u0131n\u0131 takip etti\u011finiz ve etkilendi\u011finiz m\u00fccevher tasar\u0131mc\u0131lar\u0131 kimlerdir?<\/strong>D\u00fcnyada \u00e7ok k\u0131ymetli m\u00fccevher tasar\u0131mc\u0131lar\u0131 var. Ama benim en \u00e7ok etkilendi\u011fim ve tarihe damga vurdu\u011funu d\u00fc\u015f\u00fcnd\u00fc\u011f\u00fcm <strong>Peter Carl Faberge<\/strong>\u2019dir. Faberge yumurtalar\u0131n\u0131n i\u015f\u00e7ili\u011fi, olu\u015fturulmas\u0131 \u00e7ok zekice ve yarat\u0131s\u0131 y\u00fcksek buldu\u011fum bir varolu\u015ftur. Yumurta, felsefi olarak da m\u00fchim bir form. Ve onu m\u00fccevherle\u015ftiren bu tasar\u0131mc\u0131 ve sanat\u00e7\u0131y\u0131 hep kalbimde farkl\u0131 bir yerde tutuyorum.<\/li>\n<\/ul>\n<p>&nbsp;<\/p>\n<ul>\n<li><strong>Biraz da heykellerinizden bahsetmek istiyoruz. Heykel \u00e7al\u0131\u015fmalar\u0131n\u0131zda m\u00fccevher bilginizin yans\u0131malar\u0131 oldu mu?<\/strong><img loading=\"lazy\" decoding=\"async\" class=\"alignnone size-medium wp-image-7674\" src=\"https:\/\/www.sanatlarandevu.com\/wp-content\/uploads\/2024\/03\/Janset6-300x300.jpg\" alt=\"\" width=\"300\" height=\"300\" srcset=\"https:\/\/www.sanatlarandevu.com\/wp-content\/uploads\/2024\/03\/Janset6-300x300.jpg 300w, https:\/\/www.sanatlarandevu.com\/wp-content\/uploads\/2024\/03\/Janset6-1024x1024.jpg 1024w, https:\/\/www.sanatlarandevu.com\/wp-content\/uploads\/2024\/03\/Janset6-150x150.jpg 150w, https:\/\/www.sanatlarandevu.com\/wp-content\/uploads\/2024\/03\/Janset6-768x768.jpg 768w, https:\/\/www.sanatlarandevu.com\/wp-content\/uploads\/2024\/03\/Janset6-600x600.jpg 600w, https:\/\/www.sanatlarandevu.com\/wp-content\/uploads\/2024\/03\/Janset6-100x100.jpg 100w, https:\/\/www.sanatlarandevu.com\/wp-content\/uploads\/2024\/03\/Janset6.jpg 1080w\" sizes=\"auto, (max-width: 300px) 100vw, 300px\" \/> \u00a0\u00a0 <img loading=\"lazy\" decoding=\"async\" class=\"alignnone size-medium wp-image-7676\" src=\"https:\/\/www.sanatlarandevu.com\/wp-content\/uploads\/2024\/03\/Janset7-300x300.jpg\" alt=\"\" width=\"300\" height=\"300\" srcset=\"https:\/\/www.sanatlarandevu.com\/wp-content\/uploads\/2024\/03\/Janset7-300x300.jpg 300w, https:\/\/www.sanatlarandevu.com\/wp-content\/uploads\/2024\/03\/Janset7-1024x1024.jpg 1024w, https:\/\/www.sanatlarandevu.com\/wp-content\/uploads\/2024\/03\/Janset7-150x150.jpg 150w, https:\/\/www.sanatlarandevu.com\/wp-content\/uploads\/2024\/03\/Janset7-768x768.jpg 768w, https:\/\/www.sanatlarandevu.com\/wp-content\/uploads\/2024\/03\/Janset7-1536x1536.jpg 1536w, https:\/\/www.sanatlarandevu.com\/wp-content\/uploads\/2024\/03\/Janset7-600x600.jpg 600w, https:\/\/www.sanatlarandevu.com\/wp-content\/uploads\/2024\/03\/Janset7-100x100.jpg 100w, https:\/\/www.sanatlarandevu.com\/wp-content\/uploads\/2024\/03\/Janset7.jpg 1600w\" sizes=\"auto, (max-width: 300px) 100vw, 300px\" \/><br \/>\nM\u00fccevher, incelikleri ve dengeyi i\u00e7inde bar\u0131nd\u0131ran bir alan. Zor ama sonucu b\u00fcy\u00fcleyici. Ben m\u00fccevherde ayr\u0131nt\u0131y\u0131, sabr\u0131 ve enerjiyi \u00f6\u011frendim. Heykelt\u0131ra\u015f olarak bamba\u015fka bir yakla\u015f\u0131m\u0131m var esas\u0131nda. Klasik d\u00f6nem heykellerini seviyorum ve \u00f6zellikle ba\u015fka sanat disiplinlerinden de etkilenerek heykel karakterlerimi olu\u015fturuyorum. Bir sergiye haz\u0131rlan\u0131yoruz Janset Art Gallery olarak d\u00f6rt sanat\u00e7\u0131. Ve bu sergide bamba\u015fka bir sorgulamamla izleyiciye sunaca\u011f\u0131m heykellerimi. M\u00fccevher bana sabr\u0131 ve dengeyi \u00f6\u011fretti, heykellerimle de bu \u00f6\u011freti \u00e7ok g\u00fc\u00e7lendi.<\/li>\n<\/ul>\n<p>&nbsp;<\/p>\n<ul>\n<li><strong>Heykellerinizde \u00fcslubunuz ne \u015fekilde yorumlan\u0131yor?<\/strong><img loading=\"lazy\" decoding=\"async\" class=\"alignnone size-medium wp-image-7679\" src=\"https:\/\/www.sanatlarandevu.com\/wp-content\/uploads\/2024\/03\/Janset4-300x288.jpg\" alt=\"\" width=\"300\" height=\"288\" srcset=\"https:\/\/www.sanatlarandevu.com\/wp-content\/uploads\/2024\/03\/Janset4-300x288.jpg 300w, https:\/\/www.sanatlarandevu.com\/wp-content\/uploads\/2024\/03\/Janset4-1024x983.jpg 1024w, https:\/\/www.sanatlarandevu.com\/wp-content\/uploads\/2024\/03\/Janset4-768x737.jpg 768w, https:\/\/www.sanatlarandevu.com\/wp-content\/uploads\/2024\/03\/Janset4-600x576.jpg 600w, https:\/\/www.sanatlarandevu.com\/wp-content\/uploads\/2024\/03\/Janset4.jpg 1242w\" sizes=\"auto, (max-width: 300px) 100vw, 300px\" \/><br \/>\nHeykellerimde evet klasik d\u00f6nem etkileri var ama postmodern olan resim ve heykellerim de oldu\u011funu d\u00fc\u015f\u00fcnen sanatbilirler var. Resimlerde ve heykellerimde rengi \u00e7ok seviyor ve kullan\u0131yorum. Kanyon AVM i\u00e7in yapt\u0131\u011f\u0131m heykelim tamamen postmoderndi. Meta olarak y\u00fcr\u00fcyen merdivenleri vurgulam\u0131\u015ft\u0131m. Do\u011fadaki t\u00fcm renkleri heykele dahil etmi\u015ftim. Sonras\u0131nda Suma Beach\u2019te sergilendi.<\/li>\n<\/ul>\n<p><img loading=\"lazy\" decoding=\"async\" class=\"alignnone size-medium wp-image-7681\" src=\"https:\/\/www.sanatlarandevu.com\/wp-content\/uploads\/2024\/03\/Janset11-scaled-1-225x300.jpg\" alt=\"\" width=\"225\" height=\"300\" srcset=\"https:\/\/www.sanatlarandevu.com\/wp-content\/uploads\/2024\/03\/Janset11-scaled-1-225x300.jpg 225w, https:\/\/www.sanatlarandevu.com\/wp-content\/uploads\/2024\/03\/Janset11-scaled-1-768x1024.jpg 768w, https:\/\/www.sanatlarandevu.com\/wp-content\/uploads\/2024\/03\/Janset11-scaled-1-1152x1536.jpg 1152w, https:\/\/www.sanatlarandevu.com\/wp-content\/uploads\/2024\/03\/Janset11-scaled-1-1536x2048.jpg 1536w, https:\/\/www.sanatlarandevu.com\/wp-content\/uploads\/2024\/03\/Janset11-scaled-1-600x800.jpg 600w, https:\/\/www.sanatlarandevu.com\/wp-content\/uploads\/2024\/03\/Janset11-scaled-1.jpg 1920w\" sizes=\"auto, (max-width: 225px) 100vw, 225px\" \/>\u00a0 <img loading=\"lazy\" decoding=\"async\" class=\"alignnone size-medium wp-image-7683\" src=\"https:\/\/www.sanatlarandevu.com\/wp-content\/uploads\/2024\/03\/Janset12-300x300.jpg\" alt=\"\" width=\"300\" height=\"300\" srcset=\"https:\/\/www.sanatlarandevu.com\/wp-content\/uploads\/2024\/03\/Janset12-300x300.jpg 300w, https:\/\/www.sanatlarandevu.com\/wp-content\/uploads\/2024\/03\/Janset12-1024x1024.jpg 1024w, https:\/\/www.sanatlarandevu.com\/wp-content\/uploads\/2024\/03\/Janset12-150x150.jpg 150w, https:\/\/www.sanatlarandevu.com\/wp-content\/uploads\/2024\/03\/Janset12-768x768.jpg 768w, https:\/\/www.sanatlarandevu.com\/wp-content\/uploads\/2024\/03\/Janset12-1536x1536.jpg 1536w, https:\/\/www.sanatlarandevu.com\/wp-content\/uploads\/2024\/03\/Janset12-600x600.jpg 600w, https:\/\/www.sanatlarandevu.com\/wp-content\/uploads\/2024\/03\/Janset12-100x100.jpg 100w, https:\/\/www.sanatlarandevu.com\/wp-content\/uploads\/2024\/03\/Janset12.jpg 1600w\" sizes=\"auto, (max-width: 300px) 100vw, 300px\" \/><\/p>\n<p>&nbsp;<\/p>\n<p><strong>R\u00f6portaj: Ay\u015fe KAYNARCALI \/ Sanatla Randevu Kurucu Orta\u011f\u0131<\/strong><\/p>\n","protected":false},"excerpt":{"rendered":"<p>Heykeltra\u015f ve tak\u0131 tasar\u0131mc\u0131s\u0131 EL\u0130F JANSET KILI\u00c7TA\u015e\u00a0 &#8220;ile m\u00fccevher sanat\u0131n\u0131, nelerden ilham ald\u0131\u011f\u0131n\u0131, heykel \u00e7al\u0131\u015fmalar\u0131n\u0131 ve \u00e7ok daha fazlas\u0131n\u0131 konu\u015ftuk. Elif Janset K\u0131l\u0131\u00e7ta\u015f, ilk m\u00fccevher sekt\u00f6r\u00fcne liseyi bitirdi\u011fi yaz d\u00f6neminde girdi. \u00c7ocukluk d\u00f6neminden itibaren aile bireyleri taraf\u0131ndan yetenekleri, sanata olan ilgisi desteklenerek tasarlad\u0131\u011f\u0131 giysiler ve m\u00fccevherler hayata ge\u00e7irilsin ve zanaat a\u015famas\u0131n\u0131 da idrak etsin diye [&hellip;]<\/p>\n","protected":false},"author":1,"featured_media":7910,"comment_status":"open","ping_status":"open","sticky":false,"template":"","format":"standard","meta":{"footnotes":""},"categories":[99,101],"tags":[],"class_list":["post-6915","post","type-post","status-publish","format-standard","has-post-thumbnail","hentry","category-roportajlar","category-sanata-dair"],"_links":{"self":[{"href":"https:\/\/www.sanatlarandevu.com\/index.php?rest_route=\/wp\/v2\/posts\/6915","targetHints":{"allow":["GET"]}}],"collection":[{"href":"https:\/\/www.sanatlarandevu.com\/index.php?rest_route=\/wp\/v2\/posts"}],"about":[{"href":"https:\/\/www.sanatlarandevu.com\/index.php?rest_route=\/wp\/v2\/types\/post"}],"author":[{"embeddable":true,"href":"https:\/\/www.sanatlarandevu.com\/index.php?rest_route=\/wp\/v2\/users\/1"}],"replies":[{"embeddable":true,"href":"https:\/\/www.sanatlarandevu.com\/index.php?rest_route=%2Fwp%2Fv2%2Fcomments&post=6915"}],"version-history":[{"count":5,"href":"https:\/\/www.sanatlarandevu.com\/index.php?rest_route=\/wp\/v2\/posts\/6915\/revisions"}],"predecessor-version":[{"id":7911,"href":"https:\/\/www.sanatlarandevu.com\/index.php?rest_route=\/wp\/v2\/posts\/6915\/revisions\/7911"}],"wp:featuredmedia":[{"embeddable":true,"href":"https:\/\/www.sanatlarandevu.com\/index.php?rest_route=\/wp\/v2\/media\/7910"}],"wp:attachment":[{"href":"https:\/\/www.sanatlarandevu.com\/index.php?rest_route=%2Fwp%2Fv2%2Fmedia&parent=6915"}],"wp:term":[{"taxonomy":"category","embeddable":true,"href":"https:\/\/www.sanatlarandevu.com\/index.php?rest_route=%2Fwp%2Fv2%2Fcategories&post=6915"},{"taxonomy":"post_tag","embeddable":true,"href":"https:\/\/www.sanatlarandevu.com\/index.php?rest_route=%2Fwp%2Fv2%2Ftags&post=6915"}],"curies":[{"name":"wp","href":"https:\/\/api.w.org\/{rel}","templated":true}]}}