{"id":6916,"date":"2024-03-08T13:58:09","date_gmt":"2024-03-08T13:58:09","guid":{"rendered":"https:\/\/ww2.sanatlarandevu.com\/demet-cengiz-ile-adimi-deniz-koydular-2\/"},"modified":"2024-03-12T12:19:32","modified_gmt":"2024-03-12T12:19:32","slug":"demet-cengiz-ile-adimi-deniz-koydular-2","status":"publish","type":"post","link":"https:\/\/www.sanatlarandevu.com\/?p=6916","title":{"rendered":"Demet Cengiz ile \u201cAd\u0131m\u0131 Deniz Koydular\u201d"},"content":{"rendered":"<h5>ADIMI DEN\u0130Z KOYDULAR:<\/h5>\n<h6>M\u00fcthi\u015f g\u00f6zlem yetene\u011fini, yetkin kalemi ile bulu\u015fturan duyarl\u0131, humanist, i\u00e7ten bir yazar Demet Cengiz.<\/h6>\n<p><img loading=\"lazy\" decoding=\"async\" class=\"alignnone size-medium wp-image-7546\" src=\"https:\/\/www.sanatlarandevu.com\/wp-content\/uploads\/2024\/03\/Demet-Cengiz2-1-193x300.jpg\" alt=\"\" width=\"193\" height=\"300\" srcset=\"https:\/\/www.sanatlarandevu.com\/wp-content\/uploads\/2024\/03\/Demet-Cengiz2-1-193x300.jpg 193w, https:\/\/www.sanatlarandevu.com\/wp-content\/uploads\/2024\/03\/Demet-Cengiz2-1-600x932.jpg 600w, https:\/\/www.sanatlarandevu.com\/wp-content\/uploads\/2024\/03\/Demet-Cengiz2-1.jpg 659w\" sizes=\"auto, (max-width: 193px) 100vw, 193px\" \/><br \/>\nGe\u00e7mi\u015f y\u0131llarda yay\u0131nlanan kitaplar\u0131n\u0131 raflarda yerini al\u0131r almaz hemen sat\u0131n al\u0131p, bir nefeste okumu\u015ftum. Samimi ve yal\u0131n usl\u00fcbu ile aktard\u0131\u011f\u0131 i\u00e7sel ve d\u0131\u015fsal yolculuklar\u0131n\u0131n kahraman\u0131 ile aramda kurdu\u011fum ba\u011f, devam\u0131nda yay\u0131nlanan makaleleriyle daha da derinle\u015fti. Cesaretimden, inan\u00e7lar\u0131mdan, \u00f6fkelerimden, umutlar\u0131mdan bir tutam buldum onun yaz\u0131lar\u0131nda.<\/p>\n<p><strong>\u201cAd\u0131m\u0131 Deniz Koydular\u201d<\/strong> yazar\u0131n ilk roman\u0131.<br \/>\nDerin bir ara\u015ft\u0131rma i\u00e7eren eser, ince ince \u00f6r\u00fclen bir dantel zerafeti ile kurgulanm\u0131\u015f. Kitab\u0131n ilk b\u00f6l\u00fcmlerinde okuyucuyu da i\u00e7ine alan \u015fiddet ve sevgisizlik d\u00fc\u011f\u00fcm\u00fc roman ilerledik\u00e7e yava\u015f yava\u015f \u00e7\u00f6z\u00fcl\u00fcrken, umuda dair paragraflar ile sakinle\u015ftirici molalar veriyor okuyucuya. Ancak ak\u0131\u015fla ortaya \u00e7\u0131kan yeni d\u00fc\u011f\u00fcmler ile tansiyon y\u00fckseliyor. Ortaya soluk solu\u011fa okunan, dikkatinizi yo\u011funla\u015ft\u0131rd\u0131\u011f\u0131n\u0131zda ilgin\u00e7 katmanlar\u0131n\u0131 ke\u015ffedebilece\u011finiz \u00e7arp\u0131c\u0131 bir roman \u00e7\u0131k\u0131yor.<\/p>\n<p>&nbsp;<\/p>\n<ul>\n<li><strong>Sevgili Demet, sana aktar\u0131lan ger\u00e7ek bir ya\u015fam \u00f6yk\u00fcs\u00fcnden yola \u00e7\u0131karak yazd\u0131\u011f\u0131n Deniz adl\u0131 kahraman\u0131n yolculu\u011fu Seyrantepe\u2019de ba\u015fl\u0131yor. Deniz\u2019in hayat\u0131na \u00f6nemli izler b\u0131rakacak olan do\u011fdu\u011fu, b\u00fcy\u00fcd\u00fc\u011f\u00fc mahalleyi, gecekondu ya\u015fam\u0131n\u0131 o kadar ger\u00e7ek aktarm\u0131\u015fs\u0131n ki, okuyucu da o fakirli\u011fi ve yoklu\u011fu kahraman ile birlikte ya\u015f\u0131yor<br \/>\nMek\u00e2n tasvirlerindeki bu ba\u015far\u0131n\u0131 nas\u0131l a\u00e7\u0131klars\u0131n?<br \/>\n<\/strong>Sadece bakan de\u011fil g\u00f6rmeye \u00e7al\u0131\u015fan biriyim. asl\u0131nda bu bir \u00e7abayla da olmuyor. \u0130nsanlar\u0131, duygular\u0131n\u0131 bir bi\u00e7imde kalbimde hissedebiliyorum. O yoksullu\u011fu yazmadan \u00f6nce benzer mahalleri \u00e7ok dola\u015ft\u0131m. O kadar k\u00f6t\u00fc olmasa da h\u00e2l\u00e2 b\u00f6yle yoksulluk i\u00e7inde \u00e7amura bulanm\u0131\u015f mahalleler var. 1990\u2019lar\u0131n sonlar\u0131na do\u011fru \u2013gazetecili\u011fe ba\u015flad\u0131\u011f\u0131m ilk y\u0131llarda- \u0130stanbul\u2019da yeni kurulan, b\u00f6yle kenar mahallenin kenar\u0131 ve hatta mahalle bile denemeyecek yerlere gitmi\u015ftim. Ayakkab\u0131lar\u0131ma yap\u0131\u015fan \u00e7amurlar, bir \u00e7ukurdan ibaret olup etrafa berbat kokular b\u0131rakan tuvaletler akl\u0131ma kaz\u0131nd\u0131. Kap\u0131 \u00f6n\u00fcnde oturan \u00fcstleri ba\u015flar\u0131 peri\u015fan yerlere oturan \u00e7ocuklar ve onlara sevgi g\u00f6stermesi gerekirken uluorta \u015fiddet uygulayan aileleri de g\u00f6rm\u00fc\u015ft\u00fcm. \u0130\u015fin tuhaf\u0131, bu sevgisizli\u011fin onlara hi\u00e7 tuhaf gelmemesiydi.<\/li>\n<\/ul>\n<p>&nbsp;<\/p>\n<ul>\n<li><strong>Roman\u0131n iki kahraman\u0131 Deniz ve James\u2019in hikayesi ayr\u0131 ayr\u0131 ilerlerken bir noktada kesi\u015fiyor. Her ikisi de birbirinden \u00e7ok uzakta sevgisiz bir ortamda kendini b\u00fcy\u00fctmek zorunda kalan iki \u00e7ocuk\u2026 Onlar\u0131n bulu\u015fturan kaderin, tekrar ay\u0131rmas\u0131 gerekir miydi?<br \/>\n<\/strong>Bizi birbirimize yakla\u015ft\u0131ran, yollar\u0131m\u0131z\u0131 kesi\u015ftiren nedir? D\u00fcz bir kader \u00e7izgisi mi var? Biz o \u00e7izgide mi ilerliyoruz? Bizi bir yola koyan kader mi yoksa yola \u00e7\u0131kma karar\u0131m\u0131z m\u0131 kaderi belirliyor? \u0130ster d\u00fcz bir kader \u00e7izgisi olsun ister bizim kararlar\u0131m\u0131zla \u015fekillensin i\u00e7imizdeki benlikten ka\u00e7am\u0131yoruz. \u0130nsan kendinden ka\u00e7amaz. Ka\u00e7amad\u0131\u011f\u0131m\u0131z kader de\u011fil kendimiziz. Sahne b\u00fcy\u00fck oranda biz daha do\u011fmadan kurulmu\u015f oluyor. Sonra bizim kararlar\u0131m\u0131z\u2026 Fakat o kararlar\u0131m\u0131zda daha hayata ba\u015flad\u0131\u011f\u0131m\u0131z ilk y\u0131llarda ald\u0131\u011f\u0131m\u0131z bi\u00e7imden geliyor. \u0130nsan bilmedi\u011fi \u015feyi bilmiyor i\u015fte. Yoksunlu\u011funu duydu\u011fu sevgiyi bulunca bunu al\u0131p ba\u015f tac\u0131 da edebilir, korkup ondan ka\u00e7abilir de. Belki bir \u00e7ocukluk yaras\u0131d\u0131r bizi korkutan, ka\u00e7\u0131ran, uysal olmaya iten ama biz kader der ge\u00e7eriz. Veya karar \u2013muhtemelen yanl\u0131\u015f karar- der ge\u00e7eriz.<\/li>\n<\/ul>\n<p>&nbsp;<\/p>\n<ul>\n<li><strong>Roman kahramanlar\u0131n\u0131n hayat hikayelerini izlerken, \u00fclkemizde ve d\u00fcnyada ya\u015fanan \u00f6nemli olaylar da b\u00fcy\u00fck bir ustal\u0131kla ak\u0131\u015fa yerle\u015ftirilmi\u015f. Mara\u015f Katliam\u0131, 1980 Darbesi, Ergenekon operasyonlar\u0131, Gezi direni\u015fi ve daha bir\u00e7ok \u00f6nemli siyasi deprem\u2026 Nefesimi tutarak okudum. Karanl\u0131k bir t\u00fcneli and\u0131ran yak\u0131n tarihimizi, roman\u0131n i\u00e7inde sanki tek bir kanal\u0131n oldu\u011fu d\u00f6nemde bir haber spikeri objektifli\u011fi ile aktarma fikri nas\u0131l olu\u015ftu?<br \/>\n<\/strong>Bizim bildi\u011fimiz bir alem var, bir de g\u00f6z\u00fcm\u00fcz\u00fcn yetmedi\u011fi mikro alem ve makro alem\u2026 Biz b\u00fct\u00fcn evreni kendimizden m\u00fctevelli san\u0131yoruz. G\u00fcne\u015f sistemimiz bile evrende bir kum tanesi etmiyorken sen, ben bir kum tanesi etmeyen milyarlarca h\u00fccreden olu\u015fuyoruz. Bana bunlar olurken sana neler oluyor? Bize bunlar olurken evrende neler olup bitiyor? Covid_19\u2019un k\u00fcresel bir salg\u0131na neden oldu\u011fundan haberi var m\u0131? Bir resmi anlat\u0131rken ara s\u0131ra zoom out, zoon in yapt\u0131m. iki ki\u015finin \u00f6yk\u00fcs\u00fc anlat\u0131l\u0131rken sanki arkada radyo a\u00e7\u0131k kalm\u0131\u015f da g\u00fcncel haberler ak\u0131yor gibi\u2026 \u00d6zellikle objektif haber dilini kulland\u0131m. Burada 1996 y\u0131l\u0131ndan beri yapt\u0131\u011f\u0131m gazetecili\u011fin ekme\u011fini \u00e7ok yedim.<\/li>\n<\/ul>\n<p>&nbsp;<\/p>\n<ul>\n<li><strong>Kahraman\u0131m\u0131z bir Kardelen. Zifiri karanl\u0131k bir ma\u011faraya s\u0131zmay\u0131 ba\u015faran \u0131\u015f\u0131k huzmesi gibi, Deniz\u2019in kardelen se\u00e7ilmesi\u2026 Kaderini de\u011fi\u015ftiren en \u00f6nemli virajlardan biri T\u00fcrkan Saylan\u2019\u0131n kurdu\u011fu \u00c7a\u011fda\u015f Ya\u015fam\u0131 Destekleme Derne\u011fi. Kendisini senin roman\u0131nla bir kez daha sayg\u0131yla and\u0131k. E\u011fitim g\u00f6rme imkan\u0131 olmayan, aile i\u00e7i \u015fiddet g\u00f6ren \u00e7ocuklar\u0131n korunmas\u0131 ve ayaklar\u0131 \u00fczerinde durmas\u0131 ad\u0131na neler yap\u0131labilir sence?<\/strong>Kahraman\u0131n ad\u0131 Deniz Y\u0131ld\u0131z\u2026 Denizy\u0131ld\u0131z\u0131 hikayesini duymu\u015fsundur. Sahile vuran binlerce denizy\u0131ld\u0131z\u0131n\u0131 kurtaramazs\u0131n belki ama al\u0131p denize att\u0131\u011f\u0131n bir tanesinin hayat\u0131 kurtulur. \u00c7YDD ve benzeri pek \u00e7ok dernek, vak\u0131f e\u011fitimde f\u0131rsat e\u015fitli\u011fi i\u00e7in \u00e7\u0131rp\u0131n\u0131p duruyor. \u00d6yle \u00e7ok b\u00fcy\u00fck \u015feylere, b\u00fcy\u00fck paralara, b\u00fcy\u00fck \u00e7abalara da gerek yok asl\u0131nda. Elinin uzand\u0131\u011f\u0131 denizy\u0131ld\u0131z\u0131n\u0131 al\u0131p denize atacaks\u0131n. Bir taneden ne olur, demeyeceksin. Se\u00e7ti\u011fin g\u00fcvenilir bir kuruma 1 milyon liran varsa onu ba\u011f\u0131\u015flayacaks\u0131n. 100 liran varsa onu\u2026 Belki bir ki\u015fiye rehberlik yapacaks\u0131n, yoluna \u0131\u015f\u0131k tutacaks\u0131n. D\u00fcnyan\u0131n b\u00fcy\u00fck dertlerini \u00e7\u00f6zmek i\u00e7in belki bir ki\u015fi \u00e7ok k\u00fc\u00e7\u00fck ama k\u00fc\u00e7\u00fck bir ki\u015finin b\u00fcy\u00fck bir derdini \u00e7\u00f6zmek i\u00e7in bence yeterince iriyiz. Yapabilece\u011fimizi k\u00fc\u00e7\u00fcmsemeden yapaca\u011f\u0131z. Kim ne yapabiliyorsa k\u00e2rd\u0131r.<\/li>\n<\/ul>\n<p>&nbsp;<\/p>\n<ul>\n<li><strong>Kitab\u0131n tam ad\u0131 \u201cAd\u0131m\u0131 Deniz Koydular, Ku\u015flar boynumuza doland\u0131\u011f\u0131nda\u201d\u2026 Ku\u015f neyin simgesi?<\/strong>Buradaki ku\u015f kaderi simgeliyor. Ad\u0131m\u0131z kaderimizdir. Ad\u0131m\u0131z bize verilir. \u0130sra Suresi\u2019nde \u201cBiz her insan\u0131n kaderini boynuna dolad\u0131k\u201d denir. Baz\u0131lar\u0131 bunu amel\/eylem diye \u00e7evirir fakat oradaki tair kelimesi Arap\u00e7a ku\u015f demek. Ku\u015flar bana inan\u0131lmaz etkileyici geliyor. T\u00fcr olarak en sad\u0131klar onlar. Tek e\u015flilik \u00e7ok yayg\u0131n\u2026 Kurduklar\u0131 yuvalar, g\u00f6\u00e7leri, kanatlar\u0131, u\u00e7malar\u0131\u2026 Her \u015feyleri bence b\u00fcy\u00fcleyici. Ama sadece ku\u015f de\u011fil bal\u0131klar da \u00f6yle\u2026 Otcullar da! D\u00f6rt ayakl\u0131lar da! A\u011fa\u00e7lar da! \u00c7i\u00e7ekler de! Kokular da! Ar\u0131lar da! \u015eu d\u00fcnyadaki b\u00fct\u00fcn hayvanlar\u0131, canl\u0131lar\u0131 inan\u0131lmaz buluyorum. Hayranl\u0131kla izliyorum. \u0130lk kez g\u00f6rm\u00fc\u015f\u00fcm gibi\u2026 Sanki d\u00fcnyaya bug\u00fcn ayak basm\u0131\u015f\u0131m gibi\u2026<\/li>\n<\/ul>\n<p>&nbsp;<\/p>\n<ul>\n<li><strong>Deniz\u2019in hayat\u0131 ile paralel k\u00f6klenen zeytin a\u011fac\u0131 ve kaderine \u00fcfleyen ya\u015fl\u0131 \u00e7ingene kad\u0131n roman\u0131n a\u011f\u0131r ger\u00e7ek\u00e7ili\u011fini yumu\u015fatan masals\u0131, b\u00fcy\u00fcl\u00fc bir kurgu. Mucizelere inanmam\u0131z\u0131 savunan c\u00fcmlelerin perde arkas\u0131ndan g\u00fcl\u00fcms\u00fcyor. Umuda dair paragraflar\u0131n\u0131n ilham\u0131 nereden? Hangi yazarlar veya romanlar? <\/strong>Hepimiz bu d\u00fcnyan\u0131n so\u011fuklu\u011funa ve sertli\u011fine \u00e7arp\u0131p yaralan\u0131yoruz bazen. Mucizeler olsun istiyoruz. Bizi bir koruyan kollayan\u2026 Kendimizi savunamazsak kanatlar\u0131n\u0131 \u00fczerimize gerek melekler olsun istiyoruz. Olup olmamas\u0131 ba\u015fka bir \u015fey, olmas\u0131n\u0131 ummak ba\u015fka\u2026 Hi\u00e7bir \u015feye hakk\u0131m\u0131z yoksa umut etmeye olsun. Olmal\u0131! Ben kendimi ne iyimser g\u00f6r\u00fcr\u00fcm ne de k\u00f6t\u00fcmser. Ger\u00e7ek\u00e7iyimdir. \u00d6yle sahte tesellileri de sevmem, s\u0131k\u0131l\u0131r\u0131m. \u0130nsanlarda avuntu arayan biri hi\u00e7 olmad\u0131m. Kendi i\u00e7imde \u00e7ekildi\u011fim inzivalardan ise hep umutla \u00e7\u0131kt\u0131m. \u00c7\u0131kt\u0131\u011f\u0131m yerde de ye\u015feren ot g\u00f6rd\u00fcm, meleyen bir o\u011flak g\u00f6rd\u00fcm, kanat \u00e7\u0131rpan bir ku\u015f g\u00f6rd\u00fcm. \u015eiirler duydum, \u015fark\u0131lar duydum. Kendimi en mutlu hissetti\u011fim anlar kalbimde sevgi duydu\u011fum anlar. Bir insan\u0131, bir bebe\u011fi, bir hayvan\u0131, bir \u00e7i\u00e7e\u011fi sevdi\u011fimde kalbimde hissetti\u011fim sevgi her \u015feydir; umuttur, inan\u00e7t\u0131r, a\u015fkt\u0131r, evrenin kendisidir, Tanr\u0131\u2019d\u0131r. Bu ilham bazen bir su gibi damlar kalbime bazen deniz olur ben i\u00e7inde y\u00fczerim. Pek \u00e7ok yazarla, romanla b\u00f6yle kalpten kucakla\u015ft\u0131\u011f\u0131m\u0131 hissederim, onlar\u0131 kalplerinden \u00f6perim. Bilgi ayr\u0131 bir \u015fey, kalpten yazmak ba\u015fka\u2026 Bence b\u00fct\u00fcn ilham kalpten geliyor.<\/li>\n<\/ul>\n<p>&nbsp;<\/p>\n<ul>\n<li><strong>T\u00fcrkiye\u2019nin siyasi ikliminde giderek geni\u015fleyen kara lekesi kad\u0131n, \u00e7ocuk, hayvan\u0131n maruz kald\u0131\u011f\u0131 \u015fiddeti ger\u00e7ek ya\u015fam hikayesinden esinlenerek aktard\u0131n. Bu roman\u0131n \u015fiddet ve tecav\u00fcz kar\u015f\u0131s\u0131nda suskun kalan \u00e7ocuklar ve kad\u0131nlar i\u00e7in bir anahtar olabilece\u011fini d\u00fc\u015f\u00fcn\u00fcyorum. Senin g\u00f6r\u00fc\u015flerin nedir? Hepimiz bir mum yakarak koyu karanl\u0131\u011f\u0131 ayd\u0131nlatabilecek miyiz? <\/strong>Say\u0131ca \u00e7ok b\u00fcy\u00fck bir kesime ula\u015fmaktansa tek bir ki\u015fiye bile kalpten dokunmay\u0131 daha anlaml\u0131 bulurum. Ne g\u00fczel ki ger\u00e7ek hikayelerden esinlenerek yazd\u0131\u011f\u0131m bu kurgu roman pek \u00e7ok kalbe dokundu. Aile i\u00e7i sevgisizlik, \u015fiddet, istismar, maruz kald\u0131\u011f\u0131m\u0131z haks\u0131zl\u0131klar, adaletsizlikler hepimiz i\u00e7in b\u00fcy\u00fck yara. Bana her g\u00fcn yazan okurlarla g\u00f6n\u00fcl birli\u011fi kurdu\u011fumu hissediyorum. Kalplerimiz kenetlendikten sonra gerisi kolay. Bir sorunu \u00e7\u00f6zmek i\u00e7in \u00f6nce onu kabul etmek, daha sonra te\u015fhis etmek gerekli. \u00c7\u00f6z\u00fcm ancak bu iki a\u015famadan sonra geliyor. Bo\u015f bo\u015f umut tellall\u0131\u011f\u0131 yapmay\u0131 da d\u00fcped\u00fcz sahtekarl\u0131k olarak g\u00f6r\u00fcyorum. Kabul, te\u015fhis, tedavi\u2026 Umut bundan sonra geliyor.<\/li>\n<\/ul>\n<p><img loading=\"lazy\" decoding=\"async\" class=\"alignnone size-medium wp-image-7546\" src=\"https:\/\/www.sanatlarandevu.com\/wp-content\/uploads\/2024\/03\/Demet-Cengiz2-1-193x300.jpg\" alt=\"\" width=\"193\" height=\"300\" srcset=\"https:\/\/www.sanatlarandevu.com\/wp-content\/uploads\/2024\/03\/Demet-Cengiz2-1-193x300.jpg 193w, https:\/\/www.sanatlarandevu.com\/wp-content\/uploads\/2024\/03\/Demet-Cengiz2-1-600x932.jpg 600w, https:\/\/www.sanatlarandevu.com\/wp-content\/uploads\/2024\/03\/Demet-Cengiz2-1.jpg 659w\" sizes=\"auto, (max-width: 193px) 100vw, 193px\" \/><\/p>\n<p><strong>R\u00f6portaj; Ay\u015fe KAYNARCALI \/ Sanatla Randevu Kurucu Orta\u011f\u0131<\/strong><\/p>\n","protected":false},"excerpt":{"rendered":"<p>ADIMI DEN\u0130Z KOYDULAR: M\u00fcthi\u015f g\u00f6zlem yetene\u011fini, yetkin kalemi ile bulu\u015fturan duyarl\u0131, humanist, i\u00e7ten bir yazar Demet Cengiz. Ge\u00e7mi\u015f y\u0131llarda yay\u0131nlanan kitaplar\u0131n\u0131 raflarda yerini al\u0131r almaz hemen sat\u0131n al\u0131p, bir nefeste okumu\u015ftum. Samimi ve yal\u0131n usl\u00fcbu ile aktard\u0131\u011f\u0131 i\u00e7sel ve d\u0131\u015fsal yolculuklar\u0131n\u0131n kahraman\u0131 ile aramda kurdu\u011fum ba\u011f, devam\u0131nda yay\u0131nlanan makaleleriyle daha da derinle\u015fti. Cesaretimden, inan\u00e7lar\u0131mdan, \u00f6fkelerimden, [&hellip;]<\/p>\n","protected":false},"author":1,"featured_media":7938,"comment_status":"open","ping_status":"open","sticky":false,"template":"","format":"standard","meta":{"footnotes":""},"categories":[99],"tags":[],"class_list":["post-6916","post","type-post","status-publish","format-standard","has-post-thumbnail","hentry","category-roportajlar"],"_links":{"self":[{"href":"https:\/\/www.sanatlarandevu.com\/index.php?rest_route=\/wp\/v2\/posts\/6916","targetHints":{"allow":["GET"]}}],"collection":[{"href":"https:\/\/www.sanatlarandevu.com\/index.php?rest_route=\/wp\/v2\/posts"}],"about":[{"href":"https:\/\/www.sanatlarandevu.com\/index.php?rest_route=\/wp\/v2\/types\/post"}],"author":[{"embeddable":true,"href":"https:\/\/www.sanatlarandevu.com\/index.php?rest_route=\/wp\/v2\/users\/1"}],"replies":[{"embeddable":true,"href":"https:\/\/www.sanatlarandevu.com\/index.php?rest_route=%2Fwp%2Fv2%2Fcomments&post=6916"}],"version-history":[{"count":6,"href":"https:\/\/www.sanatlarandevu.com\/index.php?rest_route=\/wp\/v2\/posts\/6916\/revisions"}],"predecessor-version":[{"id":7939,"href":"https:\/\/www.sanatlarandevu.com\/index.php?rest_route=\/wp\/v2\/posts\/6916\/revisions\/7939"}],"wp:featuredmedia":[{"embeddable":true,"href":"https:\/\/www.sanatlarandevu.com\/index.php?rest_route=\/wp\/v2\/media\/7938"}],"wp:attachment":[{"href":"https:\/\/www.sanatlarandevu.com\/index.php?rest_route=%2Fwp%2Fv2%2Fmedia&parent=6916"}],"wp:term":[{"taxonomy":"category","embeddable":true,"href":"https:\/\/www.sanatlarandevu.com\/index.php?rest_route=%2Fwp%2Fv2%2Fcategories&post=6916"},{"taxonomy":"post_tag","embeddable":true,"href":"https:\/\/www.sanatlarandevu.com\/index.php?rest_route=%2Fwp%2Fv2%2Ftags&post=6916"}],"curies":[{"name":"wp","href":"https:\/\/api.w.org\/{rel}","templated":true}]}}