{"id":8227,"date":"2024-06-22T16:55:52","date_gmt":"2024-06-22T16:55:52","guid":{"rendered":"https:\/\/ww2.sanatlarandevu.com\/?p=8227"},"modified":"2024-06-22T16:55:52","modified_gmt":"2024-06-22T16:55:52","slug":"sanatla-randevu-olarak-mardin-bienalindeydik","status":"publish","type":"post","link":"https:\/\/www.sanatlarandevu.com\/?p=8227","title":{"rendered":"Sanatla Randevu olarak Mardin Bienali\u2019ndeydik"},"content":{"rendered":"<p>Mardin,\u00a0Mezopotamya&#8217;n\u0131n bereketli topraklar\u0131nda yer alan,\u00a0tarihi ve k\u00fclt\u00fcrel zenginli\u011fiyle \u015f\u00fcphesiz T\u00fcrkiye&#8217;nin en \u00f6nemli \u015fehirlerinden biri.\u00a0Ta\u015f evleri,\u00a0dar sokaklar\u0131,\u00a0cami ve kiliseleriyle adeta bir a\u00e7\u0131k hava m\u00fczesi. Son y\u0131llarda uluslararas\u0131 bir sanat merkezine d\u00f6n\u00fc\u015fen \u015fehrin en \u00f6nemli etkinliklerinden biri Mardin Bienali. \u0130lk kez 2010 y\u0131l\u0131nda d\u00fczenlenen bienal,\u00a0\u00e7a\u011fda\u015f sanat\u0131 Mardin&#8217;in tarihi dokusuyla bulu\u015fturma fikriyle ortaya \u00e7\u0131k\u0131yor ve o g\u00fcnden bu yana her iki y\u0131lda bir d\u00fczenleniyor. T\u00fcrkiye&#8217;nin ve d\u00fcnyan\u0131n \u00f6nde gelen sanat\u00e7\u0131lar\u0131n\u0131 bulu\u015fturarak bu g\u00fczel \u015fehre bamba\u015fka bir soluk getiriyor.<\/p>\n<p>Direkt\u00f6rl\u00fc\u011f\u00fcn\u00fc D\u00f6ne Otyam ve Hakan Irmak\u2019\u0131n yapt\u0131\u011f\u0131, Mardin Sinema Derne\u011fi taraf\u0131ndan d\u00fczenlenen ve Ali Akay k\u00fcrat\u00f6rl\u00fc\u011f\u00fcnde ger\u00e7ekle\u015fen Mardin Bienali, bu y\u0131l bizlere \u201cDaha Uzaklara\u201d ba\u015fl\u0131\u011f\u0131 alt\u0131nda birtak\u0131m sorular sordu. Bienal, g\u00fcn\u00fcm\u00fczde ya\u015fad\u0131\u011f\u0131m\u0131z sanatsal, siyasi, sosyolojik soru ve sorunlara hem yeni yakla\u015f\u0131mlar hem de yeni yorumlar getirdi.<\/p>\n<p>Sanatla Randevu olarak may\u0131s ay\u0131nda sanatsever konuklar\u0131m\u0131z, Par\u0131lt\u0131 Derne\u011fi ve TOG Vakf\u0131 \u00fcyeleriyle olmak \u00fczere \u00fc\u00e7 ayr\u0131 Mardin Bienali gezisi ger\u00e7ekle\u015ftirdik. 18-19 May\u0131s, 21-22 May\u0131s ve 23-25 May\u0131s tarihlerinde ger\u00e7ekle\u015ftirdi\u011fimiz bienal gezilerimizde bize dan\u0131\u015fman\u0131m\u0131z Dr. Ezgi Bak\u00e7ay e\u015flik etti. <\/p>\n<p>Mardin Bienali\u2019nin 6. y\u0131l\u0131nda 60&#8217;tan fazla sanat\u00e7\u0131n\u0131n g\u00f6\u00e7, kimlik, haf\u0131za ve gelecek gibi g\u00fcn\u00fcm\u00fcz\u00fcn \u00f6nemli meselelerini ele alan eserleri Mardin&#8217;in sekiz farkl\u0131 mekan\u0131nda sergilendi. Eserler aras\u0131nda resim,\u00a0heykel,\u00a0enstalasyon,\u00a0video ve performans gibi farkl\u0131 disiplinler yer ald\u0131. Develi Han, Alman Karargah\u0131, Tasar\u0131m Vakf\u0131 Galeri, Sak\u0131p Sabanc\u0131 Mardin Kent M\u00fczesi, Tasar\u0131m Vakf\u0131 Meydan Galeri, Dabbako\u011flu Evi, Kervansaray ve Marangozlar Kahvesi gezi duraklar\u0131m\u0131zdan baz\u0131lar\u0131yd\u0131.<\/p>\n<p>Bienalin \u00f6ne \u00e7\u0131kan eserleriyse; Sarkis\u2019in \u201cG\u00f6kku\u015fa\u011f\u0131 Renkleriyle Ovaya Bakmak\u201d\u0131, Michele Ciacciofera\u2019n\u0131n ge\u00e7ti\u011fimiz y\u0131l aral\u0131k ay\u0131nda Mardin\u2019e gelerek yerel \u00fcretici ve sanat\u00e7\u0131larla beraber \u00e7al\u0131\u015ft\u0131\u011f\u0131, \u00fczerinde \u00fclkelerin olmad\u0131\u011f\u0131 bir d\u00fcnya haritas\u0131 olan \u201cToprak Ana\u201ds\u0131, G\u00fcne\u015f Terkol\u2019un t\u00fcl eserleri, Cevdet Erek\u2019in \u0130ran k\u00f6kenli Sami Hosseini ile geli\u015ftirdi\u011fi ve a\u015fina oldu\u011fumuz def \u00e7alg\u0131s\u0131ndan deriyi \u00e7\u0131kar\u0131p metal halkalarla farkl\u0131 bir bi\u00e7im verdi\u011fi eseri, Y\u0131ld\u0131z Moran\u2019\u0131n 1950\u2019lerin sonunda ger\u00e7ekle\u015ftirdi\u011fi, Mardin\u2019i de i\u00e7eren turundan foto\u011fraflar\u0131 -\u00f6zellikle, \u00e7ocukken manast\u0131r kap\u0131s\u0131na terk edilen ve daha sonra 80 y\u0131la yak\u0131n bir s\u00fcre annesini bekleyen Ammo Bahe\u2019nin portresi- ve Nasan Tur\u2019un \u201c\u0130yile\u015fmeyen, ancak yeni bir k\u00fclt\u00fcrel fark\u0131ndal\u0131\u011f\u0131n ifadesi olarak yara izleri\u201d diye nitelendirdi\u011fi, hal\u0131n\u0131n \u00fczerine yan\u0131klar a\u00e7arak olu\u015fturdu\u011fu Mardin G\u00f6lgeleri\u2026<\/p>\n<p>Keyifli gezilerimizin ard\u0131ndan gastronomi d\u00fcnyas\u0131n\u0131n Nobel\u2019i olarak adland\u0131r\u0131lan\u00a0Basque Culinary World Prize\u00a02023\u2019\u00fcn sahibi ve bu \u00f6d\u00fcl\u00fc T\u00fcrkiye\u2019ye ta\u015f\u0131yan ilk \u015fef Mardin do\u011fumlu Ebru Baybara Demir\u2019in i\u015fletmesi Cercis Murat Kona\u011f\u0131\u2019nda ak\u015fam yemeklerimizi yedik. Gezilerimizin ikinci g\u00fcn\u00fcnde Mezopotamya&#8217;n\u0131n bereketli topraklar\u0131nda,\u00a0tarihin ve k\u00fclt\u00fcr\u00fcn izlerini ta\u015f\u0131yan \u00e7ok \u00f6nemli bir destinasyon olan Dara Antik Kenti\u2019ni ziyaret ettik. Roma \u0130mparatorlu\u011fu&#8217;nun en \u00f6nemli s\u0131n\u0131r \u015fehirlerinden biri olan ve M.S.\u00a0505 y\u0131l\u0131nda \u0130mparator Anastasius taraf\u0131ndan yapt\u0131r\u0131lan bu kent;\u00a0g\u00f6rkemli surlar\u0131,\u00a0tap\u0131naklar\u0131,\u00a0hamamlar\u0131 ve agoras\u0131yla adeta bir a\u00e7\u0131k hava m\u00fczesi gibi.\u00a0<\/p>\n<p>Par\u0131lt\u0131 Derne\u011fi ile yapt\u0131\u011f\u0131m\u0131z gezimizde, talep \u00fczerine ekstra bir g\u00fcn daha ekleyerek rehberimiz e\u015fli\u011finde tarihi ta\u015f evleri,\u00a0dar sokaklar\u0131 ve rengarenk \u00e7ar\u015f\u0131lar\u0131yla adeta bir masal diyar\u0131n\u0131 and\u0131ran Midyat\u2019\u0131 da ke\u015ffettik. Eski Midyat ve \u00e7ar\u015f\u0131 gezimiz sonras\u0131nda T\u00fcrkiye\u2019nin en eski S\u00fcryani manast\u0131rlar\u0131ndan biri olarak bilinen Mor Gabriel Manast\u0131r\u0131\u2019n\u0131 gezdik. Mardin gezimizi bin 200 y\u0131ll\u0131k ge\u00e7mi\u015fiyle ma\u011faralar \u00fczerine kurulan gizemli ve tarihi bir Ezidi k\u00f6y\u00fc olan Ma\u011fara K\u00f6y\u00fc\u2019n\u00fc gezerek sonland\u0131rd\u0131k. <\/p>\n<p>Sanatla harmanlanan, b\u00f6lgenin e\u015fsiz tarihi dokusuyla unutulmazlar aras\u0131nda yerini alan \u00fc\u00e7 ayr\u0131 Mardin program\u0131m\u0131z son bulurken s\u0131radaki bienale kat\u0131laca\u011f\u0131m\u0131z g\u00fcn\u00fc \u015fimdiden heyecanla beklemeye ba\u015flad\u0131k. Bu sene programlar\u0131m\u0131za kat\u0131lamayan misafirlerimizi bir sonraki bienal gezilerimizde konuk etmek ve sanat dolu yepyeni programlar\u0131m\u0131zda bulu\u015fmak dile\u011fiyle\u2026<\/p>\n","protected":false},"excerpt":{"rendered":"<p>Mardin,\u00a0Mezopotamya&#8217;n\u0131n bereketli topraklar\u0131nda yer alan,\u00a0tarihi ve k\u00fclt\u00fcrel zenginli\u011fiyle \u015f\u00fcphesiz T\u00fcrkiye&#8217;nin en \u00f6nemli \u015fehirlerinden biri.\u00a0Ta\u015f evleri,\u00a0dar sokaklar\u0131,\u00a0cami ve kiliseleriyle adeta bir a\u00e7\u0131k hava m\u00fczesi. Son y\u0131llarda uluslararas\u0131 bir sanat merkezine d\u00f6n\u00fc\u015fen \u015fehrin en \u00f6nemli etkinliklerinden biri Mardin Bienali. \u0130lk kez 2010 y\u0131l\u0131nda d\u00fczenlenen bienal,\u00a0\u00e7a\u011fda\u015f sanat\u0131 Mardin&#8217;in tarihi dokusuyla bulu\u015fturma fikriyle ortaya \u00e7\u0131k\u0131yor ve o g\u00fcnden bu [&hellip;]<\/p>\n","protected":false},"author":4,"featured_media":8026,"comment_status":"open","ping_status":"open","sticky":false,"template":"","format":"standard","meta":{"footnotes":""},"categories":[101],"tags":[],"class_list":["post-8227","post","type-post","status-publish","format-standard","has-post-thumbnail","hentry","category-sanata-dair"],"_links":{"self":[{"href":"https:\/\/www.sanatlarandevu.com\/index.php?rest_route=\/wp\/v2\/posts\/8227","targetHints":{"allow":["GET"]}}],"collection":[{"href":"https:\/\/www.sanatlarandevu.com\/index.php?rest_route=\/wp\/v2\/posts"}],"about":[{"href":"https:\/\/www.sanatlarandevu.com\/index.php?rest_route=\/wp\/v2\/types\/post"}],"author":[{"embeddable":true,"href":"https:\/\/www.sanatlarandevu.com\/index.php?rest_route=\/wp\/v2\/users\/4"}],"replies":[{"embeddable":true,"href":"https:\/\/www.sanatlarandevu.com\/index.php?rest_route=%2Fwp%2Fv2%2Fcomments&post=8227"}],"version-history":[{"count":1,"href":"https:\/\/www.sanatlarandevu.com\/index.php?rest_route=\/wp\/v2\/posts\/8227\/revisions"}],"predecessor-version":[{"id":8228,"href":"https:\/\/www.sanatlarandevu.com\/index.php?rest_route=\/wp\/v2\/posts\/8227\/revisions\/8228"}],"wp:featuredmedia":[{"embeddable":true,"href":"https:\/\/www.sanatlarandevu.com\/index.php?rest_route=\/wp\/v2\/media\/8026"}],"wp:attachment":[{"href":"https:\/\/www.sanatlarandevu.com\/index.php?rest_route=%2Fwp%2Fv2%2Fmedia&parent=8227"}],"wp:term":[{"taxonomy":"category","embeddable":true,"href":"https:\/\/www.sanatlarandevu.com\/index.php?rest_route=%2Fwp%2Fv2%2Fcategories&post=8227"},{"taxonomy":"post_tag","embeddable":true,"href":"https:\/\/www.sanatlarandevu.com\/index.php?rest_route=%2Fwp%2Fv2%2Ftags&post=8227"}],"curies":[{"name":"wp","href":"https:\/\/api.w.org\/{rel}","templated":true}]}}