{"id":8327,"date":"2024-07-08T18:10:34","date_gmt":"2024-07-08T18:10:34","guid":{"rendered":"https:\/\/ww2.sanatlarandevu.com\/?p=8327"},"modified":"2024-07-08T18:12:03","modified_gmt":"2024-07-08T18:12:03","slug":"2025te-en-az-izni-alarak-en-uzun-tatili-yapin","status":"publish","type":"post","link":"https:\/\/www.sanatlarandevu.com\/?p=8327","title":{"rendered":"2025\u2019te en az izni alarak en uzun tatili yap\u0131n!"},"content":{"rendered":"<p>2024\u2019\u00fc yar\u0131lad\u0131\u011f\u0131m\u0131z \u015fu g\u00fcnlerde bir\u00e7o\u011fumuz ajandalar\u0131m\u0131z\u0131 gezi planlar\u0131m\u0131zla doldurmu\u015fken daha avantajl\u0131 bir tatil plan\u0131 \u00e7izmek i\u00e7in 2025\u2019teki tatilleri \u015fimdiden g\u00f6rmek istedik!<\/p>\n<p>T\u00fcm resmi tatilleri ve ka\u00e7 g\u00fcn izin alarak tatilinizi uzat\u0131p keyfini \u00e7\u0131karabilece\u011finizi bu yaz\u0131m\u0131zda bulacaks\u0131n\u0131z.<\/p>\n<p>Biliyoruz ki ger\u00e7ek bir seyahat tutkunu seyahate \u00e7\u0131karken \u00f6n\u00fcnde onu bekleyen ba\u015fka tatil planlar\u0131 da vard\u0131r\u2026<\/p>\n<p>&nbsp;<\/p>\n<p><strong>\u0130\u015fte 2025\u2019in tatil g\u00fcnleri:<\/strong><\/p>\n<p>\u2022 2025 Y\u0131lba\u015f\u0131 \u2013 1 Ocak \u00c7ar\u015famba, 1 g\u00fcn tatil. 2 g\u00fcn izin alarak 5 g\u00fcnl\u00fck tatile \u00e7evirebilirsiniz.<\/p>\n<p>\u2022 Ulusal Egemenlik ve \u00c7ocuk Bayram\u0131 \u2013 23 Nisan 2025 \u00c7ar\u015famba, 1 g\u00fcn tatil.<br \/>\n2 g\u00fcn izin alarak 5 g\u00fcn tatile \u00e7evirebilirsiniz.<\/p>\n<p>\u2022 1 May\u0131s Emek ve Dayan\u0131\u015fma G\u00fcn\u00fc \u2013 Per\u015fembe, 1 g\u00fcn tatil. 1 g\u00fcn izin alarak 4 g\u00fcnl\u00fck tatile \u00e7evirebilirsiniz.<\/p>\n<p>\u2022 Ramazan Bayram\u0131 Arifesi \u2013 29 Mart 2025 Cumartesi (Yar\u0131m g\u00fcn tatil)<br \/>\nRamazan Bayram\u0131 &#8211; 30 Mart 2025 Pazar -1 Nisan 2025 Sal\u0131 3 g\u00fcn izin alarak 9 g\u00fcnl\u00fck tatile \u00e7evirebilirsiniz.<\/p>\n<p>\u2022 19 May\u0131s Atat\u00fcrk\u2019\u00fc Anma, Gen\u00e7lik ve Spor Bayram\u0131 \u2013 Pazartesi, 1 g\u00fcn tatil. \u00d6nceden planlay\u0131p haftasonu ile birle\u015ftirerek 3 g\u00fcnl\u00fck tatile \u00e7evirebilirsiniz.<\/p>\n<p>\u2022 2025 Kurban Bayram\u0131 Arifesi \u2013 5 Haziran Per\u015fembe (Yar\u0131m g\u00fcn tatil)<br \/>\n2025 Kurban Bayram\u0131 \u2013 6 Haziran Cuma &#8211; 9 Haziran Pazartesi 3,5 g\u00fcn izin alarak 10 g\u00fcn tatil yapabilirsiniz.<\/p>\n<p>\u2022 15 Temmuz Demokrasi ve Birlik G\u00fcn\u00fc \u2013 Sal\u0131, (1 g\u00fcn tatil) 1 g\u00fcn izin alarak 4 g\u00fcn tatil yapabilirsiniz.<\/p>\n<p>\u2022 30 A\u011fustos Zafer Bayram\u0131 (2025) \u2013 Cumartesi, 1 g\u00fcn tatil<\/p>\n<p>\u2022 29 Ekim Cumhuriyet Bayram\u0131<br \/>\nArife: 28 Ekim, Bayram: 29 Ekim<br \/>\n29 Ekim 2025 \u00c7ar\u015famba (1,5 G\u00fcn tatil)<br \/>\n1,5 g\u00fcn izin ile 5 g\u00fcnl\u00fck bir tatile \u00e7evirebilirsiniz.<\/p>\n","protected":false},"excerpt":{"rendered":"<p>2024\u2019\u00fc yar\u0131lad\u0131\u011f\u0131m\u0131z \u015fu g\u00fcnlerde bir\u00e7o\u011fumuz ajandalar\u0131m\u0131z\u0131 gezi planlar\u0131m\u0131zla doldurmu\u015fken daha avantajl\u0131 bir tatil plan\u0131 \u00e7izmek i\u00e7in 2025\u2019teki tatilleri \u015fimdiden g\u00f6rmek istedik! T\u00fcm resmi tatilleri ve ka\u00e7 g\u00fcn izin alarak tatilinizi uzat\u0131p keyfini \u00e7\u0131karabilece\u011finizi bu yaz\u0131m\u0131zda bulacaks\u0131n\u0131z. Biliyoruz ki ger\u00e7ek bir seyahat tutkunu seyahate \u00e7\u0131karken \u00f6n\u00fcnde onu bekleyen ba\u015fka tatil planlar\u0131 da vard\u0131r\u2026 &nbsp; \u0130\u015fte 2025\u2019in [&hellip;]<\/p>\n","protected":false},"author":4,"featured_media":8328,"comment_status":"open","ping_status":"open","sticky":false,"template":"","format":"standard","meta":{"footnotes":""},"categories":[1],"tags":[],"class_list":["post-8327","post","type-post","status-publish","format-standard","has-post-thumbnail","hentry","category-yazilar"],"_links":{"self":[{"href":"https:\/\/www.sanatlarandevu.com\/index.php?rest_route=\/wp\/v2\/posts\/8327","targetHints":{"allow":["GET"]}}],"collection":[{"href":"https:\/\/www.sanatlarandevu.com\/index.php?rest_route=\/wp\/v2\/posts"}],"about":[{"href":"https:\/\/www.sanatlarandevu.com\/index.php?rest_route=\/wp\/v2\/types\/post"}],"author":[{"embeddable":true,"href":"https:\/\/www.sanatlarandevu.com\/index.php?rest_route=\/wp\/v2\/users\/4"}],"replies":[{"embeddable":true,"href":"https:\/\/www.sanatlarandevu.com\/index.php?rest_route=%2Fwp%2Fv2%2Fcomments&post=8327"}],"version-history":[{"count":4,"href":"https:\/\/www.sanatlarandevu.com\/index.php?rest_route=\/wp\/v2\/posts\/8327\/revisions"}],"predecessor-version":[{"id":8332,"href":"https:\/\/www.sanatlarandevu.com\/index.php?rest_route=\/wp\/v2\/posts\/8327\/revisions\/8332"}],"wp:featuredmedia":[{"embeddable":true,"href":"https:\/\/www.sanatlarandevu.com\/index.php?rest_route=\/wp\/v2\/media\/8328"}],"wp:attachment":[{"href":"https:\/\/www.sanatlarandevu.com\/index.php?rest_route=%2Fwp%2Fv2%2Fmedia&parent=8327"}],"wp:term":[{"taxonomy":"category","embeddable":true,"href":"https:\/\/www.sanatlarandevu.com\/index.php?rest_route=%2Fwp%2Fv2%2Fcategories&post=8327"},{"taxonomy":"post_tag","embeddable":true,"href":"https:\/\/www.sanatlarandevu.com\/index.php?rest_route=%2Fwp%2Fv2%2Ftags&post=8327"}],"curies":[{"name":"wp","href":"https:\/\/api.w.org\/{rel}","templated":true}]}}