{"id":8351,"date":"2024-07-17T11:22:30","date_gmt":"2024-07-17T11:22:30","guid":{"rendered":"https:\/\/ww2.sanatlarandevu.com\/?p=8351"},"modified":"2024-07-17T11:22:30","modified_gmt":"2024-07-17T11:22:30","slug":"sonbahar-mevsiminde-bir-baska-guzel-olan-ulkeler","status":"publish","type":"post","link":"https:\/\/www.sanatlarandevu.com\/?p=8351","title":{"rendered":"Sonbahar mevsiminde bir ba\u015fka g\u00fczel olan \u00fclkeler"},"content":{"rendered":"<p>Sonbahar mevsiminin kendine has bir g\u00fczelli\u011fi var. D\u00fcnya genelinde daha \u00e7ok yaz mevsiminde seyahat etmek tercih edilse de sonbaharda yeni bir yer ke\u015ffetmenin tad\u0131 bizce bamba\u015fka; daha az turist kalabal\u0131\u011f\u0131, ne \u00fc\u015f\u00fcten ne terleten hava durumu, kahverengi, k\u0131z\u0131l ve sar\u0131ya boyanm\u0131\u015f kentler\u2026<\/p>\n<p>Sizler i\u00e7in sonbahar mevsiminde bir ba\u015fka g\u00fczel olan \u00fclkeleri derledik:<\/p>\n<p>&nbsp;<\/p>\n<p>\u2022\u200bJaponya, Kyoto<\/p>\n<p><span class=\"s2\">Japonya bizim favori sonbahar destinasyonlar\u0131m\u0131zdan birisi \u00e7\u00fcnk\u00fc yaz mevsimindeki nemli hava yerini harika<\/span><span class=\"s2\">\u00a0<\/span><span class=\"s2\">derece<\/span><span class=\"s2\">lere <\/span><span class=\"s2\">b\u0131rak\u0131p \u015fehirde y\u00fcr\u00fcy\u00fc\u015f yapmaya elveri\u015fli\u00a0<\/span><span class=\"s2\">k\u0131l\u0131yor.<\/span><span class=\"s2\"> A\u011fa\u00e7lar k\u0131rm\u0131z\u0131, turuncu ve ye\u015file d\u00f6n\u00fcyor, basit bir y\u00fcr\u00fcy\u00fc\u015f bile \u015fahane manzaralar sunan b\u00fcy\u00fck bir olaya d\u00f6n\u00fc\u015febiliyor. <\/span><span class=\"s2\">\u00dcstelik vizesiz!<\/span><\/p>\n<p>&nbsp;<\/p>\n<p>\u2022\u200b\u00c7ek Cumhuriyeti, Prag<\/p>\n<p class=\"s4\"><span class=\"s3\">Yaz aylar\u0131nda Prag, turist ak\u0131n\u0131na u\u011frar\u00a0<\/span><span class=\"s3\">a<\/span><span class=\"s3\">ncak sonbahar, \u015fehri daha sakin ve huzurlu bir \u015fekilde ke\u015ffetmek i\u00e7in ideal bir d\u00f6nemdir. Eski \u015eehir Meydan\u0131&#8217;nda dola\u015f\u0131rken Astronomik Saat&#8217;i<\/span><span class=\"s3\">\u00a0<\/span><span class=\"s3\">ya da Prag Kalesi&#8217;ni ziyaret ederken daha az kalabal\u0131kla kar\u015f\u0131la\u015facaks\u0131n\u0131z.<\/span><span class=\"s3\">\u00a0<\/span><span class=\"s3\">Charles K\u00f6pr\u00fcs\u00fc&#8217;nden y\u00fcr\u00fcy\u00fc\u015f yaparken ya da\u00a0<\/span><span class=\"s3\">Vltava<\/span><span class=\"s3\">\u00a0Nehri boyunca gezinirken b\u00fcy\u00fcleyici\u00a0<\/span><span class=\"s3\">sonbahar <\/span><span class=\"s3\">manzaralar\u0131n tad\u0131n\u0131 \u00e7\u0131karabilir <\/span><span class=\"s3\">ve sevdiklerinizle payla\u015fmak \u00fczere foto\u011fraflayabilirsiniz.<\/span><span class=\"s3\">\u00a0<\/span><span class=\"s3\">Ayr\u0131ca\u00a0<\/span><span class=\"s3\">Prag, sonbaharda Uluslararas\u0131 Caz Festivali, film festivalleri ve bir\u00e7ok konser<\/span><span class=\"s3\">\u00a0ile\u00a0<\/span><span class=\"s3\">canlan\u0131r.<\/span><\/p>\n<p>&nbsp;<\/p>\n<p>\u2022\u200bG\u00fcney Kore, Seul<\/p>\n<p><span class=\"s2\">Seul <\/span><span class=\"s2\">sonbahar olduk\u00e7a romantiktir. Yaz mevsiminin bunalt\u0131c\u0131 s\u0131ca\u011f\u0131 ve k\u0131\u015f mevsiminin kat kat giysilerle \u015fehirde dola\u015fmay\u0131 zorla\u015ft\u0131rmas\u0131n\u0131 d\u00fc\u015f\u00fcnecek olursak, sonbahar\u00a0<\/span><span class=\"s2\">bu \u015fehri\u00a0<\/span><span class=\"s2\">seyahat etmek i\u00e7in \u015fahane bir tercih<\/span><span class=\"s2\">\u00a0olacakt\u0131r<\/span><span class=\"s2\">.<\/span><span class=\"s2\">\u00a0Sonbahar renklerine b\u00fcr\u00fcnm\u00fc\u015f a\u011fa\u00e7 yapraklar\u0131yla dolu kald\u0131r\u0131mlar bir yana, Seul gezisinin bir g\u00fcn\u00fc muhakkak\u00a0<\/span><span class=\"s2\">\u015fehirdeki veya yak\u0131n mesafedeki\u00a0<\/span><span class=\"s2\">di\u011fer <\/span><span class=\"s2\">\u015fehirlerde bulunan\u00a0<\/span><span class=\"s2\">b\u00fcy\u00fck parklardan birine ayr\u0131lmal\u0131.<\/span><\/p>\n<p>&nbsp;<\/p>\n<p>\u2022\u200b\u0130ngiltere<\/p>\n<p>\u0130ngiltere sonbahar aylar\u0131ndaki g\u00fczelli\u011fiyle sizleri hayal k\u0131r\u0131kl\u0131\u011f\u0131na u\u011fratmayacak. Asl\u0131nda, Bonfire Night gecesi kutlamalar\u0131n\u0131 yakalayabilmeniz i\u00e7in seyahatinizi kas\u0131m ay\u0131 civar\u0131nda planlaman\u0131z\u0131 \u00f6neririz \u00e7\u00fcnk\u00fc bu \u00f6zel etkinlik s\u0131ras\u0131nda \u00fclke \u00e7ap\u0131nda b\u00fcy\u00fck \u015fenlik ate\u015fleri yak\u0131l\u0131r ve havai fi\u015fek g\u00f6sterileri yap\u0131l\u0131r. Kabak, yabani mantar, elma, kestane ve b\u00f6\u011f\u00fcrtlen i\u00e7eren mevsim mutfa\u011f\u0131n\u0131n tad\u0131na bakmay\u0131 da unutmay\u0131n!<\/p>\n<p>&nbsp;<\/p>\n<p>\u2022\u200bAlmanya, Bavyera<\/p>\n<p class=\"s4\"><span class=\"s3\">Sonbaharda\u00a0<\/span><span class=\"s3\">Bavyera&#8217;n\u0131n ormanlar\u0131, da\u011flar\u0131 ve g\u00f6lleri muhte\u015fem renklere b\u00fcr\u00fcn\u00fcr.\u00a0<\/span><span class=\"s3\">Alpler&#8217;in<\/span><span class=\"s3\">\u00a0eteklerinde yer alan k\u00f6yler ve kasabalar, alt\u0131n sar\u0131s\u0131, turuncu ve k\u0131rm\u0131z\u0131 yapraklarla \u00e7evrelenir.\u00a0<\/span><span class=\"s3\">Neuschwanstein<\/span><span class=\"s3\">\u00a0\u015eatosu ve\u00a0<\/span><span class=\"s3\">Hohenschwangau <\/span><span class=\"s3\">\u015eatosu gibi tarihi yap\u0131lar, bu renk c\u00fcmb\u00fc\u015f\u00fc i\u00e7inde daha da b\u00fcy\u00fcleyici g\u00f6r\u00fcn\u00fcr.\u00a0<\/span><span class=\"s3\">Ayr\u0131ca sonbaharda\u00a0<\/span><span class=\"s3\">Bavyera, d\u00fcnyan\u0131n en b\u00fcy\u00fck ve \u00fcnl\u00fc bira festivali olan <\/span><span class=\"s3\">Oktoberfest&#8217;e<\/span><span class=\"s3\">\u00a0ev sahipli\u011fi yapar. M\u00fcnih&#8217;te d\u00fczenlenen bu festival, sadece bira severler i\u00e7in de\u011fil, ayn\u0131 zamanda geleneksel Bavyera k\u00fclt\u00fcr\u00fcn\u00fc deneyimlemek isteyen herkes i\u00e7in de b\u00fcy\u00fck bir \u00e7ekim noktas\u0131d\u0131r.\u00a0<\/span><span class=\"s3\">Bavyera&#8217;n\u0131n en \u00fcnl\u00fc turistik rotalar\u0131ndan biri olan <\/span><span class=\"s3\">W\u00fcrzburg&#8217;dan<\/span><span class=\"s3\">\u00a0ba\u015flay\u0131p\u00a0<\/span><span class=\"s3\">F\u00fcssen&#8217;e<\/span><span class=\"s3\">\u00a0kadar uzanan\u00a0<\/span><span class=\"s3\">ve Romantik Yol diye adland\u0131r\u0131lan<\/span><span class=\"s3\">\u00a0rota boyunca<\/span><span class=\"s3\"> da <\/span><span class=\"s3\">pitoresk k\u00f6yler, tarihi kaleler ve muhte\u015fem do\u011fa manzaralar\u0131yla kar\u015f\u0131la\u015facaks\u0131n\u0131z.<\/span><\/p>\n<p>&nbsp;<\/p>\n<p>\u2022\u200b\u0130svi\u00e7re<\/p>\n<p>\u0130svi\u00e7re her sonbaharda, topraklar\u0131 kar \u00f6rt\u00fcleriyle kaplanmadan \u00f6nce bir masal diyar\u0131na d\u00f6n\u00fc\u015f\u00fcr. Ormanlarda kestane toplamaya gitmek, ba\u011flarda gezinti ve nefes kesen manzaralarla kar\u015f\u0131la\u015fma ihtimalinizin \u00e7ok y\u00fcksek oldu\u011fu y\u00fcr\u00fcy\u00fc\u015fler sonbaharda \u0130svi\u00e7re\u2019de sizi bekleyenlerden sadece birka\u00e7\u0131. Ayr\u0131ca \u0130svi\u00e7reliler, her y\u0131l ekim ay\u0131n\u0131n ba\u015f\u0131nda sonbahar mevsimini renkler, m\u00fczik, yemek ve \u015farapla dolu \u00fc\u00e7 g\u00fcnl\u00fck ne\u015feli bir kutlamayla kar\u015f\u0131lar.<\/p>\n<p>Umar\u0131z bu yaz\u0131 kafan\u0131zda baz\u0131 sonbahar seyahat planlar\u0131n\u0131 canland\u0131rm\u0131\u015f ve sizleri heyecanland\u0131rm\u0131\u015ft\u0131r.<\/p>\n","protected":false},"excerpt":{"rendered":"<p>Sonbahar mevsiminin kendine has bir g\u00fczelli\u011fi var. D\u00fcnya genelinde daha \u00e7ok yaz mevsiminde seyahat etmek tercih edilse de sonbaharda yeni bir yer ke\u015ffetmenin tad\u0131 bizce bamba\u015fka; daha az turist kalabal\u0131\u011f\u0131, ne \u00fc\u015f\u00fcten ne terleten hava durumu, kahverengi, k\u0131z\u0131l ve sar\u0131ya boyanm\u0131\u015f kentler\u2026 Sizler i\u00e7in sonbahar mevsiminde bir ba\u015fka g\u00fczel olan \u00fclkeleri derledik: &nbsp; \u2022\u200bJaponya, Kyoto [&hellip;]<\/p>\n","protected":false},"author":4,"featured_media":8352,"comment_status":"open","ping_status":"open","sticky":false,"template":"","format":"standard","meta":{"footnotes":""},"categories":[100,101],"tags":[],"class_list":["post-8351","post","type-post","status-publish","format-standard","has-post-thumbnail","hentry","category-dunyadan","category-sanata-dair"],"_links":{"self":[{"href":"https:\/\/www.sanatlarandevu.com\/index.php?rest_route=\/wp\/v2\/posts\/8351","targetHints":{"allow":["GET"]}}],"collection":[{"href":"https:\/\/www.sanatlarandevu.com\/index.php?rest_route=\/wp\/v2\/posts"}],"about":[{"href":"https:\/\/www.sanatlarandevu.com\/index.php?rest_route=\/wp\/v2\/types\/post"}],"author":[{"embeddable":true,"href":"https:\/\/www.sanatlarandevu.com\/index.php?rest_route=\/wp\/v2\/users\/4"}],"replies":[{"embeddable":true,"href":"https:\/\/www.sanatlarandevu.com\/index.php?rest_route=%2Fwp%2Fv2%2Fcomments&post=8351"}],"version-history":[{"count":2,"href":"https:\/\/www.sanatlarandevu.com\/index.php?rest_route=\/wp\/v2\/posts\/8351\/revisions"}],"predecessor-version":[{"id":8354,"href":"https:\/\/www.sanatlarandevu.com\/index.php?rest_route=\/wp\/v2\/posts\/8351\/revisions\/8354"}],"wp:featuredmedia":[{"embeddable":true,"href":"https:\/\/www.sanatlarandevu.com\/index.php?rest_route=\/wp\/v2\/media\/8352"}],"wp:attachment":[{"href":"https:\/\/www.sanatlarandevu.com\/index.php?rest_route=%2Fwp%2Fv2%2Fmedia&parent=8351"}],"wp:term":[{"taxonomy":"category","embeddable":true,"href":"https:\/\/www.sanatlarandevu.com\/index.php?rest_route=%2Fwp%2Fv2%2Fcategories&post=8351"},{"taxonomy":"post_tag","embeddable":true,"href":"https:\/\/www.sanatlarandevu.com\/index.php?rest_route=%2Fwp%2Fv2%2Ftags&post=8351"}],"curies":[{"name":"wp","href":"https:\/\/api.w.org\/{rel}","templated":true}]}}