{"id":9342,"date":"2025-06-12T07:59:33","date_gmt":"2025-06-12T07:59:33","guid":{"rendered":"https:\/\/ww2.sanatlarandevu.com\/?p=9342"},"modified":"2025-06-12T07:59:33","modified_gmt":"2025-06-12T07:59:33","slug":"cilek-dolunayi-goklerde-yazin-habercisi","status":"publish","type":"post","link":"https:\/\/www.sanatlarandevu.com\/?p=9342","title":{"rendered":"\u00c7ilek Dolunay\u0131: G\u00f6klerde Yaz\u0131n Habercisi"},"content":{"rendered":"<p>D\u00fcn gece g\u00f6ky\u00fcz\u00fcnde parlayan dolunay\u0131n ad\u0131 kula\u011fa tatl\u0131 geliyor: <b>\u00c7ilek Dolunay\u0131<\/b>. Peki neden \u201c\u00e7ilek\u201d? Ger\u00e7ekten pembe mi? \u0130\u015fte cevab\u0131:<\/p>\n<p><b>Asl\u0131nda Ay\u2019\u0131n rengi de\u011fi\u015fmedi.<\/b><b><\/b><\/p>\n<p>Bu ismin k\u00f6keni, Kuzey Amerika\u2019daki Algonquin yerlilerine dayan\u0131yor. Haziran ay\u0131nda \u00e7ilek hasad\u0131 ba\u015flad\u0131\u011f\u0131 i\u00e7in bu dolunaya \u201cStrawberry Moon\u201d ad\u0131n\u0131 vermi\u015fler. Yani isim, Ay\u2019\u0131n rengiyle de\u011fil, takvimle ilgili.<\/p>\n<p><b>Astronomik olarak Yay burcunda ger\u00e7ekle\u015fti.<\/b><b><\/b><\/p>\n<p>Bu da g\u00f6ky\u00fcz\u00fcnde ke\u015fif, \u00f6zg\u00fcrl\u00fck ve yeni yollar aray\u0131\u015f\u0131 temalar\u0131n\u0131 \u00f6ne \u00e7\u0131kard\u0131. Pek \u00e7ok ki\u015fi i\u00e7in duygusal fark\u0131ndal\u0131klar ve i\u00e7sel kapan\u0131\u015flar getirdi.<\/p>\n<p><b>Rit\u00fceller i\u00e7in g\u00fc\u00e7l\u00fc bir geceydi.<\/b><b><\/b><\/p>\n<p>Niyet etmek, yazmak, b\u0131rakmak ve ba\u015flamak i\u00e7in Ay\u2019\u0131n enerjisi destekleyiciydi. Yaz\u0131n geli\u015fiyle birlikte bir yenilenme daveti gibiydi adeta.<\/p>\n<p>G\u00f6ky\u00fcz\u00fcn\u00fc izlediniz mi d\u00fcn gece? Turuncuya \u00e7alan dev bir Ay g\u00f6rd\u00fcyseniz, atmosferin k\u00fc\u00e7\u00fck bir oyunuydu bu. \u00c7ilekle tek ortak noktalar\u0131: s\u0131cakl\u0131k, yaz ve biraz da romantizm.<\/p>\n<p>Foto\u011fraf: Darrin Zammit Lupi, Reuters<\/p>\n","protected":false},"excerpt":{"rendered":"<p>D\u00fcn gece g\u00f6ky\u00fcz\u00fcnde parlayan dolunay\u0131n ad\u0131 kula\u011fa tatl\u0131 geliyor: \u00c7ilek Dolunay\u0131. Peki neden \u201c\u00e7ilek\u201d? Ger\u00e7ekten pembe mi? \u0130\u015fte cevab\u0131: Asl\u0131nda Ay\u2019\u0131n rengi de\u011fi\u015fmedi. Bu ismin k\u00f6keni, Kuzey Amerika\u2019daki Algonquin yerlilerine dayan\u0131yor. Haziran ay\u0131nda \u00e7ilek hasad\u0131 ba\u015flad\u0131\u011f\u0131 i\u00e7in bu dolunaya \u201cStrawberry Moon\u201d ad\u0131n\u0131 vermi\u015fler. Yani isim, Ay\u2019\u0131n rengiyle de\u011fil, takvimle ilgili. Astronomik olarak Yay burcunda ger\u00e7ekle\u015fti. [&hellip;]<\/p>\n","protected":false},"author":4,"featured_media":9343,"comment_status":"open","ping_status":"open","sticky":false,"template":"","format":"standard","meta":{"footnotes":""},"categories":[100],"tags":[],"class_list":["post-9342","post","type-post","status-publish","format-standard","has-post-thumbnail","hentry","category-dunyadan"],"_links":{"self":[{"href":"https:\/\/www.sanatlarandevu.com\/index.php?rest_route=\/wp\/v2\/posts\/9342","targetHints":{"allow":["GET"]}}],"collection":[{"href":"https:\/\/www.sanatlarandevu.com\/index.php?rest_route=\/wp\/v2\/posts"}],"about":[{"href":"https:\/\/www.sanatlarandevu.com\/index.php?rest_route=\/wp\/v2\/types\/post"}],"author":[{"embeddable":true,"href":"https:\/\/www.sanatlarandevu.com\/index.php?rest_route=\/wp\/v2\/users\/4"}],"replies":[{"embeddable":true,"href":"https:\/\/www.sanatlarandevu.com\/index.php?rest_route=%2Fwp%2Fv2%2Fcomments&post=9342"}],"version-history":[{"count":2,"href":"https:\/\/www.sanatlarandevu.com\/index.php?rest_route=\/wp\/v2\/posts\/9342\/revisions"}],"predecessor-version":[{"id":9345,"href":"https:\/\/www.sanatlarandevu.com\/index.php?rest_route=\/wp\/v2\/posts\/9342\/revisions\/9345"}],"wp:featuredmedia":[{"embeddable":true,"href":"https:\/\/www.sanatlarandevu.com\/index.php?rest_route=\/wp\/v2\/media\/9343"}],"wp:attachment":[{"href":"https:\/\/www.sanatlarandevu.com\/index.php?rest_route=%2Fwp%2Fv2%2Fmedia&parent=9342"}],"wp:term":[{"taxonomy":"category","embeddable":true,"href":"https:\/\/www.sanatlarandevu.com\/index.php?rest_route=%2Fwp%2Fv2%2Fcategories&post=9342"},{"taxonomy":"post_tag","embeddable":true,"href":"https:\/\/www.sanatlarandevu.com\/index.php?rest_route=%2Fwp%2Fv2%2Ftags&post=9342"}],"curies":[{"name":"wp","href":"https:\/\/api.w.org\/{rel}","templated":true}]}}