{"id":9361,"date":"2025-06-16T09:28:37","date_gmt":"2025-06-16T09:28:37","guid":{"rendered":"https:\/\/ww2.sanatlarandevu.com\/?p=9361"},"modified":"2025-06-16T09:28:37","modified_gmt":"2025-06-16T09:28:37","slug":"dunyanin-dort-bir-yaninda-sanatla-randevu-2025in-ilham-veren-sergi-ve-bienalleri","status":"publish","type":"post","link":"https:\/\/www.sanatlarandevu.com\/?p=9361","title":{"rendered":"D\u00fcnyan\u0131n D\u00f6rt Bir Yan\u0131nda Sanatla Randevu: 2025\u2019in \u0130lham Veren Sergi ve Bienalleri"},"content":{"rendered":"<p>Bizler Sanatla Randevu olarak d\u00fcnyan\u0131n neresine gidersek gidelim kalbimize dokunacak sergi ve bienalleri de mutlaka program\u0131m\u0131za alman\u0131n bir yolunu ar\u0131yoruz. Bizleri takip eden de\u011ferli sanatsever dostlar\u0131m\u0131z\u0131n da sanatla dolu ge\u00e7en g\u00fcnleri daha verimli ve ilham dolu sayd\u0131\u011f\u0131n\u0131 biliyoruz.<span class=\"Apple-converted-space\">\u00a0<\/span><\/p>\n<p>Bu y\u00fczden Sanatla Randevu rehberli\u011finde rotan\u0131z\u0131 ilhamla \u00e7izmeniz i\u00e7in en dikkat \u00e7ekici duraklar\u0131 sizin i\u00e7in derledik.<span class=\"Apple-converted-space\">\u00a0<\/span><\/p>\n<ul>\n<li>Berlin Bienali \u2013 \u201cKatmanl\u0131 Bir Haf\u0131za Haritas\u0131\u201d 14 Haziran \u2013 14 Eyl\u00fcl 2025 \/ Berlin, Almanya<\/li>\n<\/ul>\n<p>Berlin\u2019in dokusuna i\u015fleyen \u00e7a\u011fda\u015f sanat \u00f6rnekleri; kentin ge\u00e7mi\u015fine ve gelece\u011fine dair katmanl\u0131 bir haf\u0131za haritas\u0131 \u00e7\u0131kar\u0131yor. Kurat\u00f6ryel derinli\u011fiyle merak uyand\u0131ran bienal, \u015fehrin sokaklar\u0131yla sanat\u0131n kesi\u015fti\u011fi bir\u00e7ok mekanda gezebilece\u011finiz bir deneyim sunuyor.<span class=\"Apple-converted-space\">\u00a0<\/span><\/p>\n<ul>\n<li>Royal Academy Summer Exhibition \u2013 \u201cS\u00fcreklilik ve Diyalog\u201d 17 Haziran \u2013 17 A\u011fustos 2025 \/ Royal Academy, Londra<\/li>\n<\/ul>\n<p>Her ya\u015ftan sanat\u00e7\u0131ya a\u00e7\u0131k, disiplinler aras\u0131 ve kapsay\u0131c\u0131 bir sergi; bu y\u0131l \u201cDialogues\u201d temas\u0131yla s\u00fcr\u00fcyor. K\u0131sa, samimi ve d\u00fc\u015f\u00fcnd\u00fcr\u00fcc\u00fc eserlerle dolu bu dev yaz sergisi, sanat\u0131n ne kadar canl\u0131 ve g\u00fcncel olabilece\u011fini hat\u0131rlat\u0131yor.<span class=\"Apple-converted-space\">\u00a0<\/span><\/p>\n<ul>\n<li>Yoshitomo Nara Retrospektifi \u2013 \u201c\u0130\u00e7 D\u00fcnyalara Yolculuk\u201d 10 Haziran \u2013 31 A\u011fustos 2025 \/ Hayward Gallery, Londra<\/li>\n<\/ul>\n<p>Japon sanat\u00e7\u0131n\u0131n Avrupa\u2019daki en b\u00fcy\u00fck kapsaml\u0131 sergisi olan bu retrospektif, Nara&#8217;n\u0131n melankoli, \u00f6fke ve \u00e7ocuklu\u011fun i\u00e7 d\u00fcnyalar\u0131n\u0131 yans\u0131t\u0131yor. 150\u2019den fazla eser, onun punk ruhunu ve duygusal derinli\u011fini Londra\u2019da bulu\u015fturuyor.<span class=\"Apple-converted-space\">\u00a0<\/span><\/p>\n<ul>\n<li>London Design Biennale \u2013 \u201cMalzemenin Haf\u0131zas\u0131\u201d 5 \u2013 29 Haziran 2025 \/ Somerset House, Londra<\/li>\n<\/ul>\n<p>\u201cSurface Reflections\u201d temas\u0131yla ger\u00e7ekle\u015fen be\u015finci edisyon, malzeme, haf\u0131za ve kimlik aras\u0131ndaki ili\u015fkiyi g\u00fcndeme ta\u015f\u0131yor. Kapsaml\u0131 etkinlik program\u0131 ve uluslararas\u0131 kat\u0131l\u0131m\u0131yla tasar\u0131m\u0131n d\u00f6n\u00fc\u015ft\u00fcr\u00fcc\u00fc g\u00fcc\u00fcn\u00fc kutluyor.<\/p>\n<p>Sanatla Randevu Notu: Bu liste hem farkl\u0131 k\u0131talar hem g\u00fc\u00e7l\u00fc temalar aras\u0131nda bizleri \u00f6zel bir sanat rotas\u0131na \u00e7\u0131kar\u0131yor. Hangi sergi sizi d\u00fc\u015f\u00fcnceyle, hangi bienal sizi hisle bulu\u015fturacak merak ediyoruz\u2026<\/p>\n<p>&nbsp;<\/p>\n<p>Photo: royalacademy.org.uk<\/p>\n","protected":false},"excerpt":{"rendered":"<p>Bizler Sanatla Randevu olarak d\u00fcnyan\u0131n neresine gidersek gidelim kalbimize dokunacak sergi ve bienalleri de mutlaka program\u0131m\u0131za alman\u0131n bir yolunu ar\u0131yoruz. Bizleri takip eden de\u011ferli sanatsever dostlar\u0131m\u0131z\u0131n da sanatla dolu ge\u00e7en g\u00fcnleri daha verimli ve ilham dolu sayd\u0131\u011f\u0131n\u0131 biliyoruz.\u00a0 Bu y\u00fczden Sanatla Randevu rehberli\u011finde rotan\u0131z\u0131 ilhamla \u00e7izmeniz i\u00e7in en dikkat \u00e7ekici duraklar\u0131 sizin i\u00e7in derledik.\u00a0 Berlin [&hellip;]<\/p>\n","protected":false},"author":4,"featured_media":9362,"comment_status":"open","ping_status":"open","sticky":false,"template":"","format":"standard","meta":{"footnotes":""},"categories":[100,101,1],"tags":[],"class_list":["post-9361","post","type-post","status-publish","format-standard","has-post-thumbnail","hentry","category-dunyadan","category-sanata-dair","category-yazilar"],"_links":{"self":[{"href":"https:\/\/www.sanatlarandevu.com\/index.php?rest_route=\/wp\/v2\/posts\/9361","targetHints":{"allow":["GET"]}}],"collection":[{"href":"https:\/\/www.sanatlarandevu.com\/index.php?rest_route=\/wp\/v2\/posts"}],"about":[{"href":"https:\/\/www.sanatlarandevu.com\/index.php?rest_route=\/wp\/v2\/types\/post"}],"author":[{"embeddable":true,"href":"https:\/\/www.sanatlarandevu.com\/index.php?rest_route=\/wp\/v2\/users\/4"}],"replies":[{"embeddable":true,"href":"https:\/\/www.sanatlarandevu.com\/index.php?rest_route=%2Fwp%2Fv2%2Fcomments&post=9361"}],"version-history":[{"count":2,"href":"https:\/\/www.sanatlarandevu.com\/index.php?rest_route=\/wp\/v2\/posts\/9361\/revisions"}],"predecessor-version":[{"id":9364,"href":"https:\/\/www.sanatlarandevu.com\/index.php?rest_route=\/wp\/v2\/posts\/9361\/revisions\/9364"}],"wp:featuredmedia":[{"embeddable":true,"href":"https:\/\/www.sanatlarandevu.com\/index.php?rest_route=\/wp\/v2\/media\/9362"}],"wp:attachment":[{"href":"https:\/\/www.sanatlarandevu.com\/index.php?rest_route=%2Fwp%2Fv2%2Fmedia&parent=9361"}],"wp:term":[{"taxonomy":"category","embeddable":true,"href":"https:\/\/www.sanatlarandevu.com\/index.php?rest_route=%2Fwp%2Fv2%2Fcategories&post=9361"},{"taxonomy":"post_tag","embeddable":true,"href":"https:\/\/www.sanatlarandevu.com\/index.php?rest_route=%2Fwp%2Fv2%2Ftags&post=9361"}],"curies":[{"name":"wp","href":"https:\/\/api.w.org\/{rel}","templated":true}]}}