{"id":9377,"date":"2025-06-27T16:16:42","date_gmt":"2025-06-27T16:16:42","guid":{"rendered":"https:\/\/ww2.sanatlarandevu.com\/?p=9377"},"modified":"2025-06-27T16:16:42","modified_gmt":"2025-06-27T16:16:42","slug":"matissein-iyilestigi-renkler-bizim-de-ruhumuza-iyi-gelir-mi","status":"publish","type":"post","link":"https:\/\/www.sanatlarandevu.com\/?p=9377","title":{"rendered":"Matisse\u2019in \u0130yile\u015fti\u011fi Renkler, Bizim de Ruhumuza \u0130yi Gelir mi?"},"content":{"rendered":"<p class=\"p1\"><span class=\"s2\">Gezmekten ve sanattan ilham alan Sanatla Randevu ailesi olarak baz\u0131 yolculuklar\u0131n sadece gidilen yerleri de\u011fil insan\u0131n i\u00e7ini de de\u011fi\u015ftirdi\u011fine \u015fahit oluyoruz. Yeni programlar\u0131m\u0131z\u0131 sanatsever dostlar\u0131m\u0131zla bulu\u015fturmadan \u00f6nce inceliyor, ara\u015ft\u0131r\u0131yor ve mutlaka ilham alaca\u011f\u0131m\u0131z bir bilgiye rastl\u0131yoruz.<\/span><\/p>\n<p class=\"p1\"><span class=\"s2\">Yeni gezi rotam\u0131z da tam olarak bu \u015fekilde ortaya \u00e7\u0131kt\u0131\u2026 G\u00fcney Fransa\u2019n\u0131n \u0131\u015f\u0131kla y\u0131kanm\u0131\u015f k\u00f6ylerinde, yava\u015fl\u0131\u011f\u0131n, sanat\u0131n ve do\u011fan\u0131n i\u00e7 i\u00e7e ge\u00e7ti\u011fi bir rota \u00e7izdik. Bu program\u0131 sadece bir manzara gezisi olarak de\u011fil; iz b\u0131rakm\u0131\u015f hayatlar\u0131n, f\u0131r\u00e7adan ta\u015fan hikayelerin, iyile\u015fme ve ilham\u0131n pe\u015finden gitmenin yolculu\u011fu olarak d\u00fc\u015f\u00fcnd\u00fck.<\/span><\/p>\n<p class=\"p1\"><span class=\"s1\">Fransa K\u00f6ylerinde F\u0131r\u00e7a \u0130zleri<\/span><\/p>\n<p class=\"p1\"><span class=\"s2\">1941 y\u0131l\u0131nda Henri Matisse, ba\u011f\u0131rsak kanseri nedeniyle a\u011f\u0131r bir ameliyat ge\u00e7irdi. F\u0131r\u00e7ay\u0131 eline alamayacak kadar g\u00fc\u00e7s\u00fcz d\u00fc\u015fen sanat\u00e7\u0131, iyile\u015fme umuduyla Fransa\u2019n\u0131n g\u00fcneyinde, Nice yak\u0131nlar\u0131ndaki Vence k\u00f6y\u00fcne ta\u015f\u0131nd\u0131. Doktorlar umutsuzdur ama Matisse\u2019in umudu, o k\u00f6y\u00fcn \u0131\u015f\u0131\u011f\u0131nda ye\u015ferir. G\u00fcnler ge\u00e7tik\u00e7e, renkler g\u00f6z\u00fcnde yeniden canlan\u0131r. Ve burada, hayat\u0131 bamba\u015fka bir yola girer. <\/span><\/p>\n<p class=\"p1\"><span class=\"s2\">Sanat\u0131na devam eder ve o k\u00f6yde ge\u00e7irdi\u011fi zaman yaln\u0131zca bedenen de\u011fil, ruhen de iyile\u015fmesini sa\u011flar.<\/span><\/p>\n<p class=\"p1\"><span class=\"s2\">\u00c7i\u00e7ekli balkonlar, zeytin a\u011fa\u00e7lar\u0131, yumu\u015fak Akdeniz \u0131\u015f\u0131\u011f\u0131\u2026 Vence\u2019in dingin atmosferi Matisse\u2019in hem bedenine hem ruhuna iyi gelir. <\/span><\/p>\n<p class=\"p1\"><span class=\"s2\">Art\u0131k f\u0131r\u00e7a yerine makasla \u00e7al\u0131\u015f\u0131yor, renkli ka\u011f\u0131tlar\u0131 keserek yepyeni bir ifade dili yarat\u0131yordu: papiers d\u00e9coup\u00e9s (kesme ka\u011f\u0131t kolajlar). Bu d\u00f6nemde \u00fcretti\u011fi eserler, sanat d\u00fcnyas\u0131nda devrim niteli\u011findeydi.<\/span><\/p>\n<p class=\"p1\"><span class=\"s2\">Ama Vence sadece sanatla de\u011fil, \u015fifa ile de \u00f6zde\u015fle\u015fti onun i\u00e7in. Burada tan\u0131\u015ft\u0131\u011f\u0131 bir rahibenin ilham\u0131yla, y\u0131llar sonra Rosaire \u015eapeli\u2019ni tasarlar. Matisse, bu sade ama etkileyici \u015fapeli \u201chayat\u0131m\u0131n ba\u015fyap\u0131t\u0131\u201d diye tan\u0131mlar.<\/span><\/p>\n<p class=\"p1\"><span class=\"s2\">Matisse\u2019in Vence\u2019de ge\u00e7en y\u0131llar\u0131, sanat\u0131n ve do\u011fan\u0131n nas\u0131l iyile\u015ftirici bir g\u00fcce sahip oldu\u011funu g\u00f6sterir:<\/span><\/p>\n<p class=\"p1\"><span class=\"s1\">\u201cHastal\u0131k beni \u00f6zg\u00fcrle\u015ftirdi. Daha \u00f6nce sahip olmad\u0131\u011f\u0131m bir a\u00e7\u0131kl\u0131\u011fa ula\u015ft\u0131m.\u201d<\/span><\/p>\n<p class=\"p1\"><span class=\"s2\">\u0130\u015fte biz de bu gezide, Matisse\u2019nin izinden gidiyoruz.<\/span><\/p>\n<p class=\"p1\"><span class=\"s2\">\u00c7i\u00e7ekli balkonlar\u0131n, mis kokulu patikalar\u0131n, ta\u015f sokaklar\u0131n aras\u0131nda yaln\u0131zca birer gezgin de\u011filiz art\u0131k. Ressamlar\u0131n neden bu k\u00f6ylere a\u015f\u0131k oldu\u011funu, neden burada \u00fcretmekten kendilerini alamad\u0131klar\u0131n\u0131 daha iyi anlayaca\u011f\u0131z.<\/span><\/p>\n<p class=\"p1\"><span class=\"s2\">18\u201321 Eyl\u00fcl tarihleri aras\u0131nda, renklerin ve hikayelerin pe\u015fine d\u00fc\u015fmek isteyenlerle birlikte yola \u00e7\u0131k\u0131yoruz, bize kat\u0131lmak isterseniz 0543 433 60 80\u2019den her zaman ula\u015fabilirsiniz.<\/span><\/p>\n","protected":false},"excerpt":{"rendered":"<p>Gezmekten ve sanattan ilham alan Sanatla Randevu ailesi olarak baz\u0131 yolculuklar\u0131n sadece gidilen yerleri de\u011fil insan\u0131n i\u00e7ini de de\u011fi\u015ftirdi\u011fine \u015fahit oluyoruz. Yeni programlar\u0131m\u0131z\u0131 sanatsever dostlar\u0131m\u0131zla bulu\u015fturmadan \u00f6nce inceliyor, ara\u015ft\u0131r\u0131yor ve mutlaka ilham alaca\u011f\u0131m\u0131z bir bilgiye rastl\u0131yoruz. Yeni gezi rotam\u0131z da tam olarak bu \u015fekilde ortaya \u00e7\u0131kt\u0131\u2026 G\u00fcney Fransa\u2019n\u0131n \u0131\u015f\u0131kla y\u0131kanm\u0131\u015f k\u00f6ylerinde, yava\u015fl\u0131\u011f\u0131n, sanat\u0131n ve do\u011fan\u0131n [&hellip;]<\/p>\n","protected":false},"author":4,"featured_media":9378,"comment_status":"open","ping_status":"open","sticky":false,"template":"","format":"standard","meta":{"footnotes":""},"categories":[100,121,101],"tags":[],"class_list":["post-9377","post","type-post","status-publish","format-standard","has-post-thumbnail","hentry","category-dunyadan","category-gezi","category-sanata-dair"],"_links":{"self":[{"href":"https:\/\/www.sanatlarandevu.com\/index.php?rest_route=\/wp\/v2\/posts\/9377","targetHints":{"allow":["GET"]}}],"collection":[{"href":"https:\/\/www.sanatlarandevu.com\/index.php?rest_route=\/wp\/v2\/posts"}],"about":[{"href":"https:\/\/www.sanatlarandevu.com\/index.php?rest_route=\/wp\/v2\/types\/post"}],"author":[{"embeddable":true,"href":"https:\/\/www.sanatlarandevu.com\/index.php?rest_route=\/wp\/v2\/users\/4"}],"replies":[{"embeddable":true,"href":"https:\/\/www.sanatlarandevu.com\/index.php?rest_route=%2Fwp%2Fv2%2Fcomments&post=9377"}],"version-history":[{"count":2,"href":"https:\/\/www.sanatlarandevu.com\/index.php?rest_route=\/wp\/v2\/posts\/9377\/revisions"}],"predecessor-version":[{"id":9380,"href":"https:\/\/www.sanatlarandevu.com\/index.php?rest_route=\/wp\/v2\/posts\/9377\/revisions\/9380"}],"wp:featuredmedia":[{"embeddable":true,"href":"https:\/\/www.sanatlarandevu.com\/index.php?rest_route=\/wp\/v2\/media\/9378"}],"wp:attachment":[{"href":"https:\/\/www.sanatlarandevu.com\/index.php?rest_route=%2Fwp%2Fv2%2Fmedia&parent=9377"}],"wp:term":[{"taxonomy":"category","embeddable":true,"href":"https:\/\/www.sanatlarandevu.com\/index.php?rest_route=%2Fwp%2Fv2%2Fcategories&post=9377"},{"taxonomy":"post_tag","embeddable":true,"href":"https:\/\/www.sanatlarandevu.com\/index.php?rest_route=%2Fwp%2Fv2%2Ftags&post=9377"}],"curies":[{"name":"wp","href":"https:\/\/api.w.org\/{rel}","templated":true}]}}