{"id":9381,"date":"2025-06-30T12:45:58","date_gmt":"2025-06-30T12:45:58","guid":{"rendered":"https:\/\/ww2.sanatlarandevu.com\/?p=9381"},"modified":"2025-06-30T12:47:10","modified_gmt":"2025-06-30T12:47:10","slug":"saint-paul-de-venceta-renklerin-dansi-chagall-mi-matisse-mi","status":"publish","type":"post","link":"https:\/\/www.sanatlarandevu.com\/?p=9381","title":{"rendered":"Saint-Paul-de-Vence\u2019ta Renklerin Dans\u0131: Chagall m\u0131 Matisse mi?\u00a0"},"content":{"rendered":"<p>18-21 Eyl\u00fcl&#8217;de ger\u00e7ekle\u015ftirece\u011fimiz G\u00fcney Fransa K\u00f6yleri seyahat program\u0131m\u0131z \u00f6ncesi Frans\u0131z Rivieras\u0131&#8217;n\u0131n \u0131\u015f\u0131\u011f\u0131nda yo\u011frulmu\u015f iki ustaya, iki farkl\u0131 hayal d\u00fcnyas\u0131na gidelim&#8230;<\/p>\n<p>\u2728 Chagall, Saint-Paul-de-Vence\u2019ta uzun y\u0131llar ya\u015fam\u0131\u015f; a\u015fk\u0131, masallar\u0131 ve haf\u0131zay\u0131 rengarenk tuvallerine ta\u015f\u0131m\u0131\u015f bir \u015fair ressam.<\/p>\n<p>\u2728 Matisse ise Vence\u2019deki son y\u0131llar\u0131nda renkleri dua gibi kulland\u0131\u011f\u0131 *Chapelle du Rosaire* ile hala b\u00fcy\u00fcl\u00fcyor.<\/p>\n<p>\u0130kisi de bu b\u00f6lgeyi sadece bir ilham de\u011fil, bir ya\u015fam alan\u0131 olarak g\u00f6rd\u00fc.<\/p>\n<p>Peki sizin kalbinizi hangisi daha \u00e7ok \u00e7al\u0131yor?<\/p>\n<p>\ud83d\udc99 Chagall mi?<\/p>\n<p>\ud83d\udc9b Matisse mi?<\/p>\n","protected":false},"excerpt":{"rendered":"<p>18-21 Eyl\u00fcl&#8217;de ger\u00e7ekle\u015ftirece\u011fimiz G\u00fcney Fransa K\u00f6yleri seyahat program\u0131m\u0131z \u00f6ncesi Frans\u0131z Rivieras\u0131&#8217;n\u0131n \u0131\u015f\u0131\u011f\u0131nda yo\u011frulmu\u015f iki ustaya, iki farkl\u0131 hayal d\u00fcnyas\u0131na gidelim&#8230; \u2728 Chagall, Saint-Paul-de-Vence\u2019ta uzun y\u0131llar ya\u015fam\u0131\u015f; a\u015fk\u0131, masallar\u0131 ve haf\u0131zay\u0131 rengarenk tuvallerine ta\u015f\u0131m\u0131\u015f bir \u015fair ressam. \u2728 Matisse ise Vence\u2019deki son y\u0131llar\u0131nda renkleri dua gibi kulland\u0131\u011f\u0131 *Chapelle du Rosaire* ile hala b\u00fcy\u00fcl\u00fcyor. \u0130kisi de bu [&hellip;]<\/p>\n","protected":false},"author":4,"featured_media":9382,"comment_status":"open","ping_status":"open","sticky":false,"template":"","format":"standard","meta":{"footnotes":""},"categories":[101,1],"tags":[],"class_list":["post-9381","post","type-post","status-publish","format-standard","has-post-thumbnail","hentry","category-sanata-dair","category-yazilar"],"_links":{"self":[{"href":"https:\/\/www.sanatlarandevu.com\/index.php?rest_route=\/wp\/v2\/posts\/9381","targetHints":{"allow":["GET"]}}],"collection":[{"href":"https:\/\/www.sanatlarandevu.com\/index.php?rest_route=\/wp\/v2\/posts"}],"about":[{"href":"https:\/\/www.sanatlarandevu.com\/index.php?rest_route=\/wp\/v2\/types\/post"}],"author":[{"embeddable":true,"href":"https:\/\/www.sanatlarandevu.com\/index.php?rest_route=\/wp\/v2\/users\/4"}],"replies":[{"embeddable":true,"href":"https:\/\/www.sanatlarandevu.com\/index.php?rest_route=%2Fwp%2Fv2%2Fcomments&post=9381"}],"version-history":[{"count":3,"href":"https:\/\/www.sanatlarandevu.com\/index.php?rest_route=\/wp\/v2\/posts\/9381\/revisions"}],"predecessor-version":[{"id":9385,"href":"https:\/\/www.sanatlarandevu.com\/index.php?rest_route=\/wp\/v2\/posts\/9381\/revisions\/9385"}],"wp:featuredmedia":[{"embeddable":true,"href":"https:\/\/www.sanatlarandevu.com\/index.php?rest_route=\/wp\/v2\/media\/9382"}],"wp:attachment":[{"href":"https:\/\/www.sanatlarandevu.com\/index.php?rest_route=%2Fwp%2Fv2%2Fmedia&parent=9381"}],"wp:term":[{"taxonomy":"category","embeddable":true,"href":"https:\/\/www.sanatlarandevu.com\/index.php?rest_route=%2Fwp%2Fv2%2Fcategories&post=9381"},{"taxonomy":"post_tag","embeddable":true,"href":"https:\/\/www.sanatlarandevu.com\/index.php?rest_route=%2Fwp%2Fv2%2Ftags&post=9381"}],"curies":[{"name":"wp","href":"https:\/\/api.w.org\/{rel}","templated":true}]}}