{"id":9842,"date":"2026-01-12T09:22:08","date_gmt":"2026-01-12T09:22:08","guid":{"rendered":"https:\/\/ww2.sanatlarandevu.com\/?p=9842"},"modified":"2026-01-12T09:22:08","modified_gmt":"2026-01-12T09:22:08","slug":"2026-sanat-rotalari","status":"publish","type":"post","link":"https:\/\/www.sanatlarandevu.com\/?p=9842","title":{"rendered":"2026 Sanat Rotalar\u0131"},"content":{"rendered":"<p class=\"p2\">2026 seyahat planlar\u0131n\u0131z\u0131n i\u00e7inde sanat varsa, \u015fansl\u0131s\u0131n\u0131z. \u00c7\u00fcnk\u00fc bu y\u0131l d\u00fcnya; bienaller, etkileyici sergiler, uluslararas\u0131 fuarlar ve y\u00fckselen sanat merkezleriyle dolu.<\/p>\n<p class=\"p2\">Sanatla Randevu olarak radar\u0131m\u0131za giren ve sanatseverlerin ajandas\u0131na mutlaka eklemesi gereken <b>alt\u0131 durak<\/b> se\u00e7tik.<\/p>\n<p class=\"p2\">Haz\u0131r m\u0131s\u0131n\u0131z? D\u00fcnyay\u0131 sanat\u0131n izinde dola\u015f\u0131yoruz.<\/p>\n<p>&nbsp;<\/p>\n<p class=\"p2\">\ud83c\udfa8<b> 1. Venedik, \u0130talya \u2014 La Biennale di Venezia<\/b><b><\/b><\/p>\n<p><img loading=\"lazy\" decoding=\"async\" class=\"alignnone size-medium wp-image-8219\" src=\"https:\/\/www.sanatlarandevu.com\/wp-content\/uploads\/2024\/06\/0x0-2024-venedik-bienalinde-neler-oluyor-1714049973817-300x200.jpg\" alt=\"\" width=\"300\" height=\"200\" srcset=\"https:\/\/www.sanatlarandevu.com\/wp-content\/uploads\/2024\/06\/0x0-2024-venedik-bienalinde-neler-oluyor-1714049973817-300x200.jpg 300w, https:\/\/www.sanatlarandevu.com\/wp-content\/uploads\/2024\/06\/0x0-2024-venedik-bienalinde-neler-oluyor-1714049973817-600x400.jpg 600w, https:\/\/www.sanatlarandevu.com\/wp-content\/uploads\/2024\/06\/0x0-2024-venedik-bienalinde-neler-oluyor-1714049973817.jpg 750w\" sizes=\"auto, (max-width: 300px) 100vw, 300px\" \/><\/p>\n<p class=\"p2\"><b>Neden Gitmeli?<\/b> D\u00fcnyan\u0131n en sayg\u0131n sanat etkinli\u011fi.<\/p>\n<p class=\"p2\">Venedik Bienali 2026\u2019da yine Arsenale ve Giardini boyunca kente yay\u0131l\u0131rken modern sanat\u0131n nabz\u0131n\u0131 tutacak. Uluslararas\u0131 pavyonlar, \u00e7a\u011fda\u015f sanat\u0131n b\u00fcy\u00fck isimlerinin yan\u0131 s\u0131ra ke\u015ffedilmeyi bekleyen yeni seslerle dolu olacak. Bienali Sanatla Randevu fark\u0131 ve deneyimiyle g\u00f6rmek i\u00e7in 0543 433 60 80\u2019den bize ula\u015fabilirsiniz.<\/p>\n<p>&nbsp;<\/p>\n<p class=\"p2\">\ud83c\udf0d<b> 2. Doha, Katar \u2014 Orta Do\u011fu\u2019nun Y\u0131ld\u0131z\u0131 Y\u00fckseliyor<\/b><b><\/b><\/p>\n<p><img loading=\"lazy\" decoding=\"async\" class=\"alignnone size-medium wp-image-9843\" src=\"https:\/\/www.sanatlarandevu.com\/wp-content\/uploads\/2026\/01\/uo3wovdqj0cnvjv9ew33-300x188.png\" alt=\"\" width=\"300\" height=\"188\" srcset=\"https:\/\/www.sanatlarandevu.com\/wp-content\/uploads\/2026\/01\/uo3wovdqj0cnvjv9ew33-300x188.png 300w, https:\/\/www.sanatlarandevu.com\/wp-content\/uploads\/2026\/01\/uo3wovdqj0cnvjv9ew33-1024x640.png 1024w, https:\/\/www.sanatlarandevu.com\/wp-content\/uploads\/2026\/01\/uo3wovdqj0cnvjv9ew33-768x480.png 768w, https:\/\/www.sanatlarandevu.com\/wp-content\/uploads\/2026\/01\/uo3wovdqj0cnvjv9ew33-1536x960.png 1536w, https:\/\/www.sanatlarandevu.com\/wp-content\/uploads\/2026\/01\/uo3wovdqj0cnvjv9ew33-2048x1280.png 2048w, https:\/\/www.sanatlarandevu.com\/wp-content\/uploads\/2026\/01\/uo3wovdqj0cnvjv9ew33-600x375.png 600w\" sizes=\"auto, (max-width: 300px) 100vw, 300px\" \/><\/p>\n<p class=\"p2\"><b>Neden Gitmeli?<\/b> Art Basel\u2019in yeni dura\u011f\u0131: Doha.<\/p>\n<p class=\"p2\">2026 Orta Do\u011fu sanat sahnesi i\u00e7in bir d\u00f6n\u00fcm noktas\u0131 olacak.<\/p>\n<p class=\"p2\">3\u20137 \u015eubat tarihlerinde <b>ilk Art Basel Qatar<\/b> d\u00fczenleniyor.<\/p>\n<p class=\"p2\">31 \u00fclkeden 87 galeri, Doha Design District ve M7\u2019nin \u00e7a\u011fda\u015f mimarisiyle bulu\u015facak.<\/p>\n<p class=\"p2\">Fuar\u0131n k\u00fcrat\u00f6r\u00fc M\u0131s\u0131rl\u0131 sanat\u00e7\u0131 Wael Shawky ve temas\u0131 <b>\u201cBecoming\u201d<\/b>.<\/p>\n<p class=\"p2\">Katar\u2019\u0131n k\u00fclt\u00fcrel at\u0131l\u0131m\u0131n\u0131 yerinde g\u00f6rmek isteyenler i\u00e7in bulunmaz f\u0131rsat.<\/p>\n<p>&nbsp;<\/p>\n<p class=\"p2\">\ud83c\udf1e<b> 3. Sydney, Avustralya \u2014 G\u00fcne\u015fli Bienal \u015eehri<\/b><b><\/b><\/p>\n<p><img loading=\"lazy\" decoding=\"async\" class=\"alignnone size-medium wp-image-9844\" src=\"https:\/\/www.sanatlarandevu.com\/wp-content\/uploads\/2026\/01\/biennale-2024-300x144.webp\" alt=\"\" width=\"300\" height=\"144\" srcset=\"https:\/\/www.sanatlarandevu.com\/wp-content\/uploads\/2026\/01\/biennale-2024-300x144.webp 300w, https:\/\/www.sanatlarandevu.com\/wp-content\/uploads\/2026\/01\/biennale-2024-768x369.webp 768w, https:\/\/www.sanatlarandevu.com\/wp-content\/uploads\/2026\/01\/biennale-2024-600x288.webp 600w, https:\/\/www.sanatlarandevu.com\/wp-content\/uploads\/2026\/01\/biennale-2024.webp 1000w\" sizes=\"auto, (max-width: 300px) 100vw, 300px\" \/><\/p>\n<p class=\"p2\"><b>Neden Gitmeli?<\/b> Sanatla nefes alan liman kenti.<\/p>\n<p class=\"p2\"><b>25. Sydney Bienali<\/b>, 14 Mart\u201314 Haziran 2026 aras\u0131nda ger\u00e7ekle\u015fiyor.<\/p>\n<p class=\"p2\">\u015eehrin m\u00fczeleri, liman k\u0131y\u0131s\u0131 kurumlar\u0131 ve end\u00fcstriyel mimari harikas\u0131 <b>White Bay Power Station<\/b>, \u00e7a\u011fda\u015f sanatla yeniden tan\u0131mlanacak.<\/p>\n<p class=\"p2\">Bu y\u0131l\u0131n temas\u0131: <b>\u201cRememory\u201d<\/b> \u2014 K\u00fcrat\u00f6r: Hoor Al-Qasimi.<\/p>\n<p>&nbsp;<\/p>\n<p class=\"p2\">\ud83d\uded5<b> 4. Bangkok, Tayland \u2014 Asya\u2019n\u0131n Parlayan Sahnesi<\/b><b><\/b><\/p>\n<p class=\"p2\"><b>Neden Gitmeli?<\/b> Tap\u0131naklar\u0131n i\u00e7inde \u00e7a\u011fda\u015f sanat deneyimi.<\/p>\n<p class=\"p2\">2026 Ekim\u2019de <b>5. Bangkok Bienali<\/b> geri d\u00f6n\u00fcyor.<\/p>\n<p class=\"p2\">Tema: <b>\u201cAngels and Mara\u201d<\/b><b><\/b><\/p>\n<p class=\"p2\">Sergiler \u015fehir geneline yay\u0131l\u0131yor:<\/p>\n<p class=\"p2\">\u2022Wat Pho gibi tap\u0131naklar<\/p>\n<p class=\"p2\">\u2022Bangkok Art &amp; Culture Centre gibi k\u00fclt\u00fcr mekanlar\u0131<\/p>\n<p class=\"p2\">S\u0131cakkanl\u0131 \u015fehir, s\u00fcrprizlerle dolu sanat duraklar\u0131 sunuyor.<\/p>\n<p>&nbsp;<\/p>\n<p class=\"p2\">\ud83d\udda4<b> 5. Lagos, Nijerya \u2014 Afrika\u2019n\u0131n Sanat Motoru<\/b><b><\/b><\/p>\n<p class=\"p2\"><b>Neden Gitmeli?<\/b> Bat\u0131 Afrika\u2019n\u0131n en g\u00fc\u00e7l\u00fc \u00e7a\u011fda\u015f sanat platformu.<\/p>\n<p class=\"p2\"><b>Lagos Bienali<\/b>, 17 Ekim\u201318 Aral\u0131k aras\u0131nda 5. kez d\u00fczenleniyor.<\/p>\n<p class=\"p2\">K\u00fcrat\u00f6r: Folakunle Oshun<\/p>\n<p class=\"p2\">Tema: <b>\u201cThe Museum of Things Unseen\u201d<\/b><b><\/b><\/p>\n<p class=\"p2\">\u015eehrin yo\u011fun ritmine, politik dinamizmine ve sanat\u0131 geleneksel olmayan mekanlarla bulu\u015fturan deneyimlerine haz\u0131rl\u0131kl\u0131 olun.<\/p>\n<p>&nbsp;<\/p>\n<p class=\"p2\">\ud83c\uddfa\ud83c\uddf8<b> 6. Philadelphia, ABD \u2014 Yeni Bir Sanat \u00c7ekim Alan\u0131<\/b><b><\/b><\/p>\n<p><img loading=\"lazy\" decoding=\"async\" class=\"alignnone size-full wp-image-9845\" src=\"https:\/\/www.sanatlarandevu.com\/wp-content\/uploads\/2026\/01\/images.jpeg\" alt=\"\" width=\"259\" height=\"194\" \/><\/p>\n<p class=\"p2\"><b>Neden Gitmeli?<\/b> Alexander Calder i\u00e7in bir tap\u0131nak.<\/p>\n<p class=\"p2\">Tarihi, m\u00fczeleri ve k\u00fclt\u00fcrel kurumlar\u0131yla \u00f6ne \u00e7\u0131kan Philadelphia, 2026\u2019ya yeni bir ikonla giriyor: <b>Calder Gardens<\/b><b><\/b><\/p>\n<p class=\"p2\">Eyl\u00fcl 2025\u2019te a\u00e7\u0131lan bu m\u00fcze &amp; heykel bah\u00e7esi,<\/p>\n<p class=\"p2\">sanat\u00e7\u0131n\u0131n 50 y\u0131ll\u0131k \u00fcretimini;<\/p>\n<p class=\"p2\">\u2022ka\u011f\u0131t i\u015flerinden<\/p>\n<p class=\"p2\">\u2022dev mobil ve stabil heykellere kadar rotasyonlu sergilerle sunuyor.<\/p>\n<p class=\"p2\">Huzurlu, mimariyle do\u011fan\u0131n birle\u015fti\u011fi bir sanat vahas\u0131.<\/p>\n<p>&nbsp;<\/p>\n<p class=\"p2\">Photo by Iwan Baan<\/p>\n","protected":false},"excerpt":{"rendered":"<p>2026 seyahat planlar\u0131n\u0131z\u0131n i\u00e7inde sanat varsa, \u015fansl\u0131s\u0131n\u0131z. \u00c7\u00fcnk\u00fc bu y\u0131l d\u00fcnya; bienaller, etkileyici sergiler, uluslararas\u0131 fuarlar ve y\u00fckselen sanat merkezleriyle dolu. Sanatla Randevu olarak radar\u0131m\u0131za giren ve sanatseverlerin ajandas\u0131na mutlaka eklemesi gereken alt\u0131 durak se\u00e7tik. Haz\u0131r m\u0131s\u0131n\u0131z? D\u00fcnyay\u0131 sanat\u0131n izinde dola\u015f\u0131yoruz. &nbsp; \ud83c\udfa8 1. Venedik, \u0130talya \u2014 La Biennale di Venezia Neden Gitmeli? D\u00fcnyan\u0131n en [&hellip;]<\/p>\n","protected":false},"author":4,"featured_media":9846,"comment_status":"open","ping_status":"open","sticky":false,"template":"","format":"standard","meta":{"footnotes":""},"categories":[100,101],"tags":[],"class_list":["post-9842","post","type-post","status-publish","format-standard","has-post-thumbnail","hentry","category-dunyadan","category-sanata-dair"],"_links":{"self":[{"href":"https:\/\/www.sanatlarandevu.com\/index.php?rest_route=\/wp\/v2\/posts\/9842","targetHints":{"allow":["GET"]}}],"collection":[{"href":"https:\/\/www.sanatlarandevu.com\/index.php?rest_route=\/wp\/v2\/posts"}],"about":[{"href":"https:\/\/www.sanatlarandevu.com\/index.php?rest_route=\/wp\/v2\/types\/post"}],"author":[{"embeddable":true,"href":"https:\/\/www.sanatlarandevu.com\/index.php?rest_route=\/wp\/v2\/users\/4"}],"replies":[{"embeddable":true,"href":"https:\/\/www.sanatlarandevu.com\/index.php?rest_route=%2Fwp%2Fv2%2Fcomments&post=9842"}],"version-history":[{"count":2,"href":"https:\/\/www.sanatlarandevu.com\/index.php?rest_route=\/wp\/v2\/posts\/9842\/revisions"}],"predecessor-version":[{"id":9848,"href":"https:\/\/www.sanatlarandevu.com\/index.php?rest_route=\/wp\/v2\/posts\/9842\/revisions\/9848"}],"wp:featuredmedia":[{"embeddable":true,"href":"https:\/\/www.sanatlarandevu.com\/index.php?rest_route=\/wp\/v2\/media\/9846"}],"wp:attachment":[{"href":"https:\/\/www.sanatlarandevu.com\/index.php?rest_route=%2Fwp%2Fv2%2Fmedia&parent=9842"}],"wp:term":[{"taxonomy":"category","embeddable":true,"href":"https:\/\/www.sanatlarandevu.com\/index.php?rest_route=%2Fwp%2Fv2%2Fcategories&post=9842"},{"taxonomy":"post_tag","embeddable":true,"href":"https:\/\/www.sanatlarandevu.com\/index.php?rest_route=%2Fwp%2Fv2%2Ftags&post=9842"}],"curies":[{"name":"wp","href":"https:\/\/api.w.org\/{rel}","templated":true}]}}