{"id":9862,"date":"2026-01-19T07:43:15","date_gmt":"2026-01-19T07:43:15","guid":{"rendered":"https:\/\/ww2.sanatlarandevu.com\/?p=9862"},"modified":"2026-01-19T10:10:22","modified_gmt":"2026-01-19T10:10:22","slug":"moda-muzeye-tasiniyor-2026nin-en-onemli-moda-sergileri","status":"publish","type":"post","link":"https:\/\/www.sanatlarandevu.com\/?p=9862","title":{"rendered":"Moda M\u00fczeye Ta\u015f\u0131n\u0131yor: 2026\u2019n\u0131n En \u00d6nemli Moda Sergileri"},"content":{"rendered":"<p class=\"p1\">Bu y\u0131l moda, yaln\u0131zca giydi\u011fimiz \u015feylere dair de\u011fil.<\/p>\n<p class=\"p1\">2026\u2019n\u0131n uluslararas\u0131 m\u00fcze takvimi g\u00f6steriyor ki k\u0131yafetler, kuma\u015flar ve siluetler; kimli\u011fin, tarihin ve k\u00fclt\u00fcr \u00fcretiminin en g\u00fc\u00e7l\u00fc anlat\u0131c\u0131lar\u0131 haline geliyor.<\/p>\n<p class=\"p1\">Sanatla Randevu olarak d\u00fcnya sahnesinde iz b\u0131rakacak <b>be\u015f dev moda sergisini<\/b> sizin i\u00e7in se\u00e7tik.<\/p>\n<p class=\"p1\">\u2e3b<\/p>\n<p class=\"p1\">\ud83d\udc57<b> Schiaparelli: Fashion Becomes Art<\/b><b><\/b><\/p>\n<p class=\"p1\">\ud83d\udccd <i>Victoria &amp; Albert Museum, Londra<\/i><i><\/i><\/p>\n<p class=\"p1\">\ud83d\udcc6 <b>21 Mart \u2013 1 Kas\u0131m 2026<\/b><b><\/b><\/p>\n<p class=\"p1\">S\u00fcrrealizm ile haute couture\u2019un en b\u00fcy\u00fcleyici bulu\u015fmas\u0131.<\/p>\n<p class=\"p1\">Elsa Schiaparelli yaln\u0131zca k\u0131yafet tasarlamad\u0131 \u2014 bir d\u00fc\u015f\u00fcnme bi\u00e7imini yaratt\u0131. Salvador Dal\u00ed ve Man Ray gibi sanat\u00e7\u0131larla kurdu\u011fu i\u015fbirlikleri onu modan\u0131n avangard taraf\u0131n\u0131n simgesi haline getirdi.<\/p>\n<p class=\"p1\">Bu sergi, tasar\u0131m d\u00fcnyas\u0131n\u0131n en c\u00fcretkar zihinlerinden birinin miras\u0131n\u0131 yeniden canland\u0131r\u0131yor.<\/p>\n<p><img loading=\"lazy\" decoding=\"async\" class=\"alignnone size-medium wp-image-9863\" src=\"https:\/\/www.sanatlarandevu.com\/wp-content\/uploads\/2026\/01\/2560-300x262.jpg\" alt=\"\" width=\"300\" height=\"262\" srcset=\"https:\/\/www.sanatlarandevu.com\/wp-content\/uploads\/2026\/01\/2560-300x262.jpg 300w, https:\/\/www.sanatlarandevu.com\/wp-content\/uploads\/2026\/01\/2560-1024x896.jpg 1024w, https:\/\/www.sanatlarandevu.com\/wp-content\/uploads\/2026\/01\/2560-768x672.jpg 768w, https:\/\/www.sanatlarandevu.com\/wp-content\/uploads\/2026\/01\/2560-1536x1343.jpg 1536w, https:\/\/www.sanatlarandevu.com\/wp-content\/uploads\/2026\/01\/2560-2048x1791.jpg 2048w, https:\/\/www.sanatlarandevu.com\/wp-content\/uploads\/2026\/01\/2560-600x525.jpg 600w\" sizes=\"auto, (max-width: 300px) 100vw, 300px\" \/><\/p>\n<p class=\"p1\">\u2e3b<\/p>\n<p class=\"p1\">\ud83d\udc51<b> Queen Elizabeth II: Her Life in Style<\/b><b><\/b><\/p>\n<p class=\"p1\">\ud83d\udccd <i>The King\u2019s Gallery, Buckingham Palace<\/i><i><\/i><\/p>\n<p class=\"p1\">\ud83d\udcc6 <b>10 Nisan \u2013 18 Ekim 2026<\/b><b><\/b><\/p>\n<p class=\"p1\">Krali\u00e7e II. Elizabeth\u2019in ikonik duru\u015fu ve sade zarafeti, k\u00fcresel moda tarihinin bir par\u00e7as\u0131 haline geldi.<\/p>\n<p class=\"p1\">Sergi, Krali\u00e7e\u2019nin se\u00e7ti\u011fi kuma\u015flardan \u00f6zel haz\u0131rlanm\u0131\u015f desenlere, t\u00f6ren giysilerinden diplomatik protokol k\u0131yafetlerine uzanan kapsaml\u0131 bir se\u00e7ki sunuyor.<\/p>\n<p class=\"p1\">Bir gard\u0131rop, bir halk\u0131n haf\u0131zas\u0131n\u0131 anlatabilir mi? Bu sergi \u201cevet\u201d diyor.<\/p>\n<p><img loading=\"lazy\" decoding=\"async\" class=\"alignnone size-medium wp-image-9865\" src=\"https:\/\/www.sanatlarandevu.com\/wp-content\/uploads\/2026\/01\/bridesmaid-dress-1010.jpg-300x192.webp\" alt=\"\" width=\"300\" height=\"192\" srcset=\"https:\/\/www.sanatlarandevu.com\/wp-content\/uploads\/2026\/01\/bridesmaid-dress-1010.jpg-300x192.webp 300w, https:\/\/www.sanatlarandevu.com\/wp-content\/uploads\/2026\/01\/bridesmaid-dress-1010.jpg-768x493.webp 768w, https:\/\/www.sanatlarandevu.com\/wp-content\/uploads\/2026\/01\/bridesmaid-dress-1010.jpg-700x450.webp 700w, https:\/\/www.sanatlarandevu.com\/wp-content\/uploads\/2026\/01\/bridesmaid-dress-1010.jpg-600x385.webp 600w, https:\/\/www.sanatlarandevu.com\/wp-content\/uploads\/2026\/01\/bridesmaid-dress-1010.jpg.webp 1010w\" sizes=\"auto, (max-width: 300px) 100vw, 300px\" \/><\/p>\n<p class=\"p1\">\u2e3b<\/p>\n<p class=\"p1\">\ud83d\udd7a<b> Catwalk: The Art of the Fashion Show<\/b><b><\/b><\/p>\n<p class=\"p1\">\ud83d\udccd <i>V&amp;A Dundee<\/i><i><\/i><\/p>\n<p class=\"p1\">\ud83d\udcc6 <b>3 Nisan 2026 \u2013 17 Ocak 2027<\/b><b><\/b><\/p>\n<p class=\"p1\">Bir defile yaln\u0131zca k\u0131yafetlerden mi ibaret?<\/p>\n<p class=\"p1\">Podyumun sahneleme dili art\u0131k sanat\u0131n bir alt formu olarak tart\u0131\u015f\u0131l\u0131yor.<\/p>\n<p class=\"p1\">Bu sergi;<\/p>\n<p class=\"p1\">Alexander McQueen, Chanel, Dior ve Louis Vuitton gibi markalar\u0131n ikonik defilelerinden par\u00e7alar, maketler, \u0131\u015f\u0131k-m\u00fczik d\u00fczenleri ve sahne tasar\u0131mlar\u0131yla moda \u015fovlar\u0131n\u0131n i\u00e7 d\u00fcnyas\u0131n\u0131 a\u00e7\u0131\u011fa \u00e7\u0131kar\u0131yor.<\/p>\n<p class=\"p1\">\u2e3b<\/p>\n<p class=\"p1\">\ud83c\udde7\ud83c\uddea<b> The Antwerp Six<\/b><b><\/b><\/p>\n<p class=\"p1\">\ud83d\udccd <i>MoMu \u2013 Antwerp<\/i><i><\/i><\/p>\n<p class=\"p1\">\ud83d\udcc6 <b>28 Mart 2026 \u2013 17 Ocak 2027<\/b><b><\/b><\/p>\n<p class=\"p1\">1980\u2019lerde Bel\u00e7ika\u2019dan \u00e7\u0131kan alt\u0131 gen\u00e7 tasar\u0131mc\u0131 moda d\u00fcnyas\u0131n\u0131n dengesini de\u011fi\u015ftirdi:<\/p>\n<p class=\"p1\"><b>Dries Van Noten, Ann Demeulemeester, Walter Van Beirendonck, Dirk Bikkembergs, Dirk Van Saene ve Marina Yee.<\/b><b><\/b><\/p>\n<p class=\"p1\">Bu sergi, Antwerp modas\u0131n\u0131n yaratt\u0131\u011f\u0131 k\u00fclt\u00fcrel dalgay\u0131 bug\u00fcnden geriye do\u011fru izlemeye \u00e7a\u011f\u0131r\u0131yor.<\/p>\n<p><img loading=\"lazy\" decoding=\"async\" class=\"alignnone size-medium wp-image-9866\" src=\"https:\/\/www.sanatlarandevu.com\/wp-content\/uploads\/2026\/01\/MoMu_Exhibitions_TheAntwerpSix_Teaserimage_NEW-300x190.jpg\" alt=\"\" width=\"300\" height=\"190\" srcset=\"https:\/\/www.sanatlarandevu.com\/wp-content\/uploads\/2026\/01\/MoMu_Exhibitions_TheAntwerpSix_Teaserimage_NEW-300x190.jpg 300w, https:\/\/www.sanatlarandevu.com\/wp-content\/uploads\/2026\/01\/MoMu_Exhibitions_TheAntwerpSix_Teaserimage_NEW-1024x648.jpg 1024w, https:\/\/www.sanatlarandevu.com\/wp-content\/uploads\/2026\/01\/MoMu_Exhibitions_TheAntwerpSix_Teaserimage_NEW-768x486.jpg 768w, https:\/\/www.sanatlarandevu.com\/wp-content\/uploads\/2026\/01\/MoMu_Exhibitions_TheAntwerpSix_Teaserimage_NEW-1536x972.jpg 1536w, https:\/\/www.sanatlarandevu.com\/wp-content\/uploads\/2026\/01\/MoMu_Exhibitions_TheAntwerpSix_Teaserimage_NEW-600x380.jpg 600w, https:\/\/www.sanatlarandevu.com\/wp-content\/uploads\/2026\/01\/MoMu_Exhibitions_TheAntwerpSix_Teaserimage_NEW.jpg 1680w\" sizes=\"auto, (max-width: 300px) 100vw, 300px\" \/><\/p>\n<p class=\"p1\">\u2e3b<\/p>\n<p class=\"p1\">\ud83d\uddfd<b> Costume Art \u2013 The Met Costume Institute<\/b><b><\/b><\/p>\n<p class=\"p1\">\ud83d\udccd <i>Metropolitan Museum of Art, New York<\/i><i><\/i><\/p>\n<p class=\"p1\">\ud83d\udcc6 <b>10 May\u0131s 2026 \u2013 10 Ocak 2027<\/b><b><\/b><\/p>\n<p class=\"p1\">New York\u2019un Met Gala temal\u0131 sergileri moda d\u00fcnyas\u0131n\u0131n en \u00e7ok beklenen etkinliklerinden biri.<\/p>\n<p class=\"p1\">2026 temas\u0131 \u201cCostume Art\u201d \u2014 giysi tasar\u0131m\u0131n\u0131 heykel, \u00e7izim, resim ve zanaatla ayn\u0131 sanatsal d\u00fczleme ta\u015f\u0131yor.<\/p>\n<p class=\"p1\">5 bin y\u0131ll\u0131k giyim tarihinden \u00f6rnekler modern, deneysel couture ile bulu\u015fturularak moda disiplininin k\u00fclt\u00fcrel g\u00fcc\u00fc tart\u0131\u015f\u0131l\u0131yor.<\/p>\n<p>(Cover photo)<\/p>\n<p class=\"p1\">\u2e3b<\/p>\n<p class=\"p1\">\ud83c\udfaf<b> Sonu\u00e7: 2026 Moda \u0130\u00e7in Bir M\u00fczik Y\u0131l\u0131<\/b><b><\/b><\/p>\n<p class=\"p1\">Londra\u2019dan New York\u2019a, Antwerp\u2019ten Dundee\u2019ye uzanan bu sergiler; modan\u0131n g\u00fcndelik t\u00fcketim al\u0131\u015fkanl\u0131\u011f\u0131n\u0131n \u00f6tesinde d\u00fc\u015f\u00fcnsel, estetik ve tarihsel bir alan oldu\u011funu kan\u0131tl\u0131yor.<\/p>\n<p class=\"p1\">2026, moda merakl\u0131lar\u0131, sanat tutkunu gezginler ve kreatif ruhlar i\u00e7in benzersiz bir y\u0131l olmaya haz\u0131rlan\u0131yor.<\/p>\n<p class=\"p1\">Sizce hangisi hikayesiyle daha \u00e7ok \u00e7ekiyor?<\/p>\n<p class=\"p1\">Bizi takipte kal\u0131n \u2014 Sanatla Randevu size m\u00fczelerin kap\u0131lar\u0131n\u0131 a\u00e7maya devam edecek.<\/p>\n","protected":false},"excerpt":{"rendered":"<p>Bu y\u0131l moda, yaln\u0131zca giydi\u011fimiz \u015feylere dair de\u011fil. 2026\u2019n\u0131n uluslararas\u0131 m\u00fcze takvimi g\u00f6steriyor ki k\u0131yafetler, kuma\u015flar ve siluetler; kimli\u011fin, tarihin ve k\u00fclt\u00fcr \u00fcretiminin en g\u00fc\u00e7l\u00fc anlat\u0131c\u0131lar\u0131 haline geliyor. Sanatla Randevu olarak d\u00fcnya sahnesinde iz b\u0131rakacak be\u015f dev moda sergisini sizin i\u00e7in se\u00e7tik. \u2e3b \ud83d\udc57 Schiaparelli: Fashion Becomes Art \ud83d\udccd Victoria &amp; Albert Museum, Londra \ud83d\udcc6 [&hellip;]<\/p>\n","protected":false},"author":4,"featured_media":9867,"comment_status":"open","ping_status":"open","sticky":false,"template":"","format":"standard","meta":{"footnotes":""},"categories":[100,101],"tags":[],"class_list":["post-9862","post","type-post","status-publish","format-standard","has-post-thumbnail","hentry","category-dunyadan","category-sanata-dair"],"_links":{"self":[{"href":"https:\/\/www.sanatlarandevu.com\/index.php?rest_route=\/wp\/v2\/posts\/9862","targetHints":{"allow":["GET"]}}],"collection":[{"href":"https:\/\/www.sanatlarandevu.com\/index.php?rest_route=\/wp\/v2\/posts"}],"about":[{"href":"https:\/\/www.sanatlarandevu.com\/index.php?rest_route=\/wp\/v2\/types\/post"}],"author":[{"embeddable":true,"href":"https:\/\/www.sanatlarandevu.com\/index.php?rest_route=\/wp\/v2\/users\/4"}],"replies":[{"embeddable":true,"href":"https:\/\/www.sanatlarandevu.com\/index.php?rest_route=%2Fwp%2Fv2%2Fcomments&post=9862"}],"version-history":[{"count":3,"href":"https:\/\/www.sanatlarandevu.com\/index.php?rest_route=\/wp\/v2\/posts\/9862\/revisions"}],"predecessor-version":[{"id":9870,"href":"https:\/\/www.sanatlarandevu.com\/index.php?rest_route=\/wp\/v2\/posts\/9862\/revisions\/9870"}],"wp:featuredmedia":[{"embeddable":true,"href":"https:\/\/www.sanatlarandevu.com\/index.php?rest_route=\/wp\/v2\/media\/9867"}],"wp:attachment":[{"href":"https:\/\/www.sanatlarandevu.com\/index.php?rest_route=%2Fwp%2Fv2%2Fmedia&parent=9862"}],"wp:term":[{"taxonomy":"category","embeddable":true,"href":"https:\/\/www.sanatlarandevu.com\/index.php?rest_route=%2Fwp%2Fv2%2Fcategories&post=9862"},{"taxonomy":"post_tag","embeddable":true,"href":"https:\/\/www.sanatlarandevu.com\/index.php?rest_route=%2Fwp%2Fv2%2Ftags&post=9862"}],"curies":[{"name":"wp","href":"https:\/\/api.w.org\/{rel}","templated":true}]}}